{"id":277696,"date":"2025-07-27T16:05:11","date_gmt":"2025-07-27T16:05:11","guid":{"rendered":"https:\/\/www.europesays.com\/fr\/277696\/"},"modified":"2025-07-27T16:05:11","modified_gmt":"2025-07-27T16:05:11","slug":"un-papillon-nuisible-inquiete-en-allemagne","status":"publish","type":"post","link":"https:\/\/www.europesays.com\/fr\/277696\/","title":{"rendered":"Un papillon nuisible inqui\u00e8te en Allemagne"},"content":{"rendered":"<p><strong>Le papillon migrateur \u201cHelicoverpa armigera\u201d, connu sous le nom de noctuelle de la tomate ou ver de la capsule, progresse vers l\u2019Allemagne et repr\u00e9sente une menace pour les cultures agricoles, ont alert\u00e9 des experts cit\u00e9s par plusieurs m\u00e9dias.<\/strong><\/p>\n<p>Selon les sp\u00e9cialistes, cet insecte, d\u00e9j\u00e0 observ\u00e9 dans plusieurs r\u00e9gions du pays, menace plus d&rsquo;une centaine de cultures, dont les haricots, pois, tomates, poivrons, ma\u00efs doux et l\u00e9gumes-feuilles.<\/p>\n<p>D\u2019apr\u00e8s Olaf Zimmermann, expert au Centre technologique agricole (LTZ), des sp\u00e9cimens ont d\u00e9j\u00e0 \u00e9t\u00e9 rep\u00e9r\u00e9s dans des cultures jusqu\u2019\u00e0 Hanovre et Berlin, dans le nord de l\u2019Allemagne.<\/p>\n<p>\u201cLes d\u00e9g\u00e2ts caus\u00e9s par Helicoverpa armigera sont plus importants que ceux du scarab\u00e9e japonais, qui touche surtout les vignes et les vergers\u201d, a-t-il expliqu\u00e9, pr\u00e9cisant que \u201cle ver de la capsule s\u2019en prend aussi aux grandes cultures comme le ma\u00efs et les l\u00e9gumes\u201d.<\/p>\n<p>Toutefois, le sp\u00e9cialiste souligne que ce papillon, actif la nuit et capable de parcourir jusqu\u2019\u00e0 1.000 kilom\u00e8tres, \u201cne passe pas encore l\u2019hiver en Allemagne, mais il y a des arriv\u00e9es chaque ann\u00e9e. La question n\u2019est pas de savoir s\u2019il viendra durablement, mais quand\u201d.<\/p>\n<p>Cit\u00e9 par la presse, Cornelia Sauer, du centre de comp\u00e9tences suisse pour la recherche agricole, rappelle que ce ravageur tropical est d\u00e9j\u00e0 signal\u00e9 en Suisse, o\u00f9 les autorit\u00e9s ont mis en place en 2024 un r\u00e9seau de surveillance. Fin juin 2025, ce dispositif avait captur\u00e9 plus de sp\u00e9cimens qu\u2019\u00e0 la m\u00eame p\u00e9riode de l\u2019ann\u00e9e pr\u00e9c\u00e9dente.<\/p>\n<p>Elle indique que la Suisse a pu retracer, gr\u00e2ce au monitoring, des arriv\u00e9es de papillons en provenance du sud, de l\u2019ouest et de l\u2019est. Les pi\u00e8ges permettent de d\u00e9tecter rapidement leur pr\u00e9sence et d\u2019intervenir avec des insecticides cibl\u00e9s pour pr\u00e9server les r\u00e9coltes.<\/p>\n<p>Selon les experts, le changement climatique favorise l\u2019expansion de l\u2019esp\u00e8ce vers le nord, comme observ\u00e9 avec d\u2019autres nuisibles.<\/p>\n<p>Capable de pondre plus de 2.000 \u0153ufs, cet insecte qui hiverne d\u00e9j\u00e0 en Hongrie s\u2019attaque aux gousses, fruits et l\u00e9gumes-feuilles, o\u00f9 il provoque morsures, perforations et excr\u00e9ments, et alt\u00e8re ainsi la qualit\u00e9 des r\u00e9coltes.<\/p>\n<p>En Allemagne, les sp\u00e9cialistes estiment qu\u2019une intervention reste possible dans les deux \u00e0 trois semaines suivant la d\u00e9tection des premiers sp\u00e9cimens. Ils plaident donc pour la mise en place d\u2019un syst\u00e8me de surveillance, malgr\u00e9 son co\u00fbt et les moyens qu\u2019il exige, afin d\u2019\u00e9viter des actions tardives et inefficaces.<br \/>\u00a0<\/p>\n","protected":false},"excerpt":{"rendered":"Le papillon migrateur \u201cHelicoverpa armigera\u201d, connu sous le nom de noctuelle de la tomate ou ver de la&hellip;\n","protected":false},"author":2,"featured_media":277697,"comment_status":"","ping_status":"","sticky":false,"template":"","format":"standard","meta":{"footnotes":""},"categories":[1587],"tags":[11,672,1804,1805,1803,1777,674,1801,41698,12,1802],"class_list":{"0":"post-277696","1":"post","2":"type-post","3":"status-publish","4":"format-standard","5":"has-post-thumbnail","7":"category-allemagne","8":"tag-actualites","9":"tag-allemagne","10":"tag-bundesrepublik-deutschland","11":"tag-de","12":"tag-deutschland","13":"tag-eu","14":"tag-europe","15":"tag-germany","16":"tag-helicoverpa-armigera","17":"tag-news","18":"tag-republique-federale-dallemagne"},"share_on_mastodon":{"url":"https:\/\/pubeurope.com\/@fr\/114926054672641936","error":""},"_links":{"self":[{"href":"https:\/\/www.europesays.com\/fr\/wp-json\/wp\/v2\/posts\/277696","targetHints":{"allow":["GET"]}}],"collection":[{"href":"https:\/\/www.europesays.com\/fr\/wp-json\/wp\/v2\/posts"}],"about":[{"href":"https:\/\/www.europesays.com\/fr\/wp-json\/wp\/v2\/types\/post"}],"author":[{"embeddable":true,"href":"https:\/\/www.europesays.com\/fr\/wp-json\/wp\/v2\/users\/2"}],"replies":[{"embeddable":true,"href":"https:\/\/www.europesays.com\/fr\/wp-json\/wp\/v2\/comments?post=277696"}],"version-history":[{"count":0,"href":"https:\/\/www.europesays.com\/fr\/wp-json\/wp\/v2\/posts\/277696\/revisions"}],"wp:featuredmedia":[{"embeddable":true,"href":"https:\/\/www.europesays.com\/fr\/wp-json\/wp\/v2\/media\/277697"}],"wp:attachment":[{"href":"https:\/\/www.europesays.com\/fr\/wp-json\/wp\/v2\/media?parent=277696"}],"wp:term":[{"taxonomy":"category","embeddable":true,"href":"https:\/\/www.europesays.com\/fr\/wp-json\/wp\/v2\/categories?post=277696"},{"taxonomy":"post_tag","embeddable":true,"href":"https:\/\/www.europesays.com\/fr\/wp-json\/wp\/v2\/tags?post=277696"}],"curies":[{"name":"wp","href":"https:\/\/api.w.org\/{rel}","templated":true}]}}