{"id":277700,"date":"2025-07-27T16:07:18","date_gmt":"2025-07-27T16:07:18","guid":{"rendered":"https:\/\/www.europesays.com\/fr\/277700\/"},"modified":"2025-07-27T16:07:18","modified_gmt":"2025-07-27T16:07:18","slug":"transformation-de-lue-en-une-sorte-de-fmi-le-futur-budget-europeen-ne-convainc-personne","status":"publish","type":"post","link":"https:\/\/www.europesays.com\/fr\/277700\/","title":{"rendered":"\u00ab\u00a0Transformation de l\u2019UE en une sorte de FMI\u00a0\u00bb\u00a0: le futur budget europ\u00e9en ne convainc personne"},"content":{"rendered":"<p>L\u2019Union europ\u00e9enne a une capacit\u00e9 assez fascinante \u00e0 draper son travail dans des termes technocratiques et des acronymes obscurs. Son budget sur sept\u00a0ans ne s\u2019appelle pas budget mais \u00ab\u00a0cadre financier pluriannuel\u00a0\u00bb\u00a0(CFP).<\/p>\n<p>Un peu plus de deux ans avant le d\u00e9but du prochain cycle\u00a0(2028-2034), Ursula von der Leyen a pr\u00e9sent\u00e9 le 16 juillet un premier plan de budget qui doit \u00eatre discut\u00e9 entre la Commission europ\u00e9enne\u00a0\u2013\u00a0 dont elle est la pr\u00e9sidente\u00a0\u2013, les Etats membres et le Parlement.<\/p>\n<p>Petite r\u00e9volution, elle propose de revoir profond\u00e9ment l\u2019architecture du CFP et l\u2019allocation des enveloppes, ce qui fait grincer des dents au Parlement et dans les capitales. Derri\u00e8re les termes techniques, d\u00e9cryptage des enjeux tr\u00e8s politiques de sa proposition en cinq points.<\/p>\n<p>1\/ Un montant global qui ne met personne d\u2019accord<\/p>\n<p>La pr\u00e9sidente de la Commission a annonc\u00e9 fi\u00e8rement un budget global de pr\u00e8s de 2\u00a0000\u00a0milliards d\u2019euros sur sept\u00a0ans, soit 1,26\u00a0% du revenu national brut\u00a0(RNB) de l\u2019UE en moyenne entre 2028 et 2034. \u00ab\u00a0C\u2019est le plus grand budget jamais propos\u00e9\u00a0\u00bb, insiste une fonctionnaire de la Commission. Mais si l\u2019on retranche les 0,11\u00a0% qui correspondent au remboursement du plan de relance post-Covid, le montant tombe \u00e0 1,15\u00a0% du RNB, en tr\u00e8s faible hausse par rapport au budget pr\u00e9c\u00e9dent 2021-2027 qui s\u2019\u00e9tait \u00e9lev\u00e9 \u00e0 1,13\u00a0% du RNB.<\/p>\n<p>\u00ab\u00a0Quelle que soit la mani\u00e8re dont on tente de pr\u00e9senter les choses, on se retrouve avec un gel des investissements et des d\u00e9penses en termes r\u00e9els, plus le remboursement des emprunts de NextGenerationEU\u00a0\u00bb, critiquent les deux corapporteurs du Parlement europ\u00e9en sur le budget, qui consid\u00e8rent que le montant propos\u00e9 n\u2019est pas \u00e0 la hauteur. A contrario, les gouvernements allemands, n\u00e9erlandais ou encore autrichiens jugent que le montant est bien trop \u00e9lev\u00e9.<\/p>\n<blockquote>\n<p>\u00ab\u00a0La taille du budget est cons\u00e9quente, juge de son c\u00f4t\u00e9 Eulalia Rubio, chercheuse en charge des affaires \u00e9conomiques \u00e0 l\u2019Institut Jacques-Delors. Compte tenu de la pression mise par certains Etats contre toute augmentation du budget, c\u2019est le maximum que la Commission pouvait proposer.\u00a0\u00bb<\/p>\n<\/blockquote>\n<p>Pour financer ce nouveau CFP, Ursula von der Leyen propose de maintenir les contributions des Etats membres \u00e0 leur niveau de 2027 et donc d\u2019aller chercher de nouvelles ressources propres via la cr\u00e9ation d\u2019une taxe sur les d\u00e9chets \u00e9lectroniques non-collect\u00e9s, un ajustement de la taxe carbone aux fronti\u00e8res et du march\u00e9 des cr\u00e9dits carbone, un pr\u00e9l\u00e8vement des taxes nationales sur le tabac ou encore une contribution forfaitaire annuelle sur les grandes entreprises (r\u00e9alisant plus de 100\u00a0millions de chiffre d\u2019affaires annuel).<\/p>\n<p>2\/ La nouvelle architecture du CFP vilipend\u00e9e par le Parlement europ\u00e9en<\/p>\n<p>La Commission souhaite regrouper le budget dans trois nouvelles rubriques aux enveloppes\u00a0XXL. La premi\u00e8re, les \u00ab\u00a0plans de partenariat nationaux et r\u00e9gionaux\u00a0\u00bb fusionnent la politique agricole commune\u00a0(PAC), la politique de coh\u00e9sion r\u00e9gionale, la p\u00eache, la politique de migration et de s\u00e9curit\u00e9, ou encore le fonds social pour le climat, ce qui repr\u00e9sente au total 44\u00a0% du budget global.<\/p>\n<p>La deuxi\u00e8me rubrique rassemble les fonds pour la comp\u00e9titivit\u00e9 (y compris Horizon Europe), Erasmus, et les programmes \u00ab\u00a0Autres\u00a0\u00bb comme la protection civile, la justice, Euratom. La troisi\u00e8me rubrique concerne la politique \u00e9trang\u00e8re et de voisinage de l\u2019UE.<\/p>\n<p>Ursula von der Leyen a d\u00e9fendu une architecture plus flexible, plus simple et rationnalis\u00e9e (qui passe de 52 \u00e0 16\u00a0programmes). Cela ne convainc pas le Parlement europ\u00e9en, qui <a href=\"https:\/\/www.europarl.europa.eu\/news\/fr\/press-room\/20250714IPR29630\/la-proposition-de-budget-ne-suffit-tout-simplement-pas-affirment-les-deputes\" rel=\"nofollow noopener\" target=\"_blank\">a redit sa \u00ab\u00a0vive pr\u00e9occupation\u00a0\u00bb<\/a>.<\/p>\n<p>\u00ab\u00a0Nous n\u2019approuverons pas un budget qui favorise des plans nationaux fragment\u00e9s, sans lien avec les objectifs europ\u00e9ens\u00a0\u00bb, a d\u00e9clar\u00e9 Siegfried Mure\u0219an, corapporteur pour le PPE\u00a0(droite).<\/p>\n<p>Les Verts sont tout aussi critiques\u00a0du dispositif\u00a0:<\/p>\n<blockquote>\n<p>\u00ab\u00a0On assiste \u00e0 une nationalisation du budget europ\u00e9en. Chaque pays discutera de sa r\u00e9partition nationale des fonds avec la Commission, effa\u00e7ant ainsi toute strat\u00e9gie budg\u00e9taire europ\u00e9enne int\u00e9gr\u00e9e. Au passage, on assiste \u00e0 une concentration technocratique des pouvoirs dans les mains de la Commission\u00a0\u00bb, cingle David Cormand, \u00e9lu \u00e9cologiste.<\/p>\n<\/blockquote>\n<p>Les eurod\u00e9put\u00e9s de droite comme de gauche d\u00e9noncent l\u2019opacit\u00e9 de ces trois grosses enveloppes, qui m\u00e9langent un grand nombre de programmes auparavant distincts, et craignent que le contr\u00f4le budg\u00e9taire du Parlement soit rendu impossible.<\/p>\n<p>3\/ L\u2019UE met le paquet sur la d\u00e9fense, la comp\u00e9titivit\u00e9 et la lutte contre l\u2019immigration<\/p>\n<p>Grand gagnant des arbitrages de la Commission, le Fonds europ\u00e9en pour la comp\u00e9titivit\u00e9 est gonfl\u00e9 \u00e0 451\u00a0milliards d\u2019euros. Il rassemble le programme Horizon Europe de soutien \u00e0 la recherche et \u00e0 l\u2019innovation, les financements pour l\u2019industrie de d\u00e9fense et de l\u2019espace, le fonds de transition num\u00e9rique, celui de la transition propre ou encore celui de la sant\u00e9 et des biotechs. Toutes ces enveloppes sont multipli\u00e9es par deux ou par\u00a0cinq.<\/p>\n<p>St\u00e9phane S\u00e9journ\u00e9, le tr\u00e8s discret commissaire fran\u00e7ais charg\u00e9 de la prosp\u00e9rit\u00e9 et de la strat\u00e9gie industrielle, <a href=\"https:\/\/x.com\/steph_sejourne\/status\/1945525243059040533\" rel=\"nofollow\">s\u2019est f\u00e9licit\u00e9 de cette orientation\u00a0sur X\u00a0<\/a>: \u00ab\u00a0Une force de frappe et d\u2019investissements dans les secteurs strat\u00e9giques. Un v\u00e9ritable \u00ab\u00a0fonds Draghi\u00a0\u00bb\u00a0\u00bb, en r\u00e9f\u00e9rence au rapport de l\u2019ancien pr\u00e9sident de BCE, qui recommande 800\u00a0milliards d\u2019investissements par an pour la transition verte et digitale.<\/p>\n<p>Sur le volet \u00ab\u00a0Migration et s\u00e9curit\u00e9\u00a0\u00bb, les agences Frontex et Europol voient leur budget multipli\u00e9 par deux, tandis que les fonds pour l\u2019asile, pour la gestion des fronti\u00e8res ou la s\u00e9curit\u00e9 int\u00e9rieure sont multipli\u00e9s par trois.<\/p>\n<blockquote>\n<p>\u00ab\u00a0Le budget repr\u00e9sente les priorit\u00e9s de l\u2019UE fix\u00e9es par les Etats membres. Ce n\u2019est donc pas surprenant de voir le financement de ces trois\u00a0axes augmenter. L\u2019avantage de ce CFP est n\u00e9anmoins de laisser de la flexibilit\u00e9 pour pouvoir adapter le budget en cas d\u2019\u00e9volution des priorit\u00e9s sur les sept\u00a0ann\u00e9es\u00a0\u00bb, signale Eulalia Rubio.<\/p>\n<\/blockquote>\n<p>4\/ La PAC et les fonds de coh\u00e9sion perdent du terrain<\/p>\n<p>A l\u2019inverse, la politique agricole commune perd plus de 20\u00a0% de budget, passant de 387\u00a0milliards \u00e0 un peu moins de 300\u00a0milliards d\u2019euros (en euros courants, donc sans prendre en compte l\u2019inflation). Ce qui a sans surprise provoqu\u00e9 la col\u00e8re des repr\u00e9sentants agricoles. La Commission se d\u00e9fend\u00a0:<\/p>\n<blockquote>\n<p>\u00ab\u00a0Les 294\u00a0milliards d\u2019euros sont un minimum qui correspond aux aides directes aux agriculteurs, que nous avons sanctuaris\u00e9es. Les Etats membres peuvent, dans leur plan de partenariat national, aller chercher d\u2019autres sources de financement qui ne sont pas directement fl\u00e9ch\u00e9es pour l\u2019agriculture.\u00a0\u00bb<\/p>\n<\/blockquote>\n<p>Autre grande politique historique de l\u2019UE, la politique de coh\u00e9sion, visant \u00e0 r\u00e9duire les disparit\u00e9s de d\u00e9veloppement r\u00e9gional et qui repr\u00e9sentait jusque-l\u00e0 un tiers du budget de l\u2019UE, figure parmi les perdantes. Difficile de chiffrer pr\u00e9cis\u00e9ment la r\u00e9duction, car l\u2019architecture est tellement remani\u00e9e que l\u2019on peine \u00e0 faire correspondre les annonces avec les programmes historiques.<\/p>\n<p>Seul le budget pour les r\u00e9gions moins d\u00e9velopp\u00e9es est clairement sanctuaris\u00e9, \u00e0 hauteur de 218\u00a0milliards en euros de 2025, en recul par rapport \u00e0 l\u2019enveloppe pr\u00e9c\u00e9dente quand on prend en compte l\u2019inflation (<a href=\"https:\/\/www.europarl.europa.eu\/factsheets\/fr\/sheet\/93\/cohesion-economique-sociale-et-territoriale\" rel=\"nofollow noopener\" target=\"_blank\">202\u00a0milliards en prix de 2018<\/a>). Le reste sera essentiellement aux mains des Etats et de leur plan de partenariat.<\/p>\n<p>\u00ab\u00a0Il est n\u00e9cessaire de r\u00e9\u00e9quilibrer les budgets, justifie Eulalia Rubio, de l\u2019Institut Jacques-Delors. Mais pour ce qui est de la politique de coh\u00e9sion, j\u2019ai le sentiment que le changement de gouvernance, le fait de donner plus de pouvoir \u00e0 l\u2019Etat central plut\u00f4t qu\u2019aux r\u00e9gions, risque d\u2019\u00eatre trop brutal et peu efficace.\u00a0\u00bb<\/p>\n<p>Au Parlement europ\u00e9en, David Cormand va plus loin\u00a0:<\/p>\n<blockquote>\n<p>\u00ab\u00a0Je ne crois pas que baisser les fonds pour l\u2019agriculture et la coh\u00e9sion permette de r\u00e9sister aux tensions g\u00e9opolitiques. Pour se d\u00e9fendre contre les menaces, se limiter \u00e0 l\u2019achat d\u2019armements est contreproductif, il faut aussi prendre en compte la s\u00e9curit\u00e9 alimentaire et climatique.\u00a0\u00bb<\/p>\n<\/blockquote>\n<p>5\/ Les r\u00e8gles de conditionnalit\u00e9 en question<\/p>\n<p>Les plans nationaux seront assortis d\u2019un certain nombre d\u2019objectifs, d\u2019indicateurs de performance et de conditions, dont le respect de l\u2019Etat de droit. Ce mode de fonctionnement est critiqu\u00e9 au Parlement. Le groupe de la Gauche (o\u00f9 si\u00e8ge la France insoumise) \u00ab\u00a0s\u2019oppose \u00e0 ce que le versement des fonds soit li\u00e9 \u00e0 la mise en \u0153uvre des r\u00e9formes, notamment dans le cadre du Semestre europ\u00e9en, ce qui ferait des mesures d\u2019aust\u00e9rit\u00e9 une condition d\u2019obtention des financements de l\u2019UE\u00a0\u00bb.<\/p>\n<p>\u00ab\u00a0On assiste \u00e0 la mutation de politiques publiques europ\u00e9ennes en un fonds de dotation aux mains de la Commission, qui pourra contraindre les Etats membres \u00e0 faire des r\u00e9formes structurelles et, par exemple, leur demander plus de lib\u00e9ralisation. C\u2019est la transformation de l\u2019UE en une sorte de FMI, c\u2019est tr\u00e8s inqui\u00e9tant\u00a0\u00bb, estime David Cormand.<\/p>\n<p>L\u2019eurod\u00e9put\u00e9 insiste\u00a0: \u00ab\u00a0Le projet de von der Leyen donne des gages aux Etats membres les plus nationalistes, tout en s\u2019accaparant toujours plus de pouvoirs, dans une grande r\u00e9gression d\u00e9mocratique.\u00a0\u00bb<\/p>\n<p>A Bruxelles, les deux ann\u00e9es et demie de discussions budg\u00e9taires qui se profilent risquent d\u2019\u00eatre houleuses.<\/p>\n","protected":false},"excerpt":{"rendered":"L\u2019Union europ\u00e9enne a une capacit\u00e9 assez fascinante \u00e0 draper son travail dans des termes technocratiques et des acronymes&hellip;\n","protected":false},"author":2,"featured_media":277701,"comment_status":"","ping_status":"","sticky":false,"template":"","format":"standard","meta":{"footnotes":""},"categories":[1586],"tags":[11,1777,674,1779,1011,27,12,25,1778,364],"class_list":{"0":"post-277700","1":"post","2":"type-post","3":"status-publish","4":"format-standard","5":"has-post-thumbnail","7":"category-europe","8":"tag-actualites","9":"tag-eu","10":"tag-europe","11":"tag-european-union","12":"tag-fr","13":"tag-france","14":"tag-news","15":"tag-republique-francaise","16":"tag-ue","17":"tag-union-europeenne"},"share_on_mastodon":{"url":"https:\/\/pubeurope.com\/@fr\/114926062460063031","error":""},"_links":{"self":[{"href":"https:\/\/www.europesays.com\/fr\/wp-json\/wp\/v2\/posts\/277700","targetHints":{"allow":["GET"]}}],"collection":[{"href":"https:\/\/www.europesays.com\/fr\/wp-json\/wp\/v2\/posts"}],"about":[{"href":"https:\/\/www.europesays.com\/fr\/wp-json\/wp\/v2\/types\/post"}],"author":[{"embeddable":true,"href":"https:\/\/www.europesays.com\/fr\/wp-json\/wp\/v2\/users\/2"}],"replies":[{"embeddable":true,"href":"https:\/\/www.europesays.com\/fr\/wp-json\/wp\/v2\/comments?post=277700"}],"version-history":[{"count":0,"href":"https:\/\/www.europesays.com\/fr\/wp-json\/wp\/v2\/posts\/277700\/revisions"}],"wp:featuredmedia":[{"embeddable":true,"href":"https:\/\/www.europesays.com\/fr\/wp-json\/wp\/v2\/media\/277701"}],"wp:attachment":[{"href":"https:\/\/www.europesays.com\/fr\/wp-json\/wp\/v2\/media?parent=277700"}],"wp:term":[{"taxonomy":"category","embeddable":true,"href":"https:\/\/www.europesays.com\/fr\/wp-json\/wp\/v2\/categories?post=277700"},{"taxonomy":"post_tag","embeddable":true,"href":"https:\/\/www.europesays.com\/fr\/wp-json\/wp\/v2\/tags?post=277700"}],"curies":[{"name":"wp","href":"https:\/\/api.w.org\/{rel}","templated":true}]}}