{"id":277710,"date":"2025-07-27T16:13:10","date_gmt":"2025-07-27T16:13:10","guid":{"rendered":"https:\/\/www.europesays.com\/fr\/277710\/"},"modified":"2025-07-27T16:13:10","modified_gmt":"2025-07-27T16:13:10","slug":"ce-joueur-de-lusap-va-t-il-devoir-tirer-un-trait-sur-le-top-14-pour-se-consacrer-aux-jeux-olympiques","status":"publish","type":"post","link":"https:\/\/www.europesays.com\/fr\/277710\/","title":{"rendered":"Ce joueur de l\u2019USAP va-t-il devoir tirer un trait sur le Top 14 pour se consacrer aux Jeux Olympiques ?"},"content":{"rendered":"<p>Il y a un an, l\u2019\u00e9quipe de France de rugby \u00e0 VII remportait les Jeux Olympiques de Paris.<\/p>\n<p>L\u2019international fran\u00e7ais Jefferson-Lee Joseph a particip\u00e9 \u00e0 ce sacre Olympique.<\/p>\n<p><strong>Interrog\u00e9 via <a href=\"https:\/\/www.ladepeche.fr\/2025\/07\/27\/rugby-a-7-jai-envie-jefferson-lee-joseph-ailier-de-perpignan-pense-deja-aux-jo-de-los-angeles-en-2028-avec-la-france-12846168.php\" rel=\"nofollow noopener\" target=\"_blank\">La D\u00e9p\u00eache<\/a>, ce-dernier a expliqu\u00e9 avoir envie de participer aux prochains Jeux Olympiques, qui auront lieu \u00e0 Los Angeles en 2028 :\u00a0<\/strong><\/p>\n<p>\u00ab Oui, j\u2019ai quand m\u00eame envie d\u2019y aller. \u00bb<\/p>\n<p><strong>Li\u00e9 avec l\u2019USAP jusqu\u2019au mois de juin 2028, il ne sait pas s\u2019il pourra se consacrer pleinement au rugby \u00e0 VII d\u2019ici les Jeux Olympiques. Extrait:<\/strong><\/p>\n<p> \u00ab On ne sait pas encore de quoi est fait l\u2019avenir. Je suis toujours un joueur de France 7. Mon projet \u00e0 terme ? Cela d\u00e9pendra. Ce n\u2019est pas moi qui prendrai les d\u00e9cisions\u2026 <\/p>\n<p>\u00a0Je voudrais vraiment avoir le meilleur projet, le meilleur compromis entre les deux pour que je puisse m\u2019\u00e9panouir, et, en plus de cela, remporter des titres. \u00bb<\/p>\n<p><strong>Alors, Top 14 ou Jeux Olympiques pour Jefferson-Lee Joseph ?<\/strong><\/p>\n","protected":false},"excerpt":{"rendered":"Il y a un an, l\u2019\u00e9quipe de France de rugby \u00e0 VII remportait les Jeux Olympiques de Paris.&hellip;\n","protected":false},"author":2,"featured_media":277711,"comment_status":"","ping_status":"","sticky":false,"template":"","format":"standard","meta":{"footnotes":""},"categories":[1416],"tags":[1011,27,479,1468,60],"class_list":{"0":"post-277710","1":"post","2":"type-post","3":"status-publish","4":"format-standard","5":"has-post-thumbnail","7":"category-rugby","8":"tag-fr","9":"tag-france","10":"tag-rugby","11":"tag-rugby-football","12":"tag-sports"},"share_on_mastodon":{"url":"https:\/\/pubeurope.com\/@fr\/114926085983779250","error":""},"_links":{"self":[{"href":"https:\/\/www.europesays.com\/fr\/wp-json\/wp\/v2\/posts\/277710","targetHints":{"allow":["GET"]}}],"collection":[{"href":"https:\/\/www.europesays.com\/fr\/wp-json\/wp\/v2\/posts"}],"about":[{"href":"https:\/\/www.europesays.com\/fr\/wp-json\/wp\/v2\/types\/post"}],"author":[{"embeddable":true,"href":"https:\/\/www.europesays.com\/fr\/wp-json\/wp\/v2\/users\/2"}],"replies":[{"embeddable":true,"href":"https:\/\/www.europesays.com\/fr\/wp-json\/wp\/v2\/comments?post=277710"}],"version-history":[{"count":0,"href":"https:\/\/www.europesays.com\/fr\/wp-json\/wp\/v2\/posts\/277710\/revisions"}],"wp:featuredmedia":[{"embeddable":true,"href":"https:\/\/www.europesays.com\/fr\/wp-json\/wp\/v2\/media\/277711"}],"wp:attachment":[{"href":"https:\/\/www.europesays.com\/fr\/wp-json\/wp\/v2\/media?parent=277710"}],"wp:term":[{"taxonomy":"category","embeddable":true,"href":"https:\/\/www.europesays.com\/fr\/wp-json\/wp\/v2\/categories?post=277710"},{"taxonomy":"post_tag","embeddable":true,"href":"https:\/\/www.europesays.com\/fr\/wp-json\/wp\/v2\/tags?post=277710"}],"curies":[{"name":"wp","href":"https:\/\/api.w.org\/{rel}","templated":true}]}}