{"id":277712,"date":"2025-07-27T16:14:10","date_gmt":"2025-07-27T16:14:10","guid":{"rendered":"https:\/\/www.europesays.com\/fr\/277712\/"},"modified":"2025-07-27T16:14:10","modified_gmt":"2025-07-27T16:14:10","slug":"insolite-videos-les-vacances-de-reve-de-novak-djokovic","status":"publish","type":"post","link":"https:\/\/www.europesays.com\/fr\/277712\/","title":{"rendered":"Insolite, Vid\u00e9os > Les vacances de r\u00eave de Novak Djokovic"},"content":{"rendered":"<p>Toujours en vacances du c\u00f4t\u00e9 de la Croatie o\u00f9 <a href=\"https:\/\/www.welovetennis.fr\/atp\/novak-djokovic-apercu-en-tres-bonne-compagnie-lors-de-ses-vacances-en-croatie\" data-wpel-link=\"internal\" target=\"_blank\" rel=\"noopener\">il a notam\u00adment \u00e9t\u00e9 vu en tr\u00e8s bonne compa\u00adgnie<\/a>, Novak Djokovic semble s\u2019\u00e9clater comme un petit fou alors qu\u2019il a \u00e9t\u00e9 film\u00e9 en train de tester un surf \u00e9lectrique.\u00a0<\/p>\n<p>Des vacances de r\u00eave qui pren\u00addront vite fin alors qu\u2019il est attendu sur les courts du Masters 1000 de Cincinnati dans moins de deux semaines.\u00a0<\/p>\n<p class=\"post-published-date\" style=\"color: silver; font-size: 75%; text-align: left;\">Publi\u00e9 le dimanche 27 juillet 2025 \u00e0 17:25<\/p>\n","protected":false},"excerpt":{"rendered":"Toujours en vacances du c\u00f4t\u00e9 de la Croatie o\u00f9 il a notam\u00adment \u00e9t\u00e9 vu en tr\u00e8s bonne compa\u00adgnie,&hellip;\n","protected":false},"author":2,"featured_media":277713,"comment_status":"","ping_status":"","sticky":false,"template":"","format":"standard","meta":{"footnotes":""},"categories":[1415],"tags":[105,1011,27,60,1467],"class_list":{"0":"post-277712","1":"post","2":"type-post","3":"status-publish","4":"format-standard","5":"has-post-thumbnail","7":"category-tennis","8":"tag-djokovic","9":"tag-fr","10":"tag-france","11":"tag-sports","12":"tag-tennis"},"share_on_mastodon":{"url":"https:\/\/pubeurope.com\/@fr\/114926089953472742","error":""},"_links":{"self":[{"href":"https:\/\/www.europesays.com\/fr\/wp-json\/wp\/v2\/posts\/277712","targetHints":{"allow":["GET"]}}],"collection":[{"href":"https:\/\/www.europesays.com\/fr\/wp-json\/wp\/v2\/posts"}],"about":[{"href":"https:\/\/www.europesays.com\/fr\/wp-json\/wp\/v2\/types\/post"}],"author":[{"embeddable":true,"href":"https:\/\/www.europesays.com\/fr\/wp-json\/wp\/v2\/users\/2"}],"replies":[{"embeddable":true,"href":"https:\/\/www.europesays.com\/fr\/wp-json\/wp\/v2\/comments?post=277712"}],"version-history":[{"count":0,"href":"https:\/\/www.europesays.com\/fr\/wp-json\/wp\/v2\/posts\/277712\/revisions"}],"wp:featuredmedia":[{"embeddable":true,"href":"https:\/\/www.europesays.com\/fr\/wp-json\/wp\/v2\/media\/277713"}],"wp:attachment":[{"href":"https:\/\/www.europesays.com\/fr\/wp-json\/wp\/v2\/media?parent=277712"}],"wp:term":[{"taxonomy":"category","embeddable":true,"href":"https:\/\/www.europesays.com\/fr\/wp-json\/wp\/v2\/categories?post=277712"},{"taxonomy":"post_tag","embeddable":true,"href":"https:\/\/www.europesays.com\/fr\/wp-json\/wp\/v2\/tags?post=277712"}],"curies":[{"name":"wp","href":"https:\/\/api.w.org\/{rel}","templated":true}]}}