{"id":277714,"date":"2025-07-27T16:15:21","date_gmt":"2025-07-27T16:15:21","guid":{"rendered":"https:\/\/www.europesays.com\/fr\/277714\/"},"modified":"2025-07-27T16:15:21","modified_gmt":"2025-07-27T16:15:21","slug":"les-rosters-des-equipes-de-france-devoiles","status":"publish","type":"post","link":"https:\/\/www.europesays.com\/fr\/277714\/","title":{"rendered":"les rosters des \u00c9quipes de France d\u00e9voil\u00e9s"},"content":{"rendered":"<p style=\"text-align:justify\"><strong>Dans une semaine tout pile d\u00e9butera la Coupe du Monde de 3\u00d73 \u00e0 Ulaanbaatar, un nom rigolo mais surtout un lieu qui respire le 3\u00d73, en Mongolie, sur les terres de quelques uns et quelques unes des meilleur(e)s joueur(se)s de la plan\u00e8te. Aujourd\u2019hui les s\u00e9lectionneurs tricolores ont d\u00e9voil\u00e9 le roster des deux \u00c9quipes de France, masculine et f\u00e9minine, qui se taperont pour une m\u00e9daille lors de cette Coupe du Monde, c\u2019est du classique, c\u2019est du solide.<\/strong><\/p>\n<p>Les fans de 3\u00d73 s\u2019en souviennent forc\u00e9ment, de cette Coupe du Monde exceptionnelle \u00e0 Anvers en 2022, \u00e0 l\u2019issue de laquelle les filles \u00e9taient devenues championnes du monde et les gar\u00e7ons m\u00e9daill\u00e9s de bronze. Un an plus tard l\u2019EDF f\u00e9minine n\u2019\u00e9tait pas pass\u00e9e tr\u00e8s loin du back-to-back et cette ann\u00e9e, encore plus que les autres, ce sont deux m\u00e9dailles \u2013 et si possible en or \u2013 que la France ira chercher \u00e0 la CDM.<\/p>\n<p>Pour cela, Karim Souchu et Fran\u00e7ois Brisson ont d\u00e9voil\u00e9 aujourd\u2019hui leur roster, roulement de tambour mais on vous rassure, pas de surprise, rien que des noms connus dans le bendo :<\/p>\n<p dir=\"ltr\" lang=\"fr\">La liste des \ud835\udc01\ud835\udc25\ud835\udc1e\ud835\udc2e\ud835\udc1e\ud835\udc2c \ud83c\uddeb\ud83c\uddf7 pour la Coupe du Monde 3\u00d73 ! \ud83c\udfc6\ud83c\udf0d<\/p>\n<p>Fran\u00e7ois Brisson a d\u00e9voil\u00e9 la liste des quatre joueuses qui repr\u00e9senteront la France du 23 au 29 juin \u00e0 Oulan-Bator (Mongolie).<\/p>\n<p>\ud83d\udcf2 + d\u2019infos sur <a href=\"https:\/\/t.co\/beGJHUzevr\" rel=\"nofollow\">https:\/\/t.co\/beGJHUzevr<\/a> <a href=\"https:\/\/t.co\/6JEuzTro5b\" rel=\"nofollow\">pic.twitter.com\/6JEuzTro5b<\/a><\/p>\n<p>\u2014 3\u00d73 FFBB (@3x3ffbb) <a href=\"https:\/\/twitter.com\/3x3ffbb\/status\/1934560333244596245?ref_src=twsrc%5Etfw\" rel=\"nofollow noopener\" target=\"_blank\">June 16, 2025<\/a><\/p>\n<p dir=\"ltr\" lang=\"fr\">La liste des \ud835\udc01\ud835\udc25\ud835\udc1e\ud835\udc2e\ud835\udc2c \ud83c\uddeb\ud83c\uddf7 pour la Coupe du Monde 3\u00d73 ! \ud83c\udfc6\ud83c\udf0d<\/p>\n<p>Karim Souchu a d\u00e9voil\u00e9 la liste des quatre joueurs qui repr\u00e9senteront la France du 23 au 29 juin \u00e0 Oulan-Bator (Mongolie).<\/p>\n<p>\ud83d\udcf2 + d\u2019infos sur <a href=\"https:\/\/t.co\/beGJHUzevr\" rel=\"nofollow\">https:\/\/t.co\/beGJHUzevr<\/a> <a href=\"https:\/\/t.co\/eHrF7kKOcF\" rel=\"nofollow\">pic.twitter.com\/eHrF7kKOcF<\/a><\/p>\n<p>\u2014 3\u00d73 FFBB (@3x3ffbb) <a href=\"https:\/\/twitter.com\/3x3ffbb\/status\/1934559829739307143?ref_src=twsrc%5Etfw\" rel=\"nofollow noopener\" target=\"_blank\">June 16, 2025<\/a><\/p>\n<p style=\"text-align:justify\">Chez les mecs ce sera donc, sans surprise, une \u00e9quipe 100% Stormers de Toulouse, avec la pr\u00e9sence de Rapha\u00ebl Wilson en lieu et place de Hugo Suhard, qui avait pourtant particip\u00e9 \u00e0 toutes les grosses comp\u00e9titions r\u00e9centes avec Franck Seguela, Jules Rambaut et Paul Djoko<\/p>\n<ul>\n<li>Groupe de l\u2019\u00c9quipe de France masculine : France, Autriche, Chine, Porto Rico, Canada<\/li>\n<\/ul>\n<p style=\"text-align:justify\">Chez les filles on note le retour en Bleue d\u2019Hortense Limouzin, championne du monde en 2022 et pr\u00e9sente lors des Jeux de Paris, elle qui vient de reprendre du service dans l\u2019\u00e9quipe de Bucarest. Elle sera accompagn\u00e9e par Marie Man\u00e9, MVP de la derni\u00e8re finale du World Tour, et le duo Camille Droguet \/ Marie Michelle Milapie, m\u00e9daill\u00e9es d\u2019argent lors de la Coupe D\u2019Europe l\u2019\u00e9t\u00e9 dernier avec Marie-Eve Paget et No\u00e9mie Brochant.<\/p>\n<ul>\n<li>Groupe de l\u2019\u00c9quipe de France f\u00e9minine : France, Canada, Hongrie, Autriche, Lettonie<\/li>\n<\/ul>\n<p style=\"text-align:justify\">Objectif pour les deux formations ? Allez chercher l\u2019or la semaine prochaine. Chez les gars le danger viendra une fois de plus des \u00c9tats-Unis, de Serbie, de Hollande ou de Lituanie, alors que chez les filles les Hollandaises envoient du sale depuis le d\u00e9but de saison et que les Chinoises et les Espagnoles ne viendront pas pour faire du tourisme.<\/p>\n<p style=\"text-align:justify\"><strong>Sortie de Finales NBA, la semaine de la Draft et juste avant la Free Agency ? Ne nous dites pas merci, on vient de trouver de quoi vous occuper la semaine prochaine !<\/strong><\/p>\n<p><script async src=\"https:\/\/platform.twitter.com\/widgets.js\" charset=\"utf-8\"><\/script><\/p>\n","protected":false},"excerpt":{"rendered":"Dans une semaine tout pile d\u00e9butera la Coupe du Monde de 3\u00d73 \u00e0 Ulaanbaatar, un nom rigolo mais&hellip;\n","protected":false},"author":2,"featured_media":277715,"comment_status":"","ping_status":"","sticky":false,"template":"","format":"standard","meta":{"footnotes":""},"categories":[1414],"tags":[1465,1464,1011,27,60],"class_list":{"0":"post-277714","1":"post","2":"type-post","3":"status-publish","4":"format-standard","5":"has-post-thumbnail","7":"category-basket","8":"tag-basket","9":"tag-basketball","10":"tag-fr","11":"tag-france","12":"tag-sports"},"share_on_mastodon":{"url":"https:\/\/pubeurope.com\/@fr\/114926093905455987","error":""},"_links":{"self":[{"href":"https:\/\/www.europesays.com\/fr\/wp-json\/wp\/v2\/posts\/277714","targetHints":{"allow":["GET"]}}],"collection":[{"href":"https:\/\/www.europesays.com\/fr\/wp-json\/wp\/v2\/posts"}],"about":[{"href":"https:\/\/www.europesays.com\/fr\/wp-json\/wp\/v2\/types\/post"}],"author":[{"embeddable":true,"href":"https:\/\/www.europesays.com\/fr\/wp-json\/wp\/v2\/users\/2"}],"replies":[{"embeddable":true,"href":"https:\/\/www.europesays.com\/fr\/wp-json\/wp\/v2\/comments?post=277714"}],"version-history":[{"count":0,"href":"https:\/\/www.europesays.com\/fr\/wp-json\/wp\/v2\/posts\/277714\/revisions"}],"wp:featuredmedia":[{"embeddable":true,"href":"https:\/\/www.europesays.com\/fr\/wp-json\/wp\/v2\/media\/277715"}],"wp:attachment":[{"href":"https:\/\/www.europesays.com\/fr\/wp-json\/wp\/v2\/media?parent=277714"}],"wp:term":[{"taxonomy":"category","embeddable":true,"href":"https:\/\/www.europesays.com\/fr\/wp-json\/wp\/v2\/categories?post=277714"},{"taxonomy":"post_tag","embeddable":true,"href":"https:\/\/www.europesays.com\/fr\/wp-json\/wp\/v2\/tags?post=277714"}],"curies":[{"name":"wp","href":"https:\/\/api.w.org\/{rel}","templated":true}]}}