{"id":277718,"date":"2025-07-27T16:17:16","date_gmt":"2025-07-27T16:17:16","guid":{"rendered":"https:\/\/www.europesays.com\/fr\/277718\/"},"modified":"2025-07-27T16:17:16","modified_gmt":"2025-07-27T16:17:16","slug":"leclerc-espere-bientot-mettre-la-pression-aux-mclaren","status":"publish","type":"post","link":"https:\/\/www.europesays.com\/fr\/277718\/","title":{"rendered":"Leclerc esp\u00e8re \u00ab\u00a0bient\u00f4t mettre la pression aux McLaren. \u00bb"},"content":{"rendered":"<p><strong><a href=\"https:\/\/www.autohebdo.fr\/pilote\/f1\/charles-leclerc\" data-internallinksmanager029f6b8e52c=\"5\" title=\"Charles Leclerc\" rel=\"nofollow noopener\" target=\"_blank\">Charles Leclerc<\/a> (<a href=\"https:\/\/www.autohebdo.fr\/actualites\/ecurie\/ferrari\" data-internallinksmanager029f6b8e52c=\"74\" title=\"Ferrari\" rel=\"nofollow noopener\" target=\"_blank\">Ferrari<\/a>), troisi\u00e8me \u00e0 l\u2019issue du Grand Prix de Belgique, au micro de la <a href=\"https:\/\/www.autohebdo.fr\/actualites\/f1\" data-internallinksmanager029f6b8e52c=\"1\" title=\"F1\" rel=\"nofollow noopener\" target=\"_blank\">F1<\/a> :<\/strong><\/p>\n<p>(\u00e0 propos de <a href=\"https:\/\/www.autohebdo.fr\/pilote\/f1\/max-verstappen\" data-internallinksmanager029f6b8e52c=\"2\" title=\"Max Verstappen\" rel=\"nofollow noopener\" target=\"_blank\">Verstappen<\/a> derri\u00e8re lui) \u00ab \u00c9videmment la pression est \u00e9lev\u00e9e, surtout dans ces conditions car d\u00e8s que vous \u00eates dix-quinze centim\u00e8tres en dehors de la bonne trajectoire la piste est humide ou grasse donc vous pouvez perdre la ligne et faire une tr\u00e8s grosse erreur. \u00c0 un moment j\u2019ai juste dit \u00e0 Bryan [Bozzi, son ing\u00e9nieur de course, Ndlr.] de me laisser tranquille. Il essaie bien s\u00fbr de me donner le plus d\u2019informations, parfois j\u2019en ai besoin, aujourd\u2019hui \u00e7a n\u2019\u00e9tait pas le cas et je lui ai fait savoir. \u00bb<\/p>\n<p>(\u00e0 propos des am\u00e9liorations et de Budapest) \u00ab\u00a0J\u2019esp\u00e8re [du mieux]. Honn\u00eatement, nous avons eu ce que nous attendions avec cette am\u00e9lioration et c\u2019est vraiment positif. Nous devons continuer de travailler pour comprendre comment maximiser le potentiel de cette nouvelle am\u00e9lioration, elle est encore plut\u00f4t r\u00e9cente. Mais c\u2019est un bon premier week-end, je suis content que l\u2019on soit sur le podium, on peut remercier toute l\u2019\u00e9quipe \u00e0 Maranello pour \u00e7a. On continue de travailler et avec un peu d\u2019espoir nous pourrons bient\u00f4t mettre la pression aux <a href=\"https:\/\/www.autohebdo.fr\/actualites\/ecurie\/mclaren\" data-internallinksmanager029f6b8e52c=\"76\" title=\"Ecurie F1 McLaren Racing\" rel=\"nofollow noopener\" target=\"_blank\">McLaren<\/a>.\u00a0\u00bb<\/p>\n<p><strong>\u00c0 LIRE AUSSI &gt; <a href=\"https:\/\/www.autohebdo.fr\/actualites\/f1\/neutralite-carbone-ou-en-est-la-formule-1-a-cinq-ans-de-son-objectif.html\" rel=\"nofollow noopener\" target=\"_blank\">Neutralit\u00e9 carbone : o\u00f9 en est la Formule 1 \u00e0 cinq ans de son objectif ?<\/a><\/strong><\/p>\n","protected":false},"excerpt":{"rendered":"Charles Leclerc (Ferrari), troisi\u00e8me \u00e0 l\u2019issue du Grand Prix de Belgique, au micro de la F1 : (\u00e0&hellip;\n","protected":false},"author":2,"featured_media":277719,"comment_status":"","ping_status":"","sticky":false,"template":"","format":"standard","meta":{"footnotes":""},"categories":[1412],"tags":[1451,1452,1453,1454,1455,1011,27,60],"class_list":{"0":"post-277718","1":"post","2":"type-post","3":"status-publish","4":"format-standard","5":"has-post-thumbnail","7":"category-f1","8":"tag-f1","9":"tag-formula-1","10":"tag-formula1","11":"tag-formule-1","12":"tag-formule1","13":"tag-fr","14":"tag-france","15":"tag-sports"},"share_on_mastodon":{"url":"https:\/\/pubeurope.com\/@fr\/114926101760298003","error":""},"_links":{"self":[{"href":"https:\/\/www.europesays.com\/fr\/wp-json\/wp\/v2\/posts\/277718","targetHints":{"allow":["GET"]}}],"collection":[{"href":"https:\/\/www.europesays.com\/fr\/wp-json\/wp\/v2\/posts"}],"about":[{"href":"https:\/\/www.europesays.com\/fr\/wp-json\/wp\/v2\/types\/post"}],"author":[{"embeddable":true,"href":"https:\/\/www.europesays.com\/fr\/wp-json\/wp\/v2\/users\/2"}],"replies":[{"embeddable":true,"href":"https:\/\/www.europesays.com\/fr\/wp-json\/wp\/v2\/comments?post=277718"}],"version-history":[{"count":0,"href":"https:\/\/www.europesays.com\/fr\/wp-json\/wp\/v2\/posts\/277718\/revisions"}],"wp:featuredmedia":[{"embeddable":true,"href":"https:\/\/www.europesays.com\/fr\/wp-json\/wp\/v2\/media\/277719"}],"wp:attachment":[{"href":"https:\/\/www.europesays.com\/fr\/wp-json\/wp\/v2\/media?parent=277718"}],"wp:term":[{"taxonomy":"category","embeddable":true,"href":"https:\/\/www.europesays.com\/fr\/wp-json\/wp\/v2\/categories?post=277718"},{"taxonomy":"post_tag","embeddable":true,"href":"https:\/\/www.europesays.com\/fr\/wp-json\/wp\/v2\/tags?post=277718"}],"curies":[{"name":"wp","href":"https:\/\/api.w.org\/{rel}","templated":true}]}}