{"id":277720,"date":"2025-07-27T16:18:09","date_gmt":"2025-07-27T16:18:09","guid":{"rendered":"https:\/\/www.europesays.com\/fr\/277720\/"},"modified":"2025-07-27T16:18:09","modified_gmt":"2025-07-27T16:18:09","slug":"cyclisme-tour-de-wallonie-oliver-knight-la-2e-etape-et-coup-double-cofidis-respire","status":"publish","type":"post","link":"https:\/\/www.europesays.com\/fr\/277720\/","title":{"rendered":"Cyclisme. Tour de Wallonie &#8211; Oliver Knight la 2e \u00e9tape et coup double&#8230; Cofidis respire !"},"content":{"rendered":"<p>En parall\u00e8le de la fin du <strong>Tour de France<\/strong>, l\u2019<strong><a href=\"https:\/\/www.cyclismactu.net\/..\/news-tour-de-wallonie-route-corbin-strong-a-remporte-1ere-etape-un-francais-5e-89250.html\" target=\"_blank\" rel=\"nofollow noopener\">Ethias Tour de Wallonie<\/a><\/strong> se poursuivait ce dimanche avec une 2e \u00e9tape longue de\u00a0153,7 km\u00a0entre Huy et Sambreville. Sur un parcours encore une fois l\u00e9g\u00e8rement vallonn\u00e9 et une derni\u00e8re ligne droite en faux plat montant, on s&rsquo;attendait \u00e0 un nouveau sprint massif pour costauds. Mais contrairement \u00e0 la veille, le peloton a trop jou\u00e9 avec le feu, et c&rsquo;est donc un trio d&rsquo;\u00e9chapp\u00e9s qui a r\u00e9sist\u00e9 sur le fil pour se jouer la gagne ! Sortis de l&rsquo;\u00e9chapp\u00e9e du jour \u00e0 une vingtaine de km de l&rsquo;arriv\u00e9e,\u00a0<strong>Louis Rouland<\/strong> (Ark\u00e9a-B&amp;B H\u00f4tels),\u00a0<strong>Lorenzo Milesi<\/strong> (Movistar) et\u00a0<strong>Oliver Knight<\/strong> (Cofidis) ont parfaitement collabor\u00e9 dans le final&#8230; et c&rsquo;est finalement le dernier cit\u00e9 qui s&rsquo;est montr\u00e9 le plus fort des trois au sprint ! Le jeune Britannique\u00a0<strong>Knight<\/strong>\u00a0d\u00e9croche \u00e0 24 ans son tout premier succ\u00e8s chez les professionnels.<\/p>\n<p>Vid\u00e9o &#8211; Cofidis n&rsquo;avait plus gagn\u00e9 depuis la mi-avril ! Lire la suite de l&rsquo;article&#13;<\/p>\n<blockquote class=\"twitter-tweet\" style=\"width:100%!important;max-width:550px!important;min-width:250px;height:500px;\" data-media-max-width=\"560\"><p>&#13;<\/p>\n<p dir=\"ltr\" lang=\"fr\">Victoire du Britannique Oliver Knight <a href=\"https:\/\/twitter.com\/TeamCOFIDIS?ref_src=twsrc%5Etfw\" rel=\"nofollow noopener\" target=\"_blank\">@TeamCOFIDIS<\/a> \u00e0 Tamines ? <a href=\"https:\/\/t.co\/jchouI6EBA\" rel=\"nofollow\">pic.twitter.com\/jchouI6EBA<\/a><\/p>\n<p>&#13;<br \/>\n\u2014 Tour de Wallonie &amp; GP de Wallonie (@tourdewallonie) <a href=\"https:\/\/twitter.com\/tourdewallonie\/status\/1949485880034418749?ref_src=twsrc%5Etfw\" rel=\"nofollow noopener\" target=\"_blank\">July 27, 2025<\/a><\/p><\/blockquote>\n<p>&#13;<br \/>\n&#13;<\/p>\n<p>\u00a0<\/p>\n<p>&#13;<br \/>\nOliver Knight fait coup double et d\u00e9tr\u00f4ne Corbin Strong&#13;<\/p>\n<p>Mais il permet \u00e9galement \u00e0 sa formation nordiste\u00a0<strong><a href=\"https:\/\/www.cyclismactu.net\/..\/news-tour-du-limbourg-route-milan-fretin-et-cofidis-s-imposent-un-final-houleux-87389.html\" target=\"_blank\" rel=\"nofollow noopener\">Cofidis<\/a><\/strong>\u00a0de sortir un peu la t\u00eate de l&rsquo;eau enretrouvant le chemin de la victoire, plus de trois mois apr\u00e8s la derni\u00e8re et celle de <strong>Milan Fretin<\/strong> sur le <strong>Tour du Limbourg<\/strong>. L&rsquo;Italien<strong> Lorenzo Milesi <\/strong>et le Fran\u00e7ais<strong>\u00a0<strong>Louis Rouland<\/strong><\/strong>\u00a0s&rsquo;inclinent assez largement, le peloton venant mourir juste derri\u00e8re eux avec\u00a0<strong>Sandy Dujardin<\/strong> (TotalEnergies) 4e devant\u00a0<strong>Luca Mozzato<\/strong> (Ark\u00e9a-B&amp;B H\u00f4tels). Gr\u00e2ce aux bonifications engrang\u00e9es,\u00a0<strong>Oliver Knight<\/strong>\u00a0fait m\u00eame coup double et s&#8217;empare pour une petite seconde du maillot de leader au d\u00e9triment de\u00a0<strong>Corbin Strong<\/strong> (Israel\u2013Premier Tech), le sprinteur\u00a0n\u00e9o-z\u00e9landais n&rsquo;ayant pris que la 10e place ce dimanche.<\/p>\n<p>Ethias Tour de Wallonie &#8211; Classement de la 2\u00e8 \u00e9tape Ethias Tour de Wallonie &#8211; Classement g\u00e9n\u00e9ral provisoire apr\u00e8s la 2\u00e8 \u00e9tape<script async src=\"https:\/\/platform.twitter.com\/widgets.js\" charset=\"utf-8\"><\/script><\/p>\n","protected":false},"excerpt":{"rendered":"En parall\u00e8le de la fin du Tour de France, l\u2019Ethias Tour de Wallonie se poursuivait ce dimanche avec&hellip;\n","protected":false},"author":2,"featured_media":277721,"comment_status":"","ping_status":"","sticky":false,"template":"","format":"standard","meta":{"footnotes":""},"categories":[1411],"tags":[1154,207,211,1011,27,209,60,210,41699,212,208,213],"class_list":{"0":"post-277720","1":"post","2":"type-post","3":"status-publish","4":"format-standard","5":"has-post-thumbnail","7":"category-cyclisme","8":"tag-cycling","9":"tag-cyclisme","10":"tag-ffc","11":"tag-fr","12":"tag-france","13":"tag-route","14":"tag-sports","15":"tag-tour-de-france","16":"tag-tour-de-wallonie","17":"tag-uci","18":"tag-velo","19":"tag-world-tour"},"share_on_mastodon":{"url":"https:\/\/pubeurope.com\/@fr\/114926105855790722","error":""},"_links":{"self":[{"href":"https:\/\/www.europesays.com\/fr\/wp-json\/wp\/v2\/posts\/277720","targetHints":{"allow":["GET"]}}],"collection":[{"href":"https:\/\/www.europesays.com\/fr\/wp-json\/wp\/v2\/posts"}],"about":[{"href":"https:\/\/www.europesays.com\/fr\/wp-json\/wp\/v2\/types\/post"}],"author":[{"embeddable":true,"href":"https:\/\/www.europesays.com\/fr\/wp-json\/wp\/v2\/users\/2"}],"replies":[{"embeddable":true,"href":"https:\/\/www.europesays.com\/fr\/wp-json\/wp\/v2\/comments?post=277720"}],"version-history":[{"count":0,"href":"https:\/\/www.europesays.com\/fr\/wp-json\/wp\/v2\/posts\/277720\/revisions"}],"wp:featuredmedia":[{"embeddable":true,"href":"https:\/\/www.europesays.com\/fr\/wp-json\/wp\/v2\/media\/277721"}],"wp:attachment":[{"href":"https:\/\/www.europesays.com\/fr\/wp-json\/wp\/v2\/media?parent=277720"}],"wp:term":[{"taxonomy":"category","embeddable":true,"href":"https:\/\/www.europesays.com\/fr\/wp-json\/wp\/v2\/categories?post=277720"},{"taxonomy":"post_tag","embeddable":true,"href":"https:\/\/www.europesays.com\/fr\/wp-json\/wp\/v2\/tags?post=277720"}],"curies":[{"name":"wp","href":"https:\/\/api.w.org\/{rel}","templated":true}]}}