{"id":277722,"date":"2025-07-27T16:19:11","date_gmt":"2025-07-27T16:19:11","guid":{"rendered":"https:\/\/www.europesays.com\/fr\/277722\/"},"modified":"2025-07-27T16:19:11","modified_gmt":"2025-07-27T16:19:11","slug":"mercato-lol-monte-les-encheres-pour-malick-fofana","status":"publish","type":"post","link":"https:\/\/www.europesays.com\/fr\/277722\/","title":{"rendered":"Mercato, l&rsquo;OL monte les ench\u00e8res pour Malick Fofana"},"content":{"rendered":"<p data-testid=\"article-teaser\">L\u2019OL a d\u00e9cid\u00e9 de faire grimper le prix de Malick Fofana, annonc\u00e9 dans le viseur de plusieurs cadors europ\u00e9ens cet \u00e9t\u00e9.<\/p>\n<p>L\u2019Olympique Lyonnais, encore sous pression financi\u00e8re, pourrait bien agiter le march\u00e9 estival avec un de ses joyaux. Si la volont\u00e9 de conserver ses meilleurs \u00e9l\u00e9ments est affirm\u00e9e, <a href=\"https:\/\/www.goal.com\/fr\/listes\/malick-fofana-a-l-om-la-revelation-choquante\/bltd4cfb900963f6e55\" target=\"_self\" rel=\"nofollow noopener\">les sollicitations pour Malick Fofana deviennent de plus en plus pressantes<\/a>. <a href=\"https:\/\/www.goal.com\/en\/lists\/lyon-malick-fofana-asking-price-liverpool-arsenal-chelsea-belgian-winger\/blt7a76d5c1de4d278d\" target=\"_self\" rel=\"nofollow noopener\">\u00c0 quelques semaines de la reprise, l\u2019international belge attire de grands noms europ\u00e9ens.<\/a> Des convoitises qui ont pouss\u00e9 l\u2019OL \u00e0 faire monter les ench\u00e8res pour Malick Fofana.<\/p>\n<p>L&rsquo;article continue ci-dessous<\/p>\n","protected":false},"excerpt":{"rendered":"L\u2019OL a d\u00e9cid\u00e9 de faire grimper le prix de Malick Fofana, annonc\u00e9 dans le viseur de plusieurs cadors&hellip;\n","protected":false},"author":2,"featured_media":277723,"comment_status":"","ping_status":"","sticky":false,"template":"","format":"standard","meta":{"footnotes":""},"categories":[1410],"tags":[4782,69,41563,13925,63,1011,27,41561,66,2428,41701,41236,41702,70,60,41700],"class_list":{"0":"post-277722","1":"post","2":"type-post","3":"status-publish","4":"format-standard","5":"has-post-thumbnail","7":"category-football","8":"tag-bayern-munich","9":"tag-bundesliga","10":"tag-club-friendlies","11":"tag-everton","12":"tag-football","13":"tag-fr","14":"tag-france","15":"tag-jeux-damitie-des-clubs","16":"tag-ligue-1","17":"tag-lyon","18":"tag-m-fofana","19":"tag-majorque","20":"tag-mallorca","21":"tag-premier-league","22":"tag-sports","23":"tag-west-ham"},"share_on_mastodon":{"url":"https:\/\/pubeurope.com\/@fr\/114926109584895727","error":""},"_links":{"self":[{"href":"https:\/\/www.europesays.com\/fr\/wp-json\/wp\/v2\/posts\/277722","targetHints":{"allow":["GET"]}}],"collection":[{"href":"https:\/\/www.europesays.com\/fr\/wp-json\/wp\/v2\/posts"}],"about":[{"href":"https:\/\/www.europesays.com\/fr\/wp-json\/wp\/v2\/types\/post"}],"author":[{"embeddable":true,"href":"https:\/\/www.europesays.com\/fr\/wp-json\/wp\/v2\/users\/2"}],"replies":[{"embeddable":true,"href":"https:\/\/www.europesays.com\/fr\/wp-json\/wp\/v2\/comments?post=277722"}],"version-history":[{"count":0,"href":"https:\/\/www.europesays.com\/fr\/wp-json\/wp\/v2\/posts\/277722\/revisions"}],"wp:featuredmedia":[{"embeddable":true,"href":"https:\/\/www.europesays.com\/fr\/wp-json\/wp\/v2\/media\/277723"}],"wp:attachment":[{"href":"https:\/\/www.europesays.com\/fr\/wp-json\/wp\/v2\/media?parent=277722"}],"wp:term":[{"taxonomy":"category","embeddable":true,"href":"https:\/\/www.europesays.com\/fr\/wp-json\/wp\/v2\/categories?post=277722"},{"taxonomy":"post_tag","embeddable":true,"href":"https:\/\/www.europesays.com\/fr\/wp-json\/wp\/v2\/tags?post=277722"}],"curies":[{"name":"wp","href":"https:\/\/api.w.org\/{rel}","templated":true}]}}