{"id":277728,"date":"2025-07-27T16:22:13","date_gmt":"2025-07-27T16:22:13","guid":{"rendered":"https:\/\/www.europesays.com\/fr\/277728\/"},"modified":"2025-07-27T16:22:13","modified_gmt":"2025-07-27T16:22:13","slug":"les-coups-de-coeur-des-libraires-concarnoises-pour-cet-ete","status":"publish","type":"post","link":"https:\/\/www.europesays.com\/fr\/277728\/","title":{"rendered":"Les coups de c\u0153ur des libraires concarnoises pour cet \u00e9t\u00e9"},"content":{"rendered":"<p>1 Chez Albertine\u00a0: des voyages \u00e0 travers les pages<\/p>\n<p>\u00c0 la librairie Chez Albertine, Marie-Jeanne Bausson a choisi de proposer deux romans qui donnent des envies d\u2019ailleurs. \u00ab\u00a0Le voyage \u00e0 Paimpol\u00a0\u00bb de Doroth\u00e9e Letessier (Gallimard) raconte l\u2019histoire de Maryvonne, une m\u00e8re de famille travaillant \u00e0 l\u2019usine dans les ann\u00e9es 80. Us\u00e9e de cette vie, elle d\u00e9cide de monter dans un car, direction Paimpol pour y passer quelques jours. \u00ab\u00a0Un roman lib\u00e9rateur, plein de fantaisie et d\u2019humour\u00a0\u00bb, d\u00e9peint Marie-Jeanne.<\/p>\n<blockquote><p>\u00ab\u00a0Des mots qu\u2019on a envie de lire \u00e0 voix haute, tellement c\u2019est beau\u00a0\u00bb<\/p><\/blockquote>\n<p>Son second conseil de lecture est \u00ab\u00a0La Pommeraie\u00a0\u00bb de Peter Heller (Acte Sud). C\u2019est l\u2019histoire d\u2019Hayley, ancienne professeure et traductrice de po\u00e8mes, qui a tout quitt\u00e9 pour vivre dans le Vermont avec sa fille. Un jour, une inconnue frappe \u00e0 leur porte et change leurs vies. Les po\u00e8mes font office de fil rouge tout au long du roman. \u00ab\u00a0Des mots qu\u2019on a envie de lire \u00e0 voix haute, tellement c\u2019est beau\u00a0\u00bb, commente la libraire.<\/p>\n<p><img decoding=\"async\" src=\"https:\/\/www.europesays.com\/fr\/wp-content\/uploads\/2025\/07\/68864abe85bbb9e355090d04.1.jpeg\" width=\"480\" height=\"300\" class=\"web_golden_m\" loading=\"lazy\" alt=\"\u00ab\u00a0La Pommeraie\u00a0\u00bb et \u00ab\u00a0Le voyage \u00e0 Paimpol\u00a0\u00bb sont les deux coups de c\u0153ur de Marie-Jeanne Bausson.\"\/>\u00ab\u00a0La Pommeraie\u00a0\u00bb et \u00ab\u00a0Le voyage \u00e0 Paimpol\u00a0\u00bb sont les deux coups de c\u0153ur de Marie-Jeanne Bausson. (Le T\u00e9l\u00e9gramme\/Jeanne Claude)2 Le Livre et la plume\u00a0: pour tous les \u00e2ges<\/p>\n<p>Pour les premi\u00e8res lectures, L\u00e9na Qu\u00e9au sugg\u00e8re le roman illustr\u00e9 \u00ab\u00a0Le Jour du go\u00e9land\u00a0\u00bb de Jeanne Gauthier et Marie Le Cuziat (Marguerette). \u00ab\u00a0Je regrette que mes enfants soient trop \u00e2g\u00e9s pour le lire maintenant\u00a0\u00bb, plaisante la libraire du Livre et la plume. Ce petit livre conte une aventure en mer, partag\u00e9e par Jos\u00e9phine et son grand-p\u00e8re. Il est accompagn\u00e9 de superbes illustrations.<\/p>\n<p>Dans un tout autre style, Isabelle Annycke invite \u00e0 se plonger dans un polar historique. \u00ab\u00a0L\u2019affaire de la rue Transnonain\u00a0\u00bb (La Tribu). Pr\u00e8s de 200 ans apr\u00e8s, J\u00e9r\u00f4me Chantereau revient sur un massacre ayant eu lieu \u00e0 Paris le 14 avril 1834. Dans un contexte de soul\u00e8vement populaire r\u00e9prim\u00e9 par les troupes de Louis-Philippe, sous la Monarchie de Juillet, l\u2019arm\u00e9e ex\u00e9cute des habitants d\u2019un immeuble de la rue Transnonain. L\u2019agent de police en charge de l\u2019affaire part alors sur les traces d\u2019une t\u00e9moin, survivante de ce massacre.<\/p>\n<p><img decoding=\"async\" src=\"https:\/\/www.europesays.com\/fr\/wp-content\/uploads\/2025\/07\/68864abe0c4aac5039070a51.1.jpeg\" width=\"480\" height=\"300\" class=\"web_golden_m\" loading=\"lazy\" alt=\"L\u00e9na et Isabelle pr\u00e9sentent \u00ab\u00a0Le Jour du go\u00e9land\u00a0\u00bb et \u00ab\u00a0L\u2019affaire de la rue Transnonain\u00a0\u00bb.\"\/>L\u00e9na et Isabelle pr\u00e9sentent \u00ab\u00a0Le Jour du go\u00e9land\u00a0\u00bb et \u00ab\u00a0L\u2019affaire de la rue Transnonain\u00a0\u00bb.3 \u00c0 l\u2019Espace culturel\u00a0: portraits de femmes et com\u00e9die romantique<\/p>\n<p>Au nouvel Espace culturel E. Leclerc, Tiphaine Baldassari conseille un recueil de nouvelles sur la vie de femmes mexicaines. Relatant d\u2019une r\u00e9alit\u00e9 souvent difficile, \u00ab\u00a0Chiennes de garde\u00a0\u00bb, de Dalhia De la Cerda (Le Sous-sol) rapporte ces vies. \u00ab\u00a0C\u2019est assez brutal, mais c\u2019est aussi alarmant et addictif\u00a0\u00bb, explique la libraire.<\/p>\n<p>Pour plus de l\u00e9g\u00e8ret\u00e9, sa deuxi\u00e8me recommandation est une com\u00e9die romantique. \u00ab\u00a0Happy Couple\u00a0\u00bb de Noaoise Dolan (L\u2019Olivier) suit le couple tumultueux de C\u00e9line et Luke, entre infid\u00e9lit\u00e9s et pardon, \u00e0 travers les yeux de leurs proches. \u00ab\u00a0Ce sont des gens lambdas, pas des h\u00e9ros, et c\u2019est ce qui fait qu\u2019on s\u2019attache aux personnages\u00a0\u00bb. Loin d\u2019\u00eatre \u00e0 l\u2019eau de rose, cette com\u00e9die romantique a su faire chavirer le c\u0153ur de la libraire.<\/p>\n","protected":false},"excerpt":{"rendered":"1 Chez Albertine\u00a0: des voyages \u00e0 travers les pages \u00c0 la librairie Chez Albertine, Marie-Jeanne Bausson a choisi&hellip;\n","protected":false},"author":2,"featured_media":277729,"comment_status":"","ping_status":"","sticky":false,"template":"","format":"standard","meta":{"footnotes":""},"categories":[1357],"tags":[1379,3322,251,58,59,1011,27,1351,1380],"class_list":{"0":"post-277728","1":"post","2":"type-post","3":"status-publish","4":"format-standard","5":"has-post-thumbnail","7":"category-livres","8":"tag-books","9":"tag-concarneau","10":"tag-culture","11":"tag-divertissement","12":"tag-entertainment","13":"tag-fr","14":"tag-france","15":"tag-litterature","16":"tag-livres"},"share_on_mastodon":{"url":"https:\/\/pubeurope.com\/@fr\/114926121477570591","error":""},"_links":{"self":[{"href":"https:\/\/www.europesays.com\/fr\/wp-json\/wp\/v2\/posts\/277728","targetHints":{"allow":["GET"]}}],"collection":[{"href":"https:\/\/www.europesays.com\/fr\/wp-json\/wp\/v2\/posts"}],"about":[{"href":"https:\/\/www.europesays.com\/fr\/wp-json\/wp\/v2\/types\/post"}],"author":[{"embeddable":true,"href":"https:\/\/www.europesays.com\/fr\/wp-json\/wp\/v2\/users\/2"}],"replies":[{"embeddable":true,"href":"https:\/\/www.europesays.com\/fr\/wp-json\/wp\/v2\/comments?post=277728"}],"version-history":[{"count":0,"href":"https:\/\/www.europesays.com\/fr\/wp-json\/wp\/v2\/posts\/277728\/revisions"}],"wp:featuredmedia":[{"embeddable":true,"href":"https:\/\/www.europesays.com\/fr\/wp-json\/wp\/v2\/media\/277729"}],"wp:attachment":[{"href":"https:\/\/www.europesays.com\/fr\/wp-json\/wp\/v2\/media?parent=277728"}],"wp:term":[{"taxonomy":"category","embeddable":true,"href":"https:\/\/www.europesays.com\/fr\/wp-json\/wp\/v2\/categories?post=277728"},{"taxonomy":"post_tag","embeddable":true,"href":"https:\/\/www.europesays.com\/fr\/wp-json\/wp\/v2\/tags?post=277728"}],"curies":[{"name":"wp","href":"https:\/\/api.w.org\/{rel}","templated":true}]}}