{"id":277730,"date":"2025-07-27T16:23:17","date_gmt":"2025-07-27T16:23:17","guid":{"rendered":"https:\/\/www.europesays.com\/fr\/277730\/"},"modified":"2025-07-27T16:23:17","modified_gmt":"2025-07-27T16:23:17","slug":"joel-sabsente-de-tout-le-monde-veut-prendre-sa-place-pendant-deux-semaines-cyril-feraud-fait-une-grande-annonce","status":"publish","type":"post","link":"https:\/\/www.europesays.com\/fr\/277730\/","title":{"rendered":"Jo\u00ebl s\u2019absente de Tout le monde veut prendre sa place pendant deux semaines, Cyril F\u00e9raud fait une grande annonce"},"content":{"rendered":"<p>Ce dimanche 27 juillet, Cyril F\u00e9raud a fait une grande annonce qui a pu surprendre les t\u00e9l\u00e9spectateurs de Tout le monde veut prendre sa place. En effet, vous ne suivrez plus les aventures de Jo\u00ebl, le grand champion qui cumule 172 victoires, durant deux semaines. Le pr\u00e9sentateur a expliqu\u00e9 la raison de cette absence.<\/p>\n<p>Voil\u00e0 une nouvelle qui a de quoi d\u00e9cevoir les fid\u00e8les de Tout le monde veut prendre sa place, le programme phare de France 2 \u00e0 l\u2019antenne chaque jour juste avant midi ! A la toute fin du num\u00e9ro diffus\u00e9 ce dimanche juillet, Cyril F\u00e9raud a annonc\u00e9 que c\u2019\u00e9tait la derni\u00e8re fois avant deux semaines que nous voyions Jo\u00ebl, <a href=\"https:\/\/www.programme-tv.net\/news\/tv\/383889-prend-l-oseille-et-tire-toi-joel-battu-dans-tout-le-monde-veut-prendre-sa-place-son-offre-a-t-elle-ete-acceptee-par-son-adversaire-video\/\" data-api-deeplink=\"teleloisirs:\/\/news\/383889\" target=\"_blank\" rel=\"noopener\">le grand champion originaire de Toulouse qui cumule \u00e0 ce jour 172 victoires et 158 000 euros<\/a> de gains dans sa cagnotte. Apr\u00e8s avoir vu la programmation de l\u2019\u00e9mission perturb\u00e9e par la retransmission du Tour de France ces derniers temps, les fid\u00e8les devront donc patienter deux semaines suppl\u00e9mentaires avant de suivre \u00e0 nouveau les aventures de Jo\u00ebl. Cyril F\u00e9raud a r\u00e9v\u00e9l\u00e9 la raison toute simple de cette absence.<\/p>\n<p>\u00ab\u00a0Eh bien Jo\u00ebl, je vais vous souhaiter de bonnes vacances\u00a0\u00bb : Cyril F\u00e9raud annonce pourquoi vous ne pourrez plus suivre la suite des aventures du champion pendant quelques jours<\/p>\n<p>Juste avant de refermer son \u00e9mission, Cyril F\u00e9raud a fait une grande annonce, ce dimanche 27 juillet, aux t\u00e9l\u00e9spectateurs de Tout le monde veut prendre sa place : le programme s\u2019accorde une pause estivale ! \u201cEt bien Jo\u00ebl, je vais vous souhaiter de bonnes vacances, parce qu\u2019\u00e0 partir de demain Tout le monde veut prendre sa place passe en mode \u00e9t\u00e9 !\u201d, a-t-il lanc\u00e9 avec entrain. Quelques jours de repos bien m\u00e9rit\u00e9 pour le champion, car comme il l\u2019avait r\u00e9cemment confi\u00e9 \u00e0 T\u00e9l\u00e9-Loisirs, encha\u00eener les \u00e9missions, \u201cc\u2019est \u00e9puisant.\u201d Pendant deux semaines, place donc aux rediffusions, avec au programme les plus belles parties et les plus grands champions. \u201cOn se retrouve dans deux semaines, jour pour jour, pour le retour des in\u00e9dits, avec Jo\u00ebl toujours install\u00e9 dans le fauteuil !\u201d, a-t-il ajout\u00e9, tout sourire, en prenant place \u00e0 ses c\u00f4t\u00e9s sur le c\u00e9l\u00e8bre si\u00e8ge rouge. Peu apr\u00e8s, le g\u00e9n\u00e9rique de fin s\u2019est lanc\u00e9 !<\/p>\n<p>                        Jo\u00ebl (Tout le monde veut prendre sa place) fatigu\u00e9 de ses nombreuses participations \u00e0 l\u2019\u00e9mission de Cyril F\u00e9raud ?<\/p>\n<p>Il y a peu, T\u00e9l\u00e9-Loisirs a eu l\u2019occasion d\u2019\u00e9changer avec Jo\u00ebl, <a href=\"https:\/\/www.programme-tv.net\/news\/tv\/384070-on-sentait-une-certaine-fatigue-joel-tout-le-monde-veut-prendre-sa-place-revient-sur-lelimination-demilien-dans-les-12-coups-de-midi\/\" data-api-deeplink=\"teleloisirs:\/\/news\/384070\" target=\"_blank\" rel=\"noopener\">\u00e0 la suite de l\u2019\u00e9limination d\u2019\u00c9milien dans Les 12 Coups de midi,<\/a> un candidat qu\u2019il admirait. Le champion a reconnu que l\u2019aventure n\u2019\u00e9tait pas de tout repos : \u201cLes gens ne s\u2019en rendent pas compte, mais c\u2019est extr\u00eamement \u00e9prouvant, aussi bien physiquement que nerveusement. Il fait chaud, il y a les projecteurs, le bruit\u2026\u201d a-t-il confi\u00e9. Jo\u00ebl reste d\u00e9termin\u00e9. Jour apr\u00e8s jour, il se bat pour d\u00e9fendre sa place dans le fauteuil.<\/p>\n<p>Article r\u00e9dig\u00e9 en collaboration avec 6M\u00e9dias.<\/p>\n","protected":false},"excerpt":{"rendered":"Ce dimanche 27 juillet, Cyril F\u00e9raud a fait une grande annonce qui a pu surprendre les t\u00e9l\u00e9spectateurs de&hellip;\n","protected":false},"author":2,"featured_media":277731,"comment_status":"","ping_status":"","sticky":false,"template":"","format":"standard","meta":{"footnotes":""},"categories":[1356],"tags":[244,12119,58,59,1011,27,594,14497,252,12120,1364,1421],"class_list":{"0":"post-277730","1":"post","2":"type-post","3":"status-publish","4":"format-standard","5":"has-post-thumbnail","7":"category-television","8":"tag-commentaire","9":"tag-cyril-fu00e9raud","10":"tag-divertissement","11":"tag-entertainment","12":"tag-fr","13":"tag-france","14":"tag-france-2","15":"tag-jou00ebl-tout-le-monde-veut-prendre-sa-place","16":"tag-television","17":"tag-tout-le-monde-veut-prendre-sa-place","18":"tag-tv","19":"tag-zap"},"share_on_mastodon":{"url":"https:\/\/pubeurope.com\/@fr\/114926125354773796","error":""},"_links":{"self":[{"href":"https:\/\/www.europesays.com\/fr\/wp-json\/wp\/v2\/posts\/277730","targetHints":{"allow":["GET"]}}],"collection":[{"href":"https:\/\/www.europesays.com\/fr\/wp-json\/wp\/v2\/posts"}],"about":[{"href":"https:\/\/www.europesays.com\/fr\/wp-json\/wp\/v2\/types\/post"}],"author":[{"embeddable":true,"href":"https:\/\/www.europesays.com\/fr\/wp-json\/wp\/v2\/users\/2"}],"replies":[{"embeddable":true,"href":"https:\/\/www.europesays.com\/fr\/wp-json\/wp\/v2\/comments?post=277730"}],"version-history":[{"count":0,"href":"https:\/\/www.europesays.com\/fr\/wp-json\/wp\/v2\/posts\/277730\/revisions"}],"wp:featuredmedia":[{"embeddable":true,"href":"https:\/\/www.europesays.com\/fr\/wp-json\/wp\/v2\/media\/277731"}],"wp:attachment":[{"href":"https:\/\/www.europesays.com\/fr\/wp-json\/wp\/v2\/media?parent=277730"}],"wp:term":[{"taxonomy":"category","embeddable":true,"href":"https:\/\/www.europesays.com\/fr\/wp-json\/wp\/v2\/categories?post=277730"},{"taxonomy":"post_tag","embeddable":true,"href":"https:\/\/www.europesays.com\/fr\/wp-json\/wp\/v2\/tags?post=277730"}],"curies":[{"name":"wp","href":"https:\/\/api.w.org\/{rel}","templated":true}]}}