{"id":277732,"date":"2025-07-27T16:24:10","date_gmt":"2025-07-27T16:24:10","guid":{"rendered":"https:\/\/www.europesays.com\/fr\/277732\/"},"modified":"2025-07-27T16:24:10","modified_gmt":"2025-07-27T16:24:10","slug":"sm-caen-pourquoi-une-star-planetaire-de-la-chanson-porte-le-maillot-du-stade-malherbe","status":"publish","type":"post","link":"https:\/\/www.europesays.com\/fr\/277732\/","title":{"rendered":"SM Caen. Pourquoi une star plan\u00e9taire de la chanson porte le maillot du Stade Malherbe\u00a0?"},"content":{"rendered":"<p>            Par<br \/>\n        <strong><br \/>\n            <a href=\"https:\/\/actu.fr\/auteur\/gregory-maucorps\" title=\"Consulter tous les articles de Gr\u00e9gory Maucorps\" target=\"_blank\" rel=\"noopener\">Gr\u00e9gory Maucorps<\/a><br \/>\n        <\/strong><\/p>\n<p>        Publi\u00e9 le<\/p>\n<p>            27 juil. 2025 \u00e0 14h49        <\/p>\n<p>Apr\u00e8s <a href=\"https:\/\/actu.fr\/tag\/orelsan\" target=\"_blank\" rel=\"noopener\">Orelsan<\/a>, un autre chanteur originaire de <a href=\"https:\/\/actu.fr\/normandie\/caen_14118\" target=\"_blank\" rel=\"noopener\">Caen<\/a> (Calvados) a mis <b>son club de c\u0153ur en valeur<\/b>. Ce jeudi 24 juillet 2025, <b>Pierre Garnier<\/b> a d\u00e9voil\u00e9 une photo de lui en compagnie d\u2019<b>Ed Sheeran<\/b> arborant le maillot du <a href=\"https:\/\/actu.fr\/tag\/stade-malherbe-de-caen\" target=\"_blank\" rel=\"noopener\">Stade Malherbe Caen<\/a>.<\/p>\n<p>Pierre Garnier invit\u00e9 par Ed Sheeran lors de son concert \u00e0 Lille<\/p>\n<p class=\" wall-content\">Pour quelle raison la star plan\u00e9taire anglaise portait le maillot du SM Caen ? C\u2019\u00e9tait en fait <b>un cadeau de Pierre Garnier<\/b>.\u00a0<\/p>\n<p class=\" wall-content\">Il y a un mois, le 21 juin dernier, le chanteur caennais \u00e9tait<b> l\u2019invit\u00e9 surprise d\u2019Ed Sheeran <\/b>lors de son concert<b> \u00e0 Lille<\/b>.<\/p>\n<p class=\" wall-content\">Le temps d\u2019une chanson, Pierre Garnier est <b>mont\u00e9 sur la sc\u00e8ne<\/b> du stade Pierre-Mauroy <a href=\"https:\/\/actu.fr\/normandie\/caen_14118\/video-pierre-garnier-sur-scene-avec-ed-sheeran-a-lille-pour-une-reprise-de-reve_62808833.html\" target=\"_blank\" rel=\"noopener\">pour entonner son tube Ceux qu\u2019on \u00e9tait avec son idole Ed Sheeran<\/a>. \u00ab\u00a0C\u2019\u00e9tait<b> le meilleur jour de ma vie<\/b>\u00ab\u00a0, a lanc\u00e9 Pierre Garnier apr\u00e8s le concert.\u00a0<\/p>\n<p>Un \u00e9change des maillots de leur club de c\u0153ur<\/p>\n<p class=\" wall-content\">Apr\u00e8s avoir r\u00e9p\u00e9t\u00e9 en coulisses la chanson avant le concert, Pierre Garnier et Ed Sheeran ont <b>\u00e9chang\u00e9 les maillots de leur club de c\u0153ur<\/b> : le Caennais a donc <b>enfil\u00e9 le maillot d\u2019Ipswich Town<\/b>, tandis que l\u2019Anglais de 34 ans s\u2019est par\u00e9 de la tunique du Stade Malherbe.<\/p>\n<p class=\" wall-content\">D\u2019ailleurs, Ed Sheeran est <b>actionnaire minoritaire<\/b> du club anglais depuis l\u2019\u00e9t\u00e9 dernier.<\/p>\n<p>Une saison de foot \u00e9prouvante : deux rel\u00e9gations \u00e0 la cl\u00e9<\/p>\n<p class=\" wall-content\">Autre point commun entre les deux chanteurs : leur club de c\u0153ur a v\u00e9cu <b>une saison derni\u00e8re \u00e9prouvante<\/b> ponctu\u00e9e <b>par une rel\u00e9gation<\/b> : en Championship (D2) pour Ipswich et en National pour Malherbe (D3). Cette ann\u00e9e, on inverse la tendance avec deux mont\u00e9es ?<\/p>\n<p class=\" wall-content\">Suivez toute l\u2019actualit\u00e9 de vos villes et m\u00e9dias favoris en vous inscrivant \u00e0 <a href=\"https:\/\/moncompte.actu.fr\" title=\"D\u00e9couvez Mon Actu\" rel=\"nofollow noopener\" data-trk=\"{&quot;cta&quot;:{&quot;action&quot;:&quot;https:\\\/\\\/moncompte.actu.fr&quot;,&quot;category&quot;:&quot;mon compte&quot;,&quot;from&quot;:&quot;article footer&quot;,&quot;name&quot;:&quot;Mon actu&quot;,&quot;type&quot;:&quot;cta&quot;}}\" target=\"_blank\">Mon Actu<\/a>.<\/p>\n<ul class=\"ac-article-tag wall-content\">\n<li><a href=\"https:\/\/actu.fr\/tag\/caen\" data-trk=\"{&quot;cta&quot;:{&quot;action&quot;:&quot;Caen&quot;,&quot;category&quot;:&quot;tag&quot;,&quot;from&quot;:&quot;article footer&quot;,&quot;name&quot;:&quot;Caen&quot;,&quot;type&quot;:&quot;cta&quot;}}\" target=\"_blank\" rel=\"noopener\">#Caen<\/a><\/li>\n<li><a href=\"https:\/\/actu.fr\/tag\/stade-malherbe-de-caen\" data-trk=\"{&quot;cta&quot;:{&quot;action&quot;:&quot;Stade Malherbe de Caen&quot;,&quot;category&quot;:&quot;tag&quot;,&quot;from&quot;:&quot;article footer&quot;,&quot;name&quot;:&quot;Stade Malherbe de Caen&quot;,&quot;type&quot;:&quot;cta&quot;}}\" target=\"_blank\" rel=\"noopener\">#Stade Malherbe de Caen<\/a><\/li>\n<\/ul>\n","protected":false},"excerpt":{"rendered":"Par Gr\u00e9gory Maucorps Publi\u00e9 le 27 juil. 2025 \u00e0 14h49 Apr\u00e8s Orelsan, un autre chanteur originaire de Caen&hellip;\n","protected":false},"author":2,"featured_media":277733,"comment_status":"","ping_status":"","sticky":false,"template":"","format":"standard","meta":{"footnotes":""},"categories":[1355],"tags":[5492,58,59,63,1011,27,1361,873,60,266],"class_list":{"0":"post-277732","1":"post","2":"type-post","3":"status-publish","4":"format-standard","5":"has-post-thumbnail","7":"category-musique","8":"tag-caen","9":"tag-divertissement","10":"tag-entertainment","11":"tag-football","12":"tag-fr","13":"tag-france","14":"tag-music","15":"tag-musique","16":"tag-sports","17":"tag-stade-malherbe-de-caen"},"share_on_mastodon":{"url":"https:\/\/pubeurope.com\/@fr\/114926129378162361","error":""},"_links":{"self":[{"href":"https:\/\/www.europesays.com\/fr\/wp-json\/wp\/v2\/posts\/277732","targetHints":{"allow":["GET"]}}],"collection":[{"href":"https:\/\/www.europesays.com\/fr\/wp-json\/wp\/v2\/posts"}],"about":[{"href":"https:\/\/www.europesays.com\/fr\/wp-json\/wp\/v2\/types\/post"}],"author":[{"embeddable":true,"href":"https:\/\/www.europesays.com\/fr\/wp-json\/wp\/v2\/users\/2"}],"replies":[{"embeddable":true,"href":"https:\/\/www.europesays.com\/fr\/wp-json\/wp\/v2\/comments?post=277732"}],"version-history":[{"count":0,"href":"https:\/\/www.europesays.com\/fr\/wp-json\/wp\/v2\/posts\/277732\/revisions"}],"wp:featuredmedia":[{"embeddable":true,"href":"https:\/\/www.europesays.com\/fr\/wp-json\/wp\/v2\/media\/277733"}],"wp:attachment":[{"href":"https:\/\/www.europesays.com\/fr\/wp-json\/wp\/v2\/media?parent=277732"}],"wp:term":[{"taxonomy":"category","embeddable":true,"href":"https:\/\/www.europesays.com\/fr\/wp-json\/wp\/v2\/categories?post=277732"},{"taxonomy":"post_tag","embeddable":true,"href":"https:\/\/www.europesays.com\/fr\/wp-json\/wp\/v2\/tags?post=277732"}],"curies":[{"name":"wp","href":"https:\/\/api.w.org\/{rel}","templated":true}]}}