{"id":277749,"date":"2025-07-27T16:35:17","date_gmt":"2025-07-27T16:35:17","guid":{"rendered":"https:\/\/www.europesays.com\/fr\/277749\/"},"modified":"2025-07-27T16:35:17","modified_gmt":"2025-07-27T16:35:17","slug":"saint-etienne-echarpes-maillots-fanions-ce-collectionneur-a-transforme-sa-maison-en-un-musee-sur-lasse","status":"publish","type":"post","link":"https:\/\/www.europesays.com\/fr\/277749\/","title":{"rendered":"Saint-\u00c9tienne. \u00c9charpes, maillots, fanions&#8230; Ce collectionneur a transform\u00e9 sa maison en un mus\u00e9e sur l\u2019ASSE"},"content":{"rendered":"<p>\u00ab\u00a0Toute ma vie tourne autour du ballon\u00a0\u00bb, confie Christian Jouve avec plaisir. Cette passion l\u2019a entra\u00een\u00e9 dans une qu\u00eate inlassable d\u2019objets li\u00e9s \u00e0 son \u00e9quipe pr\u00e9f\u00e9r\u00e9e\u00a0: l\u2019ASSE.<\/p>\n<p>Adh\u00e9rent du Carrefour des Collectionneurs depuis 1980, il participe \u00e0 de nombreuses expositions. Il arpente les brocantes, rencontre des supporters, des joueurs\u2026 Autant d\u2019\u00e9changes fructueux qui lui ont permis d\u2019enrichir sa collection au fil du temps.<\/p>\n<p>\u00ab\u00a0Tous les St\u00e9phanois ont quelque chose de&#8230;<\/p>\n","protected":false},"excerpt":{"rendered":"\u00ab\u00a0Toute ma vie tourne autour du ballon\u00a0\u00bb, confie Christian Jouve avec plaisir. Cette passion l\u2019a entra\u00een\u00e9 dans une&hellip;\n","protected":false},"author":2,"featured_media":277750,"comment_status":"","ping_status":"","sticky":false,"template":"","format":"standard","meta":{"footnotes":""},"categories":[9653],"tags":[1111,11,4000,2430,1687,7539,1777,674,107,1011,27,12,25,4001,7538],"class_list":{"0":"post-277749","1":"post","2":"type-post","3":"status-publish","4":"format-standard","5":"has-post-thumbnail","7":"category-saint-etienne","8":"tag-actu","9":"tag-actualites","10":"tag-asse-as-saint-etienne-football","11":"tag-auvergne-rhone-alpes","12":"tag-culture-loisirs","13":"tag-edition-loire-sud","14":"tag-eu","15":"tag-europe","16":"tag-fil-info","17":"tag-fr","18":"tag-france","19":"tag-news","20":"tag-republique-francaise","21":"tag-saint-etienne","22":"tag-saint-etienne-ville"},"share_on_mastodon":{"url":"https:\/\/pubeurope.com\/@fr\/114926172466643545","error":""},"_links":{"self":[{"href":"https:\/\/www.europesays.com\/fr\/wp-json\/wp\/v2\/posts\/277749","targetHints":{"allow":["GET"]}}],"collection":[{"href":"https:\/\/www.europesays.com\/fr\/wp-json\/wp\/v2\/posts"}],"about":[{"href":"https:\/\/www.europesays.com\/fr\/wp-json\/wp\/v2\/types\/post"}],"author":[{"embeddable":true,"href":"https:\/\/www.europesays.com\/fr\/wp-json\/wp\/v2\/users\/2"}],"replies":[{"embeddable":true,"href":"https:\/\/www.europesays.com\/fr\/wp-json\/wp\/v2\/comments?post=277749"}],"version-history":[{"count":0,"href":"https:\/\/www.europesays.com\/fr\/wp-json\/wp\/v2\/posts\/277749\/revisions"}],"wp:featuredmedia":[{"embeddable":true,"href":"https:\/\/www.europesays.com\/fr\/wp-json\/wp\/v2\/media\/277750"}],"wp:attachment":[{"href":"https:\/\/www.europesays.com\/fr\/wp-json\/wp\/v2\/media?parent=277749"}],"wp:term":[{"taxonomy":"category","embeddable":true,"href":"https:\/\/www.europesays.com\/fr\/wp-json\/wp\/v2\/categories?post=277749"},{"taxonomy":"post_tag","embeddable":true,"href":"https:\/\/www.europesays.com\/fr\/wp-json\/wp\/v2\/tags?post=277749"}],"curies":[{"name":"wp","href":"https:\/\/api.w.org\/{rel}","templated":true}]}}