{"id":277755,"date":"2025-07-27T16:38:14","date_gmt":"2025-07-27T16:38:14","guid":{"rendered":"https:\/\/www.europesays.com\/fr\/277755\/"},"modified":"2025-07-27T16:38:14","modified_gmt":"2025-07-27T16:38:14","slug":"le-festival-le-son-by-toulon-a-seduit-40-000-spectateurs-retour-en-images-sur-les-moments-forts","status":"publish","type":"post","link":"https:\/\/www.europesays.com\/fr\/277755\/","title":{"rendered":"Le festival Le Son by Toulon a s\u00e9duit 40.000 spectateurs: retour en images sur les moments forts"},"content":{"rendered":"<p>Pour sa deuxi\u00e8me \u00e9dition, le festival Le Son by Toulon a rencontr\u00e9 un joli succ\u00e8s populaire. Avec cinq dates au programme, plus de 40.000 spectateurs ont assist\u00e9 aux diff\u00e9rents concerts.<\/p>\n<p>\u00c0 l\u2019affiche cette ann\u00e9e: Michel Polnareff, Gims, Nada Surf et Simple Minds, Ibrahim Maalouf Lamomali avec -M-, Fatoumata Diawara et l\u2019Afro Pop Orchestra, sans oublier Sofiane Pamart. Une programmation vari\u00e9e qui a su s\u00e9duire un large public.<\/p>\n<p>\u00ab\u00a0Les billetteries ont bien d\u00e9marr\u00e9 d\u00e8s les premi\u00e8res annonces, mais comme \u00e0 chaque fois, nous avons connu un creux dans les ventes, avant un regain \u00e0 l\u2019approche du festival \u00ab\u00a0, explique Robert Albergucci, directeur de Toulon M\u00e9tropole \u00c9v\u00e9nements et Congr\u00e8s.<\/p>\n<p>              <img ci-src=\"https:\/\/www.varmatin.com\/culture\/protec\/DATA_ART_15978900-aBzxOMry.jpg?vh=73b693&amp;ci_seal=13e6ea53db\" alt=\"\"\/><br \/>\n        Michel Polnareff, le 12 juillet. <strong>Photo Camille Dodet.<\/strong> <\/p>\n<p>Avec 5.000 spectateurs de plus que l\u2019ann\u00e9e pr\u00e9c\u00e9dente, les soir\u00e9es affichaient quasiment complet.<\/p>\n<p>Un gage de satisfaction du public selon l\u2019organisateur: \u00ab\u00a0Les retours sont, dans l\u2019ensemble, tr\u00e8s positifs du c\u00f4t\u00e9 des spectateurs, mais aussi des artistes. Tous nous ont fait part de leur satisfaction, \u00e0 la fois sur l\u2019organisation et l\u2019accueil qui leur a \u00e9t\u00e9 r\u00e9serv\u00e9 de la part des Toulonnais. \u00ab\u00a0<\/p>\n<p>Un rendez-vous qui s\u2019installe dans le paysage musical<\/p>\n<p>              <img ci-src=\"https:\/\/www.varmatin.com\/culture\/MAGXXQ5678_CD_Concert+%2839422989%29-HYepFKvD.jpg?vh=25f493&amp;ci_seal=2efab7daa4\" alt=\"\"\/><br \/>\n        Michel Polnareff, le 12 juillet. <strong>Photo Camille Dodet.<\/strong> <\/p>\n<p>Apr\u00e8s seulement deux ans d\u2019existence, le festival commence d\u00e9j\u00e0 \u00e0 s\u2019imposer comme une r\u00e9f\u00e9rence sur la sc\u00e8ne musicale r\u00e9gionale\u2026 et nationale!<\/p>\n<p>Pour preuve, \u00a0\u00bb les productions positionnent d\u00e9j\u00e0 leurs artistes pour les prochaines \u00e9ditions. C\u2019est un vrai signe de succ\u00e8s pour Le son by Toulon \u00ab\u00a0, se r\u00e9jouit Robert Albergucci.<\/p>\n<p>Si la fr\u00e9quentation est au rendez-vous, quelques axes d\u2019am\u00e9lioration ont tout de m\u00eame \u00e9t\u00e9 identifi\u00e9s, notamment autour du village du festival et des buvettes.<\/p>\n<p>Des am\u00e9liorations pr\u00e9vues pour 2026<\/p>\n<p>              <img ci-src=\"https:\/\/www.varmatin.com\/culture\/MAGXXQ5870_CD_Concert+%2839423515%29-y2c3o1XV.jpg?vh=f0ac0e&amp;ci_seal=ede96d71e6\" alt=\"\"\/><br \/>\n        Michel Polnareff, le 12 juillet. <strong>Photo Camille Dodet.<\/strong> <\/p>\n<p>\u00ab\u00a0Nous avons ajout\u00e9 des tables pour rendre l\u2019espace plus convivial et cr\u00e9er davantage de zones de repos, conform\u00e9ment aux demandes apr\u00e8s la premi\u00e8re \u00e9dition. Mais cela reste insuffisant et l\u2019an prochain, nous souhaitons am\u00e9liorer ce village et y am\u00e9nager un coin d\u00e9tente. Nous travaillons d\u00e9j\u00e0 la question avec mes \u00e9quipes&#8230; \u00ab\u00a0<\/p>\n<p>Des changements l\u00e9gers \u00e0 venir donc, mais certaines choses, elles resteront en place: \u00ab\u00a0Ce qui est s\u00fbr, c\u2019est que nous resterons fid\u00e8les \u00e0 notre ligne de conduite: une programmation \u00e9clectique, ouverte \u00e0 tous, pour satisfaire le plus grand nombre\u00a0\u00bb, assure l\u2019organisateur.<\/p>\n<p>Les premiers noms d\u2019artistes seront d\u00e9voil\u00e9s, comme chaque ann\u00e9e, dans le courant du dernier trimestre de l\u2019ann\u00e9e.<\/p>\n<p>              <img ci-src=\"https:\/\/www.varmatin.com\/culture\/MAGXXQ5876_CD_Concert+%2839423518%29-pAu4pttq.jpg?vh=08dedf&amp;ci_seal=79ebfbd7d1\" alt=\"\"\/><br \/>\n        Michel Polnareff, le 12 juillet. <strong>Photo Camille Dodet.<\/strong> <\/p>\n<p>              <img ci-src=\"https:\/\/www.varmatin.com\/culture\/VARPQRXXQ7626_+VLP+_M+%2839513650%29-3vXHHpsV.jpg?vh=59a9a6&amp;ci_seal=89bac7328a\" alt=\"\"\/><br \/>\n        Gims, le 19 juillet. <strong>Photo Val\u00e9rie Le Parc.<\/strong> <\/p>\n<p>              <img ci-src=\"https:\/\/www.varmatin.com\/culture\/VARPQRXXQ7517_+VLP+_M+%2839513621%29-aYQuGdTJ.jpg?vh=977a9f&amp;ci_seal=6d452e07a6\" alt=\"\"\/><br \/>\n        Gims, le 19 juillet. <strong>Photo Val\u00e9rie Le Parc.<\/strong> <\/p>\n<p>              <img ci-src=\"https:\/\/www.varmatin.com\/culture\/VARPQRXXQ2757_+VLP+_L+%2839518685%29-yFCpVryT.jpg?vh=971a96&amp;ci_seal=78adad3244\" alt=\"\"\/><br \/>\n        Gims, le 19 juillet. <strong>Photo Val\u00e9rie Le Parc.<\/strong> <\/p>\n<p>              <img ci-src=\"https:\/\/www.varmatin.com\/culture\/VARPQRXXQ7566_+VLP+_M+%2839513635%29-pjeQ0am3.jpg?vh=37145a&amp;ci_seal=49399d2135\" alt=\"\"\/><br \/>\n        Gims, le 19 juillet. <strong>Photo Val\u00e9rie Le Parc.<\/strong> <\/p>\n<p>              <img ci-src=\"https:\/\/www.varmatin.com\/culture\/VARPQRXXQ2687_+VLP+_M+%2839513632%29-qBDL7IgF.jpg?vh=f4e876&amp;ci_seal=e810888d65\" alt=\"\"\/><br \/>\n        Gims, le 19 juillet. <strong>Photo Val\u00e9rie Le Parc.<\/strong> <\/p>\n<p>              <img ci-src=\"https:\/\/www.varmatin.com\/culture\/protec\/DATA_ART_15979292-tRBwlxFy.jpg?vh=3b6c3c&amp;ci_seal=789a01d89f\" alt=\"\"\/><br \/>\n        -M- et Lamomali, le 22 juillet <strong>Photo Val\u00e9rie Le Parc.<\/strong> <\/p>\n<p>              <img ci-src=\"https:\/\/www.varmatin.com\/culture\/VARXXQ2975_VLP_FESTIV+%2839552623%29-yer1Sfir.jpg?vh=5da21e&amp;ci_seal=8e82b0fc0e\" alt=\"\"\/><br \/>\n        -M- et Lamomali, le 22 juillet. <strong>Photo Val\u00e9rie Le Parc.<\/strong> <\/p>\n<p>              <img ci-src=\"https:\/\/www.varmatin.com\/culture\/VARXXQ2985_VLP_FESTIV+%2839552350%29-gx6HSbzX.jpg?vh=21418a&amp;ci_seal=47584b9c80\" alt=\"\"\/><br \/>\n        -M- et Lamomali, le 22 juillet. <strong>Photo Val\u00e9rie Le Parc.<\/strong> <\/p>\n<p>              <img ci-src=\"https:\/\/www.varmatin.com\/culture\/VARXXQ2979_VLP_FESTIV+%2839552549%29-gFbuFXKy.jpg?vh=f242ac&amp;ci_seal=3121eec1d9\" alt=\"\"\/><br \/>\n        -M- et Lamomali, le 22 juillet. <strong>Photo Val\u00e9rie Le Parc.<\/strong> <\/p>\n<p>              <img ci-src=\"https:\/\/www.varmatin.com\/culture\/VARPQRXXQ3126_VLP_FES+%2839565073%29-W6zuryHE.jpg?vh=69a01b&amp;ci_seal=a0e301c62f\" alt=\"\"\/><br \/>\n        Simple Minds, le 23 juillet. <strong>Photo Val\u00e9rie Le Parc.<\/strong> <\/p>\n<p>              <img ci-src=\"https:\/\/www.varmatin.com\/culture\/VARPQRXXQ3115_VLP_FES+%2839565056%29-ewdsHUHI.jpg?vh=530f86&amp;ci_seal=6d70fddf91\" alt=\"\"\/><br \/>\n        Simple Minds, le 23 juillet. <strong>Photo Val\u00e9rie Le Parc.<\/strong> <\/p>\n<p>              <img ci-src=\"https:\/\/www.varmatin.com\/culture\/VARPQRXXQ3110_VLP_FES+%2839565019%29-FIkX22qA.jpg?vh=804a99&amp;ci_seal=93bac9ee6f\" alt=\"\"\/><br \/>\n        Simple Minds, le 23 juillet. <strong>Photo Val\u00e9rie Le Parc.<\/strong> <\/p>\n<p>              <img ci-src=\"https:\/\/www.varmatin.com\/culture\/VARPQRXXQ3122_VLP_FES+%2839565059%29-35b1APu9.jpg?vh=7428a6&amp;ci_seal=da07e612e2\" alt=\"\"\/><br \/>\n        Simple Minds, le 23 juillet. <strong>Photo Val\u00e9rie Le Parc.<\/strong> <\/p>\n<p>              <img ci-src=\"https:\/\/www.varmatin.com\/culture\/protec\/DATA_ART_15979266-H5JemEum.jpg?vh=2153df&amp;ci_seal=44620dc984\" alt=\"\"\/><br \/>\n        Sofiane Pamart, le 25 juillet. <strong>Photo Val\u00e9rie Le arc.<\/strong> <\/p>\n<p>              <img ci-src=\"https:\/\/www.varmatin.com\/culture\/VARXXQ3270_VLP_FESTIV+%2839591687%29-aWMdPdyO.jpg?vh=08243d&amp;ci_seal=cfd119b0a4\" alt=\"\"\/><br \/>\n        Sofiane Pamart, le 25 juillet. <strong>Photo Val\u00e9rie Le Parc.<\/strong> <\/p>\n<p>              <img ci-src=\"https:\/\/www.varmatin.com\/culture\/VARXXQ3271_VLP_FESTIV+%2839591673%29-0ec4hUEo.jpg?vh=987dff&amp;ci_seal=4635287052\" alt=\"\"\/><br \/>\n        Sofiane Pamart, le 25 juillet. <strong>Photo Val\u00e9rie Le Parc.<\/strong> <\/p>\n","protected":false},"excerpt":{"rendered":"Pour sa deuxi\u00e8me \u00e9dition, le festival Le Son by Toulon a rencontr\u00e9 un joli succ\u00e8s populaire. Avec cinq&hellip;\n","protected":false},"author":2,"featured_media":277756,"comment_status":"","ping_status":"","sticky":false,"template":"","format":"standard","meta":{"footnotes":""},"categories":[9619],"tags":[1111,11,251,1777,674,1011,27,1393,12,882,25,2310],"class_list":{"0":"post-277755","1":"post","2":"type-post","3":"status-publish","4":"format-standard","5":"has-post-thumbnail","7":"category-toulon","8":"tag-actu","9":"tag-actualites","10":"tag-culture","11":"tag-eu","12":"tag-europe","13":"tag-fr","14":"tag-france","15":"tag-loisirs","16":"tag-news","17":"tag-provence-alpes-cote-dazur","18":"tag-republique-francaise","19":"tag-toulon"},"share_on_mastodon":{"url":"https:\/\/pubeurope.com\/@fr\/114926184405504616","error":""},"_links":{"self":[{"href":"https:\/\/www.europesays.com\/fr\/wp-json\/wp\/v2\/posts\/277755","targetHints":{"allow":["GET"]}}],"collection":[{"href":"https:\/\/www.europesays.com\/fr\/wp-json\/wp\/v2\/posts"}],"about":[{"href":"https:\/\/www.europesays.com\/fr\/wp-json\/wp\/v2\/types\/post"}],"author":[{"embeddable":true,"href":"https:\/\/www.europesays.com\/fr\/wp-json\/wp\/v2\/users\/2"}],"replies":[{"embeddable":true,"href":"https:\/\/www.europesays.com\/fr\/wp-json\/wp\/v2\/comments?post=277755"}],"version-history":[{"count":0,"href":"https:\/\/www.europesays.com\/fr\/wp-json\/wp\/v2\/posts\/277755\/revisions"}],"wp:featuredmedia":[{"embeddable":true,"href":"https:\/\/www.europesays.com\/fr\/wp-json\/wp\/v2\/media\/277756"}],"wp:attachment":[{"href":"https:\/\/www.europesays.com\/fr\/wp-json\/wp\/v2\/media?parent=277755"}],"wp:term":[{"taxonomy":"category","embeddable":true,"href":"https:\/\/www.europesays.com\/fr\/wp-json\/wp\/v2\/categories?post=277755"},{"taxonomy":"post_tag","embeddable":true,"href":"https:\/\/www.europesays.com\/fr\/wp-json\/wp\/v2\/tags?post=277755"}],"curies":[{"name":"wp","href":"https:\/\/api.w.org\/{rel}","templated":true}]}}