{"id":277757,"date":"2025-07-27T16:39:15","date_gmt":"2025-07-27T16:39:15","guid":{"rendered":"https:\/\/www.europesays.com\/fr\/277757\/"},"modified":"2025-07-27T16:39:15","modified_gmt":"2025-07-27T16:39:15","slug":"le-navire-handala-intercepte-par-larmee-israelienne-arrive-en-israel","status":"publish","type":"post","link":"https:\/\/www.europesays.com\/fr\/277757\/","title":{"rendered":"Le navire Handala intercept\u00e9 par l\u2019arm\u00e9e isra\u00e9lienne arrive en Isra\u00ebl"},"content":{"rendered":"<p>Des soldats isra\u00e9liens sont mont\u00e9s samedi 26\u00a0juillet \u00e0 bord du Handala, un bateau exploit\u00e9 par le mouvement propalestinien<strong> \u00ab\u00a0Flottille pour la libert\u00e9\u00a0\u00bb<\/strong> qui se dirigeait vers Gaza, pour en prendre le contr\u00f4le selon une retransmission en direct diffus\u00e9e par le groupe.<\/p>\n<p>La retransmission montrait des militants propalestiniens assis sur le pont les mains en l\u2019air, et sifflant la chanson antifasciste italienne <strong>\u00ab\u00a0Bella Ciao\u00a0\u00bb<\/strong>, cependant que les soldats prenaient le contr\u00f4le du navire. Le bateau arrive d\u00e9sormais en Isra\u00ebl.<\/p>\n<p>Vid\u00e9os en direct<\/p>\n<p>Trois diffusions vid\u00e9o en direct de la sc\u00e8ne, diffus\u00e9es en ligne, ont \u00e9t\u00e9 coup\u00e9es quelques minutes plus tard.<\/p>\n<p>Dans un message sur les r\u00e9seaux sociaux, la <strong>\u00ab\u00a0Flottille pour la libert\u00e9\u00a0\u00bb<\/strong> a indiqu\u00e9 que le <strong>\u00ab\u00a0Handala a \u00e9t\u00e9 intercept\u00e9 et abord\u00e9 ill\u00e9galement par les forces isra\u00e9liennes alors qu\u2019il se trouvait dans les eaux internationales\u00a0\u00bb<\/strong>.<\/p>\n<p>Un outil de suivi en ligne montre que le navire se trouvait \u00e0 environ 50\u00a0kilom\u00e8tres de la c\u00f4te \u00e9gyptienne et \u00e0 100\u00a0kilom\u00e8tres \u00e0 l\u2019ouest de Gaza lorsqu\u2019il a \u00e9t\u00e9 intercept\u00e9.<\/p>\n<p>Il n\u2019y a eu aucune confirmation imm\u00e9diate de l\u2019op\u00e9ration par l\u2019arm\u00e9e isra\u00e9lienne, mais elle avait pr\u00e9venu plus t\u00f4t dans la journ\u00e9e qu\u2019elle appliquerait <strong>\u00ab\u00a0le blocus l\u00e9gal de s\u00e9curit\u00e9 maritime de la bande de Gaza\u00a0\u00bb<\/strong>.<\/p>\n<p><strong>Lire aussi\u00a0:<\/strong>\u00a0<a href=\"https:\/\/rennes.maville.com\/sport\/detail_--stop-genocide-a-gaza-amnesty-international-projette-un-slogan-sur-la-vasque-olympique-_54135-6914993_actu.Htm\" target=\"_blank\" rel=\"noopener\">\u00ab\u00a0Stop G\u00e9nocide \u00e0 Gaza\u00a0\u00bb\u00a0: Amnesty International projette un slogan sur la vasque olympique<\/a><\/p>\n<p>R\u00e9actions de la classe politique fran\u00e7aise<\/p>\n<p><strong>\u00ab\u00a0Les voyous de Netanyahou ont abord\u00e9 le Handala. Ils attaquent 21\u00a0personnes d\u00e9sarm\u00e9es dans des eaux internationales o\u00f9 ils n\u2019ont aucun droit. Un kidnapping dans lequel deux parlementaires fran\u00e7aises sont victimes\u00a0\u00bb<\/strong>, a r\u00e9agi sur X le leader de LFI, Jean-Luc Melenchon. <strong>\u00ab\u00a0Gouvernement Bayrou faites quelque chose d\u2019autre que le paillasson de Netanyahou\u00a0\u00bb<\/strong>, a-t-il lanc\u00e9 aux autorit\u00e9s fran\u00e7aises.<\/p>\n<p>Le bateau avait <a href=\"https:\/\/rennes.maville.com\/actu\/actudet_-flottille-pour-la-liberte-contact-perdu-avec-le-handala-en-route-pour-gaza-avec-2-deputees-lfi-_54135-6912717_actu.Htm\" target=\"_blank\" rel=\"noopener\">quitt\u00e9 le 13\u00a0juillet le port italien<\/a> de Syracuse, en Sicile.<\/p>\n<p>A son bord, 19\u00a0militants de nationalit\u00e9s diverses, parmi lesquels deux \u00e9lues du parti fran\u00e7ais de gauche radicale La France insoumise (LFI), Gabrielle Cathala et Emma Fourreau, ainsi que deux journalistes.<\/p>\n<p>Cet ancien chalutier norv\u00e9gien transporte du mat\u00e9riel m\u00e9dical, des denr\u00e9es alimentaires, des \u00e9quipements pour enfants ainsi que des m\u00e9dicaments.<\/p>\n<p>L\u2019exp\u00e9dition, financ\u00e9e par des campagnes de dons, visait \u00e0 briser le blocus isra\u00e9lien impos\u00e9 \u00e0 la bande de Gaza, en proie \u00e0 <a href=\"https:\/\/rennes.maville.com\/actu\/actudet_-gaza-israel-annonce-la-reprise-immediate-des-largages-d-aide-humanitaire-_54135-6914983_actu.Htm\" target=\"_blank\" rel=\"noopener\">une crise humanitaire majeure<\/a>, et \u00e0 y acheminer de l\u2019aide.<\/p>\n<p>\u00a0<\/p>\n","protected":false},"excerpt":{"rendered":"Des soldats isra\u00e9liens sont mont\u00e9s samedi 26\u00a0juillet \u00e0 bord du Handala, un bateau exploit\u00e9 par le mouvement propalestinien&hellip;\n","protected":false},"author":2,"featured_media":277758,"comment_status":"","ping_status":"","sticky":false,"template":"","format":"standard","meta":{"footnotes":""},"categories":[9619],"tags":[1111,11,1813,15200,1777,674,1011,27,41705,41429,664,5769,11678,12,882,25,2310],"class_list":{"0":"post-277757","1":"post","2":"type-post","3":"status-publish","4":"format-standard","5":"has-post-thumbnail","7":"category-toulon","8":"tag-actu","9":"tag-actualites","10":"tag-armee","11":"tag-arrive","12":"tag-eu","13":"tag-europe","14":"tag-fr","15":"tag-france","16":"tag-handala","17":"tag-intercepte","18":"tag-israel","19":"tag-israelienne","20":"tag-navire","21":"tag-news","22":"tag-provence-alpes-cote-dazur","23":"tag-republique-francaise","24":"tag-toulon"},"share_on_mastodon":{"url":"https:\/\/pubeurope.com\/@fr\/114926188197079472","error":""},"_links":{"self":[{"href":"https:\/\/www.europesays.com\/fr\/wp-json\/wp\/v2\/posts\/277757","targetHints":{"allow":["GET"]}}],"collection":[{"href":"https:\/\/www.europesays.com\/fr\/wp-json\/wp\/v2\/posts"}],"about":[{"href":"https:\/\/www.europesays.com\/fr\/wp-json\/wp\/v2\/types\/post"}],"author":[{"embeddable":true,"href":"https:\/\/www.europesays.com\/fr\/wp-json\/wp\/v2\/users\/2"}],"replies":[{"embeddable":true,"href":"https:\/\/www.europesays.com\/fr\/wp-json\/wp\/v2\/comments?post=277757"}],"version-history":[{"count":0,"href":"https:\/\/www.europesays.com\/fr\/wp-json\/wp\/v2\/posts\/277757\/revisions"}],"wp:featuredmedia":[{"embeddable":true,"href":"https:\/\/www.europesays.com\/fr\/wp-json\/wp\/v2\/media\/277758"}],"wp:attachment":[{"href":"https:\/\/www.europesays.com\/fr\/wp-json\/wp\/v2\/media?parent=277757"}],"wp:term":[{"taxonomy":"category","embeddable":true,"href":"https:\/\/www.europesays.com\/fr\/wp-json\/wp\/v2\/categories?post=277757"},{"taxonomy":"post_tag","embeddable":true,"href":"https:\/\/www.europesays.com\/fr\/wp-json\/wp\/v2\/tags?post=277757"}],"curies":[{"name":"wp","href":"https:\/\/api.w.org\/{rel}","templated":true}]}}