{"id":277761,"date":"2025-07-27T16:41:15","date_gmt":"2025-07-27T16:41:15","guid":{"rendered":"https:\/\/www.europesays.com\/fr\/277761\/"},"modified":"2025-07-27T16:41:15","modified_gmt":"2025-07-27T16:41:15","slug":"que-revele-loperation-de-controle-menee-aupres-des-eleves-dauto-ecole","status":"publish","type":"post","link":"https:\/\/www.europesays.com\/fr\/277761\/","title":{"rendered":"que r\u00e9v\u00e8le l&rsquo;op\u00e9ration de contr\u00f4le men\u00e9e aupr\u00e8s des \u00e9l\u00e8ves d&rsquo;auto-\u00e9cole ?"},"content":{"rendered":"<p>\nFace \u00e0 l&rsquo;augmentation alarmante des accidents de la route, les forces de l&rsquo;ordre ont men\u00e9 une op\u00e9ration cibl\u00e9e \u00e0 Montpellier. Cette fois-ci, ce sont les \u00e9l\u00e8ves d&rsquo;auto-\u00e9cole et leurs accompagnateurs qui ont \u00e9t\u00e9 contr\u00f4l\u00e9s.<\/p>\n<p>\n\u00a9 Pr\u00e9fet de l\u2019H\u00e9rault \u2013 op\u00e9ration de contr\u00f4le cibl\u00e9e sur les \u00e9l\u00e8ves d\u2019auto-\u00e9cole.<\/p>\n<p>Face \u00e0 la recrudescence des <strong>accidents mortels<\/strong> sur les routes de <a href=\"https:\/\/infoccitanie.fr\/tag\/herault\/\" target=\"_blank\" rel=\"noopener\">l\u2019H\u00e9rault<\/a>, les autorit\u00e9s ont souhait\u00e9 agir. Une <strong>op\u00e9ration de contr\u00f4les<\/strong> ciblant les <strong>\u00e9l\u00e8ves conducteurs<\/strong>, leurs <strong>accompagnateurs<\/strong> et les <strong>inspecteurs<\/strong> a \u00e9t\u00e9 men\u00e9e ce lundi 21 juillet dans la capitale h\u00e9raultaise.<\/p>\n<p>Une situation alarmante sur les routes de l\u2019H\u00e9rault<\/p>\n<p>Depuis le d\u00e9but de l\u2019ann\u00e9e, <strong>34 personnes ont perdu la vie<\/strong> dans des accidents de la circulation dans le d\u00e9partement. Contre <strong>24 \u00e0 la m\u00eame p\u00e9riode en 2024<\/strong>. Une <strong>hausse pr\u00e9occupante de 42%<\/strong>, selon l\u2019Observatoire d\u00e9partemental de la s\u00e9curit\u00e9 routi\u00e8re. En 2024, 58 morts et plus de 1 000 bless\u00e9s avaient \u00e9t\u00e9 recens\u00e9s, dont 24 d\u00e9c\u00e8s impliquant <strong>alcool<\/strong> ou <strong>stup\u00e9fiants<\/strong>.<\/p>\n<p>Ces substances restent des <strong>facteurs majeurs d\u2019accidents graves<\/strong>. Au premier semestre 2025, 11 accidents mortels ont impliqu\u00e9 des conducteurs sous emprise. Une situation qui a pouss\u00e9 le<strong> pr\u00e9fet de <a href=\"https:\/\/infoccitanie.fr\/tag\/herault\/\" target=\"_blank\" rel=\"noopener\">l\u2019H\u00e9rault<\/a><\/strong> \u00e0 ordonner un <strong>renforcement des contr\u00f4les<\/strong>, y compris lors des \u00e9preuves du permis de conduire.<\/p>\n<p>Une op\u00e9ration cibl\u00e9e \u00e0 Montpellier<\/p>\n<p>Le <strong>lundi 21 juillet 2025<\/strong>, une <strong>op\u00e9ration de d\u00e9pistage<\/strong> s\u2019est tenue aux abords de la Maison de la s\u00e9curit\u00e9 routi\u00e8re \u00e0 <a href=\"https:\/\/infoccitanie.fr\/tag\/montpellier\/\" target=\"_blank\" rel=\"noopener\">Montpellier<\/a>. Men\u00e9e par la direction interd\u00e9partementale de la police nationale, l\u2019action a cibl\u00e9 les \u00e9l\u00e8ves en cours de conduite. \u00c9taient \u00e9galement vis\u00e9s les candidats au permis, ainsi que leurs accompagnateurs, moniteurs et inspecteurs. <strong>23 v\u00e9hicules auto-\u00e9cole<\/strong> ont \u00e9t\u00e9 contr\u00f4l\u00e9s. <strong>R\u00e9sultat\u00a0?<\/strong> Un \u00e9l\u00e8ve en conduite a \u00e9t\u00e9 test\u00e9 positif aux stup\u00e9fiants.<\/p>\n<p>\u00ab\u00a0Tol\u00e9rance z\u00e9ro pour les d\u00e9linquants de la route\u00a0\u00bb<\/p>\n<p>Le <strong>pr\u00e9fet de <a href=\"https:\/\/infoccitanie.fr\/tag\/herault\/\" target=\"_blank\" rel=\"noopener\">l\u2019H\u00e9rault<\/a> <\/strong>insiste sur une r\u00e8gle\u00a0: \u00ab\u00a0<strong>tol\u00e9rance z\u00e9ro pour les d\u00e9linquants de la <\/strong><strong>route<\/strong>\u00ab\u00a0. Ces contr\u00f4les s\u2019inscrivent dans une volont\u00e9 claire de <strong>responsabiliser tous les usagers<\/strong>. Les <strong>cons\u00e9quences<\/strong> peuvent \u00eatre lourdes : suspension imm\u00e9diate du permis pendant six mois, retrait de points, annulation, voire interdiction de repasser l\u2019examen pendant plusieurs ann\u00e9es. Depuis janvier 2025, le pr\u00e9fet de l\u2019H\u00e9rault a d\u00e9j\u00e0 prononc\u00e9 <strong>1 549 suspensions de permis<\/strong>, dont 376 pour conduite sous stup\u00e9fiants.<\/p>\n","protected":false},"excerpt":{"rendered":"Face \u00e0 l&rsquo;augmentation alarmante des accidents de la route, les forces de l&rsquo;ordre ont men\u00e9 une op\u00e9ration cibl\u00e9e&hellip;\n","protected":false},"author":2,"featured_media":277762,"comment_status":"","ping_status":"","sticky":false,"template":"","format":"standard","meta":{"footnotes":""},"categories":[9599],"tags":[1111,11,10787,1777,674,1011,27,2208,12,2680,25],"class_list":{"0":"post-277761","1":"post","2":"type-post","3":"status-publish","4":"format-standard","5":"has-post-thumbnail","7":"category-montpellier","8":"tag-actu","9":"tag-actualites","10":"tag-controles","11":"tag-eu","12":"tag-europe","13":"tag-fr","14":"tag-france","15":"tag-montpellier","16":"tag-news","17":"tag-occitanie","18":"tag-republique-francaise"},"share_on_mastodon":{"url":"https:\/\/pubeurope.com\/@fr\/114926196211268786","error":""},"_links":{"self":[{"href":"https:\/\/www.europesays.com\/fr\/wp-json\/wp\/v2\/posts\/277761","targetHints":{"allow":["GET"]}}],"collection":[{"href":"https:\/\/www.europesays.com\/fr\/wp-json\/wp\/v2\/posts"}],"about":[{"href":"https:\/\/www.europesays.com\/fr\/wp-json\/wp\/v2\/types\/post"}],"author":[{"embeddable":true,"href":"https:\/\/www.europesays.com\/fr\/wp-json\/wp\/v2\/users\/2"}],"replies":[{"embeddable":true,"href":"https:\/\/www.europesays.com\/fr\/wp-json\/wp\/v2\/comments?post=277761"}],"version-history":[{"count":0,"href":"https:\/\/www.europesays.com\/fr\/wp-json\/wp\/v2\/posts\/277761\/revisions"}],"wp:featuredmedia":[{"embeddable":true,"href":"https:\/\/www.europesays.com\/fr\/wp-json\/wp\/v2\/media\/277762"}],"wp:attachment":[{"href":"https:\/\/www.europesays.com\/fr\/wp-json\/wp\/v2\/media?parent=277761"}],"wp:term":[{"taxonomy":"category","embeddable":true,"href":"https:\/\/www.europesays.com\/fr\/wp-json\/wp\/v2\/categories?post=277761"},{"taxonomy":"post_tag","embeddable":true,"href":"https:\/\/www.europesays.com\/fr\/wp-json\/wp\/v2\/tags?post=277761"}],"curies":[{"name":"wp","href":"https:\/\/api.w.org\/{rel}","templated":true}]}}