{"id":277763,"date":"2025-07-27T16:42:12","date_gmt":"2025-07-27T16:42:12","guid":{"rendered":"https:\/\/www.europesays.com\/fr\/277763\/"},"modified":"2025-07-27T16:42:12","modified_gmt":"2025-07-27T16:42:12","slug":"pres-de-rouen-la-construction-de-cette-superette-suspendue-a-cause-de-la-couleur-de-son-toit","status":"publish","type":"post","link":"https:\/\/www.europesays.com\/fr\/277763\/","title":{"rendered":"Pr\u00e8s de Rouen, la construction de cette sup\u00e9rette suspendue&#8230; \u00e0 cause de la couleur de son toit"},"content":{"rendered":"<p>            Par<br \/>\n        <strong><br \/>\n            <a href=\"https:\/\/actu.fr\/auteur\/emilien-jacques\" title=\"Consulter tous les articles de Emilien Jacques\" rel=\"nofollow noopener\" target=\"_blank\">Emilien Jacques<\/a><br \/>\n        <\/strong><\/p>\n<p>        Publi\u00e9 le<\/p>\n<p>            27 juil. 2025 \u00e0 16h04        <\/p>\n<p>Un contretemps que ni la municipalit\u00e9 de <a href=\"https:\/\/actu.fr\/normandie\/servaville-salmonville_76673\" rel=\"nofollow noopener\" target=\"_blank\">Servaville-Salmonville (Seine-Maritime)<\/a>, ni la direction<strong> des \u00e9piceries Api<\/strong> n\u2019avaient vu venir. La construction du mobile home devant abriter<strong> le nouveau commerce<\/strong> a \u00e9t\u00e9 stopp\u00e9e et les travaux visibles sur le parking de la salle polyvalente de la commune se r\u00e9sument \u00e0 une simple dalle en b\u00e9ton. Une<strong> intervention des Architectes des B\u00e2timents de France<\/strong> en est la cause.<\/p>\n<p>Un toit rouge obligatoire<\/p>\n<p class=\" wall-content\">Les sup\u00e9rettes Api en libre-service (accessibles 7\u00a0jours sur 7 et 24\u00a0heures sur 24) se pr\u00e9sentent sous la forme d\u2019un mobile home en bois de 40m2 flanqu\u00e9es d\u2019une enseigne jaune et munies d\u2019un toit <strong>g\u00e9n\u00e9ralement de couleur noire<\/strong>. Or, sur la commune de Servaville-Salmonville, l\u2019association des Architectes des B\u00e2timents de France impose du commerce que son toit soit rouge.<\/p>\n<p class=\" wall-content\">Une d\u00e9cision qui a pris de court la soci\u00e9t\u00e9 Api, comme l\u2019explique la responsable impact, Lucie Chaplain\u2009: \u00ab\u2009L\u2019obtention du permis de construire n\u00e9cessitait sur cette zone d\u2019avoir<strong> un toit rouge<\/strong>. Comme ce n\u2019est pas le mod\u00e8le standard de nos sup\u00e9rettes, nous avons d\u00fb voir avec notre fournisseur pour faire un mod\u00e8le sp\u00e9cifique. Cela a pris du temps.\u2009\u00bb<\/p>\n<p class=\" wall-content\">R\u00e9sultat des comptes\u2009: une ouverture de l\u2019\u00e9picerie en libre-service pr\u00e9vue pour d\u00e9cembre\u00a02025, m\u00eame si \u00ab\u2009rien n\u2019est encore certain \u00e0 100\u2009%\u2009\u00bb, toujours selon Lucie Chaplain.<\/p>\n<p>\u00ab\u2009Rien \u00e0 voir avec les forains\u2009\u00bb selon le maire<\/p>\n<p class=\" wall-content\">L\u2019annonce de ce futur commerce sur le parking de la salle polyvalente avait suscit\u00e9 quelques interrogations quant \u00e0 la bonne tenue de la f\u00eate foraine qui se d\u00e9roule chaque ann\u00e9e au m\u00eame endroit, lors de la f\u00eate du village. Des discussions ont eu lieu entre les forains et la commune \u00e0 ce sujet, mais n\u2019ont aucun lien avec la suspension des travaux. Le maire Jean-Paul Dupressoir est cat\u00e9gorique \u00e0 ce sujet\u2009: \u00ab\u2009Cela n\u2019a<strong> rien \u00e0 voir avec les forains<\/strong>.\u2009\u00bb<\/p>\n<p class=\" wall-content\">Il rassure m\u00eame quant \u00e0 leur pr\u00e9sence lors de la prochaine f\u00eate du village\u2009: \u00ab\u2009Les forains comptent revenir. Il y aura un changement des dispositions des man\u00e8ges\u2009\u00bb, a-t-il annonc\u00e9.<\/p>\n<p>Suivez l\u2019actualit\u00e9 de Rouen <a href=\"https:\/\/www.whatsapp.com\/channel\/0029VaKfnf99hXF2ddApFB1D\" rel=\"nofollow noopener\" target=\"_blank\">sur notre cha\u00eene WhatsApp<\/a> et <a href=\"https:\/\/www.tiktok.com\/@76actu.fr?lang=fr\" rel=\"nofollow noopener\" target=\"_blank\">sur notre compte TikTok<\/a><\/p>\n<p class=\" wall-content\">Suivez toute l\u2019actualit\u00e9 de vos villes et m\u00e9dias favoris en vous inscrivant \u00e0 <a href=\"https:\/\/moncompte.actu.fr\" title=\"D\u00e9couvez Mon Actu\" rel=\"nofollow noopener\" data-trk=\"{&quot;cta&quot;:{&quot;action&quot;:&quot;https:\\\/\\\/moncompte.actu.fr&quot;,&quot;category&quot;:&quot;mon compte&quot;,&quot;from&quot;:&quot;article footer&quot;,&quot;name&quot;:&quot;Mon actu&quot;,&quot;type&quot;:&quot;cta&quot;}}\" target=\"_blank\">Mon Actu<\/a>.<\/p>\n<p>                    <script async src=\"\/\/www.tiktok.com\/embed.js\"><\/script><\/p>\n","protected":false},"excerpt":{"rendered":"Par Emilien Jacques Publi\u00e9 le 27 juil. 2025 \u00e0 16h04 Un contretemps que ni la municipalit\u00e9 de Servaville-Salmonville&hellip;\n","protected":false},"author":2,"featured_media":277764,"comment_status":"","ping_status":"","sticky":false,"template":"","format":"standard","meta":{"footnotes":""},"categories":[9587],"tags":[1111,11,215,1777,674,1011,27,1757,12,5161,25,9590],"class_list":{"0":"post-277763","1":"post","2":"type-post","3":"status-publish","4":"format-standard","5":"has-post-thumbnail","7":"category-rouen","8":"tag-actu","9":"tag-actualites","10":"tag-commerce","11":"tag-eu","12":"tag-europe","13":"tag-fr","14":"tag-france","15":"tag-insolite","16":"tag-news","17":"tag-normandie","18":"tag-republique-francaise","19":"tag-rouen"},"share_on_mastodon":{"url":"https:\/\/pubeurope.com\/@fr\/114926199995951382","error":""},"_links":{"self":[{"href":"https:\/\/www.europesays.com\/fr\/wp-json\/wp\/v2\/posts\/277763","targetHints":{"allow":["GET"]}}],"collection":[{"href":"https:\/\/www.europesays.com\/fr\/wp-json\/wp\/v2\/posts"}],"about":[{"href":"https:\/\/www.europesays.com\/fr\/wp-json\/wp\/v2\/types\/post"}],"author":[{"embeddable":true,"href":"https:\/\/www.europesays.com\/fr\/wp-json\/wp\/v2\/users\/2"}],"replies":[{"embeddable":true,"href":"https:\/\/www.europesays.com\/fr\/wp-json\/wp\/v2\/comments?post=277763"}],"version-history":[{"count":0,"href":"https:\/\/www.europesays.com\/fr\/wp-json\/wp\/v2\/posts\/277763\/revisions"}],"wp:featuredmedia":[{"embeddable":true,"href":"https:\/\/www.europesays.com\/fr\/wp-json\/wp\/v2\/media\/277764"}],"wp:attachment":[{"href":"https:\/\/www.europesays.com\/fr\/wp-json\/wp\/v2\/media?parent=277763"}],"wp:term":[{"taxonomy":"category","embeddable":true,"href":"https:\/\/www.europesays.com\/fr\/wp-json\/wp\/v2\/categories?post=277763"},{"taxonomy":"post_tag","embeddable":true,"href":"https:\/\/www.europesays.com\/fr\/wp-json\/wp\/v2\/tags?post=277763"}],"curies":[{"name":"wp","href":"https:\/\/api.w.org\/{rel}","templated":true}]}}