{"id":277765,"date":"2025-07-27T16:48:21","date_gmt":"2025-07-27T16:48:21","guid":{"rendered":"https:\/\/www.europesays.com\/fr\/277765\/"},"modified":"2025-07-27T16:48:21","modified_gmt":"2025-07-27T16:48:21","slug":"deux-suspects-ecroues-apres-la-mort-dun-jeune-poignarde-aux-abords-dune-station-de-metro","status":"publish","type":"post","link":"https:\/\/www.europesays.com\/fr\/277765\/","title":{"rendered":"Deux suspects \u00e9crou\u00e9s apr\u00e8s la mort d\u2019un jeune poignard\u00e9 aux abords d\u2019une station de m\u00e9tro"},"content":{"rendered":"<p>L\u2019enqu\u00eate avance. Apr\u00e8s la mort d\u2019un jeune homme de 20 ans, poignard\u00e9 le 19\u00a0juillet \u00e0 <a href=\"https:\/\/www.20minutes.fr\/rennes\/\" target=\"_blank\" class=\"color-ultramarine c-link\" rel=\"noopener\">Rennes <\/a>aux abords d\u2019une station de m\u00e9tro, deux personnes ont \u00e9t\u00e9 mises en examen et \u00e9crou\u00e9es, a appris ce dimanche l\u2019AFP aupr\u00e8s du parquet. \u00ab\u00a0L\u2019hypoth\u00e8se d\u2019un r\u00e8glement de comptes en lien direct avec le trafic de stup\u00e9fiants n\u2019est pas privil\u00e9gi\u00e9e \u00e0 ce stade de la proc\u00e9dure\u00a0\u00bb, souligne dans un communiqu\u00e9 le procureur de la R\u00e9publique adjoint, Matthieu Thomas.<\/p>\n<\/p>\n<p>La victime, bless\u00e9e \u00e0 l\u2019abdomen par arme blanche, avait \u00e9t\u00e9 d\u00e9pos\u00e9e en voiture par trois personnes aux <a href=\"https:\/\/www.20minutes.fr\/dossier\/urgences\" target=\"_blank\" class=\"color-ultramarine c-link\" rel=\"noopener\">urgences <\/a>de Rennes, o\u00f9 elle a succomb\u00e9 \u00e0 ses blessures. Les trois accompagnateurs de la victime, qui ne la connaissaient pas, ainsi que deux autres personnes qui s\u2019\u00e9taient pr\u00e9sent\u00e9es peu apr\u00e8s \u00e0 l\u2019<a href=\"https:\/\/www.20minutes.fr\/dossier\/hopital\" target=\"_blank\" class=\"color-ultramarine c-link\" rel=\"noopener\">h\u00f4pital <\/a>pour prendre des nouvelles du bless\u00e9, avaient \u00e9t\u00e9 plac\u00e9s en garde \u00e0 vue pour des v\u00e9rifications avant d\u2019\u00eatre mis hors de cause et lib\u00e9r\u00e9s.<\/p>\n<p>Les suspects plac\u00e9s en d\u00e9tention provisoire<\/p>\n<p>Une semaine apr\u00e8s cet homicide, \u00ab\u00a0deux individus impliqu\u00e9s dans la sc\u00e8ne du crime\u00a0\u00bb ont \u00e9t\u00e9 mis en examen, l\u2019un pour <a href=\"https:\/\/www.20minutes.fr\/dossier\/meurtre\" target=\"_blank\" class=\"color-ultramarine c-link\" rel=\"noopener\">meurtre <\/a>en bande organis\u00e9e et association de malfaiteurs, l\u2019autre pour complicit\u00e9 de meurtre en bande organis\u00e9e et association de malfaiteurs, indique le parquet de Rennes. Tous deux \u00e2g\u00e9s de 20 ans, ils ont \u00e9t\u00e9 plac\u00e9s en d\u00e9tention provisoire.<\/p>\n<p>Le premier mis en cause \u00ab\u00a0admet \u00eatre l\u2019auteur du coup de couteau mortel port\u00e9 \u00e0 la victime dans un contexte d\u2019altercations r\u00e9p\u00e9t\u00e9es entre eux, tandis que le second conteste avoir pris part \u00e0 tout acte pr\u00e9paratoire de cette sc\u00e8ne de crime\u00a0\u00bb, pr\u00e9cise Matthieu Thomas.<\/p>\n","protected":false},"excerpt":{"rendered":"L\u2019enqu\u00eate avance. Apr\u00e8s la mort d\u2019un jeune homme de 20 ans, poignard\u00e9 le 19\u00a0juillet \u00e0 Rennes aux abords&hellip;\n","protected":false},"author":2,"featured_media":277766,"comment_status":"","ping_status":"","sticky":false,"template":"","format":"standard","meta":{"footnotes":""},"categories":[2821],"tags":[1111,47,11,1120,829,7623,1777,674,118,1011,27,2683,848,303,5117,12,584,25],"class_list":{"0":"post-277765","1":"post","2":"type-post","3":"status-publish","4":"format-standard","5":"has-post-thumbnail","7":"category-rennes","8":"tag-actu","9":"tag-actualite","10":"tag-actualites","11":"tag-agression","12":"tag-bretagne","13":"tag-coup-de-couteau","14":"tag-eu","15":"tag-europe","16":"tag-faits-divers","17":"tag-fr","18":"tag-france","19":"tag-homicide","20":"tag-ille-et-vilaine","21":"tag-justice","22":"tag-mise-en-examen","23":"tag-news","24":"tag-rennes","25":"tag-republique-francaise"},"share_on_mastodon":{"url":"https:\/\/pubeurope.com\/@fr\/114926223567324557","error":""},"_links":{"self":[{"href":"https:\/\/www.europesays.com\/fr\/wp-json\/wp\/v2\/posts\/277765","targetHints":{"allow":["GET"]}}],"collection":[{"href":"https:\/\/www.europesays.com\/fr\/wp-json\/wp\/v2\/posts"}],"about":[{"href":"https:\/\/www.europesays.com\/fr\/wp-json\/wp\/v2\/types\/post"}],"author":[{"embeddable":true,"href":"https:\/\/www.europesays.com\/fr\/wp-json\/wp\/v2\/users\/2"}],"replies":[{"embeddable":true,"href":"https:\/\/www.europesays.com\/fr\/wp-json\/wp\/v2\/comments?post=277765"}],"version-history":[{"count":0,"href":"https:\/\/www.europesays.com\/fr\/wp-json\/wp\/v2\/posts\/277765\/revisions"}],"wp:featuredmedia":[{"embeddable":true,"href":"https:\/\/www.europesays.com\/fr\/wp-json\/wp\/v2\/media\/277766"}],"wp:attachment":[{"href":"https:\/\/www.europesays.com\/fr\/wp-json\/wp\/v2\/media?parent=277765"}],"wp:term":[{"taxonomy":"category","embeddable":true,"href":"https:\/\/www.europesays.com\/fr\/wp-json\/wp\/v2\/categories?post=277765"},{"taxonomy":"post_tag","embeddable":true,"href":"https:\/\/www.europesays.com\/fr\/wp-json\/wp\/v2\/tags?post=277765"}],"curies":[{"name":"wp","href":"https:\/\/api.w.org\/{rel}","templated":true}]}}