{"id":277773,"date":"2025-07-27T16:53:11","date_gmt":"2025-07-27T16:53:11","guid":{"rendered":"https:\/\/www.europesays.com\/fr\/277773\/"},"modified":"2025-07-27T16:53:11","modified_gmt":"2025-07-27T16:53:11","slug":"cet-ete-un-centre-commercial-de-nice-propose-un-concours-sur-les-theme-du-film-les-4-fantastiques","status":"publish","type":"post","link":"https:\/\/www.europesays.com\/fr\/277773\/","title":{"rendered":"Cet \u00e9t\u00e9, un centre commercial de Nice propose un concours sur les th\u00e8me du film \u00ab\u00a0Les 4 fantastiques\u00a0\u00bb"},"content":{"rendered":"<p>\u00c0 l\u2019occasion de la sortie du film Les 4 fantastiques: premiers pas au cin\u00e9ma, le centre commercial Nice-Lingosti\u00e8re organise un parcours ludique pour tester ses aptitudes de superh\u00e9ros jusqu\u2019au 16 ao\u00fbt, en face du magasin Yves Rocher.<\/p>\n<p>Les participants disposent de quatre minutes pour relever autant de d\u00e9fis, repr\u00e9sentant chacun des personnages du film: une \u00e9preuve de force et de r\u00e9sistance pour La Chose, \u00e9lasticit\u00e9 pour Mr Fantastique, r\u00e9flexion et pr\u00e9cision pour La Torche Humaine et discr\u00e9tion, finesse et strat\u00e9gie pour La Femme Invisible.<\/p>\n<p>Pour ceux qui rel\u00e8veront le challenge, des cadeaux en lien avec le film sont \u00e0 remporter.<\/p>\n","protected":false},"excerpt":{"rendered":"\u00c0 l\u2019occasion de la sortie du film Les 4 fantastiques: premiers pas au cin\u00e9ma, le centre commercial Nice-Lingosti\u00e8re&hellip;\n","protected":false},"author":2,"featured_media":277774,"comment_status":"","ping_status":"","sticky":false,"template":"","format":"standard","meta":{"footnotes":""},"categories":[2819],"tags":[1111,11,1777,674,1011,27,4075,1393,12,2401,882,25,3366],"class_list":{"0":"post-277773","1":"post","2":"type-post","3":"status-publish","4":"format-standard","5":"has-post-thumbnail","7":"category-nice","8":"tag-actu","9":"tag-actualites","10":"tag-eu","11":"tag-europe","12":"tag-fr","13":"tag-france","14":"tag-jeunesse","15":"tag-loisirs","16":"tag-news","17":"tag-nice","18":"tag-provence-alpes-cote-dazur","19":"tag-republique-francaise","20":"tag-vie-locale"},"share_on_mastodon":{"url":"https:\/\/pubeurope.com\/@fr\/114926243261514515","error":""},"_links":{"self":[{"href":"https:\/\/www.europesays.com\/fr\/wp-json\/wp\/v2\/posts\/277773","targetHints":{"allow":["GET"]}}],"collection":[{"href":"https:\/\/www.europesays.com\/fr\/wp-json\/wp\/v2\/posts"}],"about":[{"href":"https:\/\/www.europesays.com\/fr\/wp-json\/wp\/v2\/types\/post"}],"author":[{"embeddable":true,"href":"https:\/\/www.europesays.com\/fr\/wp-json\/wp\/v2\/users\/2"}],"replies":[{"embeddable":true,"href":"https:\/\/www.europesays.com\/fr\/wp-json\/wp\/v2\/comments?post=277773"}],"version-history":[{"count":0,"href":"https:\/\/www.europesays.com\/fr\/wp-json\/wp\/v2\/posts\/277773\/revisions"}],"wp:featuredmedia":[{"embeddable":true,"href":"https:\/\/www.europesays.com\/fr\/wp-json\/wp\/v2\/media\/277774"}],"wp:attachment":[{"href":"https:\/\/www.europesays.com\/fr\/wp-json\/wp\/v2\/media?parent=277773"}],"wp:term":[{"taxonomy":"category","embeddable":true,"href":"https:\/\/www.europesays.com\/fr\/wp-json\/wp\/v2\/categories?post=277773"},{"taxonomy":"post_tag","embeddable":true,"href":"https:\/\/www.europesays.com\/fr\/wp-json\/wp\/v2\/tags?post=277773"}],"curies":[{"name":"wp","href":"https:\/\/api.w.org\/{rel}","templated":true}]}}