{"id":277792,"date":"2025-07-27T17:04:11","date_gmt":"2025-07-27T17:04:11","guid":{"rendered":"https:\/\/www.europesays.com\/fr\/277792\/"},"modified":"2025-07-27T17:04:11","modified_gmt":"2025-07-27T17:04:11","slug":"lyon-un-homme-arrete-apres-un-vol-de-collier-commis-de-nuit-sous-la-menace-dun-couteau","status":"publish","type":"post","link":"https:\/\/www.europesays.com\/fr\/277792\/","title":{"rendered":"Lyon. Un homme arr\u00eat\u00e9 apr\u00e8s un vol de collier commis de nuit sous la menace d\u2019un couteau"},"content":{"rendered":"<p>Un homme, soup\u00e7onn\u00e9 d\u2019avoir particip\u00e9, quelques instants plus t\u00f4t, \u00e0 un vol avec violence, a \u00e9t\u00e9 arr\u00eat\u00e9, vers 4 heures, dimanche, par des policiers, au niveau du pont Morand (Lyon 1er \u00a0et 6e ).<\/p>\n<p>Son complice est parvenu \u00e0 prendre la fuite.<\/p>\n<p>  Il menace avec un couteau de poche<\/p>\n<p>Le bin\u00f4me venait de s\u2019attaquer \u00e0 un homme, place Mar\u00e9chal-Lyautey (Lyon 6e ), l\u2019un le mena\u00e7ant avec un couteau de poche pendant que l\u2019autre lui d\u00e9robait son collier.<\/p>\n<p>Les forces de l\u2019ordre avaient \u00e9t\u00e9 pr\u00e9venues de la sc\u00e8ne.<\/p>\n","protected":false},"excerpt":{"rendered":"Un homme, soup\u00e7onn\u00e9 d\u2019avoir particip\u00e9, quelques instants plus t\u00f4t, \u00e0 un vol avec violence, a \u00e9t\u00e9 arr\u00eat\u00e9, vers&hellip;\n","protected":false},"author":2,"featured_media":277793,"comment_status":"","ping_status":"","sticky":false,"template":"","format":"standard","meta":{"footnotes":""},"categories":[1889],"tags":[1111,11,2430,271,272,2757,1777,674,274,1011,27,2428,2756,12,25,2429],"class_list":{"0":"post-277792","1":"post","2":"type-post","3":"status-publish","4":"format-standard","5":"has-post-thumbnail","7":"category-lyon","8":"tag-actu","9":"tag-actualites","10":"tag-auvergne-rhone-alpes","11":"tag-crime","12":"tag-delit-et-contravention","13":"tag-edition-lyon-villeurbanne","14":"tag-eu","15":"tag-europe","16":"tag-faits-divers-justice","17":"tag-fr","18":"tag-france","19":"tag-lyon","20":"tag-lyon-bassin","21":"tag-news","22":"tag-republique-francaise","23":"tag-rhone"},"share_on_mastodon":{"url":"https:\/\/pubeurope.com\/@fr\/114926286518596732","error":""},"_links":{"self":[{"href":"https:\/\/www.europesays.com\/fr\/wp-json\/wp\/v2\/posts\/277792","targetHints":{"allow":["GET"]}}],"collection":[{"href":"https:\/\/www.europesays.com\/fr\/wp-json\/wp\/v2\/posts"}],"about":[{"href":"https:\/\/www.europesays.com\/fr\/wp-json\/wp\/v2\/types\/post"}],"author":[{"embeddable":true,"href":"https:\/\/www.europesays.com\/fr\/wp-json\/wp\/v2\/users\/2"}],"replies":[{"embeddable":true,"href":"https:\/\/www.europesays.com\/fr\/wp-json\/wp\/v2\/comments?post=277792"}],"version-history":[{"count":0,"href":"https:\/\/www.europesays.com\/fr\/wp-json\/wp\/v2\/posts\/277792\/revisions"}],"wp:featuredmedia":[{"embeddable":true,"href":"https:\/\/www.europesays.com\/fr\/wp-json\/wp\/v2\/media\/277793"}],"wp:attachment":[{"href":"https:\/\/www.europesays.com\/fr\/wp-json\/wp\/v2\/media?parent=277792"}],"wp:term":[{"taxonomy":"category","embeddable":true,"href":"https:\/\/www.europesays.com\/fr\/wp-json\/wp\/v2\/categories?post=277792"},{"taxonomy":"post_tag","embeddable":true,"href":"https:\/\/www.europesays.com\/fr\/wp-json\/wp\/v2\/tags?post=277792"}],"curies":[{"name":"wp","href":"https:\/\/api.w.org\/{rel}","templated":true}]}}