{"id":277794,"date":"2025-07-27T17:05:12","date_gmt":"2025-07-27T17:05:12","guid":{"rendered":"https:\/\/www.europesays.com\/fr\/277794\/"},"modified":"2025-07-27T17:05:12","modified_gmt":"2025-07-27T17:05:12","slug":"cette-bordure-qui-fait-chuter-les-cyclistes","status":"publish","type":"post","link":"https:\/\/www.europesays.com\/fr\/277794\/","title":{"rendered":"cette bordure qui fait chuter les cyclistes"},"content":{"rendered":"<p>Il s\u2019agit de quelques centim\u00e8tres. Mais ils font, semble-t-il, toute la diff\u00e9rence. Longeant l\u2019avenue de Birmingham, \u00e0 l\u2019\u00e9cart de la circulation automobile, entre la sortie du tunnel et le pont Cl\u00e9menceau, la double voie cyclable a ici, une particularit\u00e9. Que conna\u00eet bien Maxime Rinck, riverain de ce secteur. Car elle serait source de chutes.<\/p>\n<p>\u00ab La zone est ultra-accidentog\u00e8ne pour les cyclistes, constate-t-il, il ne se passe pas une semaine, ou une quinzaine sans que l\u2019un d\u2019entre eux finisse par terre. \u00bb<\/p>\n<p>Un probl\u00e8me de niveau<\/p>\n<p>La raison ? C\u2019est en se&#8230;<\/p>\n","protected":false},"excerpt":{"rendered":"Il s\u2019agit de quelques centim\u00e8tres. Mais ils font, semble-t-il, toute la diff\u00e9rence. Longeant l\u2019avenue de Birmingham, \u00e0 l\u2019\u00e9cart&hellip;\n","protected":false},"author":2,"featured_media":277795,"comment_status":"","ping_status":"","sticky":false,"template":"","format":"standard","meta":{"footnotes":""},"categories":[1889],"tags":[1111,11,2430,3542,2757,1777,674,107,1011,27,2428,2756,12,25,2429,2803],"class_list":{"0":"post-277794","1":"post","2":"type-post","3":"status-publish","4":"format-standard","5":"has-post-thumbnail","7":"category-lyon","8":"tag-actu","9":"tag-actualites","10":"tag-auvergne-rhone-alpes","11":"tag-circulation","12":"tag-edition-lyon-villeurbanne","13":"tag-eu","14":"tag-europe","15":"tag-fil-info","16":"tag-fr","17":"tag-france","18":"tag-lyon","19":"tag-lyon-bassin","20":"tag-news","21":"tag-republique-francaise","22":"tag-rhone","23":"tag-transport"},"share_on_mastodon":{"url":"https:\/\/pubeurope.com\/@fr\/114926290407044264","error":""},"_links":{"self":[{"href":"https:\/\/www.europesays.com\/fr\/wp-json\/wp\/v2\/posts\/277794","targetHints":{"allow":["GET"]}}],"collection":[{"href":"https:\/\/www.europesays.com\/fr\/wp-json\/wp\/v2\/posts"}],"about":[{"href":"https:\/\/www.europesays.com\/fr\/wp-json\/wp\/v2\/types\/post"}],"author":[{"embeddable":true,"href":"https:\/\/www.europesays.com\/fr\/wp-json\/wp\/v2\/users\/2"}],"replies":[{"embeddable":true,"href":"https:\/\/www.europesays.com\/fr\/wp-json\/wp\/v2\/comments?post=277794"}],"version-history":[{"count":0,"href":"https:\/\/www.europesays.com\/fr\/wp-json\/wp\/v2\/posts\/277794\/revisions"}],"wp:featuredmedia":[{"embeddable":true,"href":"https:\/\/www.europesays.com\/fr\/wp-json\/wp\/v2\/media\/277795"}],"wp:attachment":[{"href":"https:\/\/www.europesays.com\/fr\/wp-json\/wp\/v2\/media?parent=277794"}],"wp:term":[{"taxonomy":"category","embeddable":true,"href":"https:\/\/www.europesays.com\/fr\/wp-json\/wp\/v2\/categories?post=277794"},{"taxonomy":"post_tag","embeddable":true,"href":"https:\/\/www.europesays.com\/fr\/wp-json\/wp\/v2\/tags?post=277794"}],"curies":[{"name":"wp","href":"https:\/\/api.w.org\/{rel}","templated":true}]}}