{"id":277798,"date":"2025-07-27T17:09:15","date_gmt":"2025-07-27T17:09:15","guid":{"rendered":"https:\/\/www.europesays.com\/fr\/277798\/"},"modified":"2025-07-27T17:09:15","modified_gmt":"2025-07-27T17:09:15","slug":"50-ans-apres-sa-mort-une-fresque-parisienne-rend-hommage-a-josephine-baker","status":"publish","type":"post","link":"https:\/\/www.europesays.com\/fr\/277798\/","title":{"rendered":"50 ans apr\u00e8s sa mort, une fresque parisienne rend hommage \u00e0 Jos\u00e9phine Baker"},"content":{"rendered":"<p>Situ\u00e9e \u00e0 proximit\u00e9 du canal de l\u2019Ourcq, l\u2019\u0153uvre d\u00e9di\u00e9e \u00e0 l\u2019inoubliable interpr\u00e8te de J\u2019ai deux amours et r\u00e9sistante fran\u00e7aise, a \u00e9t\u00e9 d\u00e9voil\u00e9e le 19 juillet. Elle a \u00e9t\u00e9 r\u00e9alis\u00e9e par le street-artiste, FKDL.<\/p>\n<p class=\"fig-paragraph\">\u00ab\u00a0J\u2019ai deux amours, mon pays et Paris\u00a0\u00bb chantait en 1930,\u00a0<a href=\"http:\/\/www.lefigaro.fr\/theatre\/josephine-baker-le-musical-revient-a-bobino-pour-le-50e-anniversaire-de-la-disparition-de-l-artiste-pantheonisee-20250531\" data-fig-type=\"Article\" data-gtm-custom-categorie=\"navigation\" data-gtm-custom-action=\"crossclick\" data-gtm-custom-label=\"Contextuel\" data-gtm-event=\"customEventSPE\" data-fig-domain=\"LEFIGARO\" target=\"_blank\" rel=\"noopener\">Jos\u00e9phine Baker<\/a>. 50 ans apr\u00e8s sa disparition, l\u2019artiste et espionne pour la R\u00e9sistance fran\u00e7aise est immortalis\u00e9e sur une fresque bleue et jaune, situ\u00e9e \u00e0 proximit\u00e9 du\u00a0<a href=\"https:\/\/www.lefigaro.fr\/culture\/2015\/07\/20\/03004-20150720ARTFIG00126-le-canal-de-l-ourcq-fait-son-festival.php\" data-fig-type=\"Article\" data-gtm-custom-categorie=\"navigation\" data-gtm-custom-action=\"crossclick\" data-gtm-custom-label=\"Contextuel\" data-gtm-event=\"customEventSPE\" data-fig-domain=\"LEFIGARO\" target=\"_blank\" rel=\"noopener\">canal de l\u2019Ourcq<\/a>\u00a0(nord-est de Paris) rapporte\u00a0<a href=\"https:\/\/fr.euronews.com\/culture\/2025\/07\/21\/josephine-baker-a-lhonneur-sur-une-fresque-a-paris\" target=\"_blank\" rel=\"sponsored noopener\" data-gtm-custom-categorie=\"navigation\" data-gtm-custom-action=\"crossclick\" data-gtm-custom-label=\"Contextuel\" data-gtm-event=\"customEventSPE\">Euronews<\/a>. R\u00e9alis\u00e9e par l\u2019artiste sp\u00e9cialiste du collage papier et du scotch FKDL, l\u2019\u0153uvre a \u00e9t\u00e9 cr\u00e9\u00e9e dans le cadre du festival de street art Ourcq Living Colors. Elle a \u00e9t\u00e9 d\u00e9voil\u00e9e le samedi 19 juillet en pr\u00e9sence du fils de la chanteuse, Brian Baker. \u00ab Je suis heureux et touch\u00e9, car cela perp\u00e9tue la m\u00e9moire de ma m\u00e8re. Cela montre son sourire tourn\u00e9 vers le monde\u00a0\u00bb a-t-il comment\u00e9, avec \u00e9motion.<\/p>\n<p class=\"fig-paragraph\">Le street-artiste FKDL a avou\u00e9 \u00e0\u00a0<a href=\"https:\/\/fr.euronews.com\/culture\/2025\/07\/21\/josephine-baker-a-lhonneur-sur-une-fresque-a-paris\" target=\"_blank\" rel=\"sponsored noopener\" data-gtm-custom-categorie=\"navigation\" data-gtm-custom-action=\"crossclick\" data-gtm-custom-label=\"Contextuel\" data-gtm-event=\"customEventSPE\">Euronews<\/a>, que Jos\u00e9phine Baker est une de ses inspirations personnelle\u00a0: \u00ab Elle a toujours \u00e9t\u00e9, pour moi, une figure embl\u00e9matique de cette \u00e9poque. \u00c0 la fois sauvage et libre d\u2019esprit, mais aussi profond\u00e9ment li\u00e9e \u00e0 la musique, aux com\u00e9dies musicales \u00e0 la danse. C\u2019\u00e9tait un personnage extraordinaire, une femme incroyable\u00a0\u00bb.<\/p>\n<p>                                    <a class=\"fig-a11y-skip a11y-hidden\" href=\"#fig-a11y-skip-main-inarticle\"><br \/>\n        Passer la publicit\u00e9<br \/>\n    <\/a><\/p>\n<p>Vedette des Ann\u00e9es folles<\/p>\n<p class=\"fig-paragraph\">N\u00e9e en 1906 \u00e0 Saint-Louis, au\u00a0<a href=\"https:\/\/photo.lefigaro.fr\/international\/la-ville-de-st-louis-missouri-ravagee-par-le-passage-de-tornades-aux-etats-unis-20250517\" data-fig-type=\"SlideShowResource\" data-gtm-custom-categorie=\"navigation\" data-gtm-custom-action=\"crossclick\" data-gtm-custom-label=\"Contextuel\" data-gtm-event=\"customEventSPE\" data-fig-domain=\"LEFIGARO\" target=\"_blank\" rel=\"noopener\">Missouri<\/a>, Freda Josephine McDonald a commenc\u00e9 une carri\u00e8re de danseuse au d\u00e9but des Ann\u00e9es Folles \u00e0 New York avant de traverser l\u2019oc\u00e9an et rejoindre Paris en 1925. Elle conna\u00eet le succ\u00e8s au<a href=\"http:\/\/www.lefigaro.fr\/musique\/dossier\/la-saison-tonique-du-theatre-des-champs-elysees\" data-fig-type=\"Topic\" data-gtm-custom-categorie=\"navigation\" data-gtm-custom-action=\"crossclick\" data-gtm-custom-label=\"Contextuel\" data-gtm-event=\"customEventSPE\" data-fig-domain=\"LEFIGARO\" target=\"_blank\" rel=\"noopener\">\u00a0Th\u00e9\u00e2tre des Champs-\u00c9lys\u00e9es<\/a>\u00a0puis aux\u00a0<a href=\"http:\/\/www.lefigaro.fr\/theatre\/les-surprises-qui-se-preparent-pour-la-36e-nuit-des-molieres-le-28-avril-aux-folies-bergere-20250326\" data-fig-type=\"Article\" data-gtm-custom-categorie=\"navigation\" data-gtm-custom-action=\"crossclick\" data-gtm-custom-label=\"Contextuel\" data-gtm-event=\"customEventSPE\" data-fig-domain=\"LEFIGARO\" target=\"_blank\" rel=\"noopener\">Folies Berg\u00e8re<\/a>\u00a0o\u00f9 son spectacle La Folie du Jour marque les esprits. Accompagn\u00e9e d\u2019un gu\u00e9pard, Jos\u00e9phine Baker chantait et dansait v\u00eatu d\u2019un simple pagne et d\u2019une ceinture de bananes.<\/p>\n<p class=\"fig-paragraph\">Dans les ann\u00e9es 1930, celle que l\u2019on surnomme \u00ab La V\u00e9nus noire\u00a0\u00bb devient l\u2019\u00e9g\u00e9rie des artistes cubistes comme Alexander Calder ou Henri Laurens. Sur sc\u00e8ne, Jos\u00e9phine Baker interpr\u00e8te son plus grand succ\u00e8s\u00a0: J\u2019ai deux amours. Au sommet de sa gloire, elle prend la nationalit\u00e9 fran\u00e7aise en 1937. Avant que les nuages sombres de la\u00a0<a href=\"http:\/\/www.lefigaro.fr\/histoire\/dossier\/seconde-guerre-mondiale-1940-l-annee-du-desastre\" data-fig-type=\"Topic\" data-gtm-custom-categorie=\"navigation\" data-gtm-custom-action=\"crossclick\" data-gtm-custom-label=\"Contextuel\" data-gtm-event=\"customEventSPE\" data-fig-domain=\"LEFIGARO\" target=\"_blank\" rel=\"noopener\">Seconde Guerre mondiale<\/a>\u00a0changent son destin.<\/p>\n<p>    La ceinture de bananes de Jos\u00e9phine Baker a marqu\u00e9 l\u2019histoire du music-hall.<br \/>\n                Leonard de Selva \/ Bridgeman Images<\/p>\n<p class=\"fig-paragraph\">D\u00e8s le d\u00e9but du conflit, l\u2019artiste s\u2019engage dans la\u00a0<a href=\"http:\/\/www.lefigaro.fr\/flash-actu\/deces-d-yvette-lundy-figure-de-la-resistance-francaise-20191103\" data-fig-type=\"NewsFlash\" data-gtm-custom-categorie=\"navigation\" data-gtm-custom-action=\"crossclick\" data-gtm-custom-label=\"Contextuel\" data-gtm-event=\"customEventSPE\" data-fig-domain=\"LEFIGARO\" target=\"_blank\" rel=\"noopener\">R\u00e9sistance<\/a>\u00a0comme agent de services secrets et devient sous-lieutenant dans l\u2019arm\u00e9e de l\u2019air. Ce r\u00f4le d\u2019espionne au service du g\u00e9n\u00e9ral de Gaulle et de la France Libre lui vaudra la m\u00e9daille de la R\u00e9sistance Fran\u00e7aise, la Croix de guerre et la L\u00e9gion d\u2019honneur. Apr\u00e8s la guerre, elle milite contre le racisme et la s\u00e9gr\u00e9gation aux \u00c9tats-Unis. En 1963, elle participe \u00e0 la Marche sur Washington aux c\u00f4t\u00e9s de\u00a0<a href=\"http:\/\/www.lefigaro.fr\/flash-actu\/une-distorsion-de-l-histoire-la-famille-de-martin-luther-king-denonce-la-reference-de-marine-le-pen-au-pasteur-afro-americain-20250414\" data-fig-type=\"NewsFlash\" data-gtm-custom-categorie=\"navigation\" data-gtm-custom-action=\"crossclick\" data-gtm-custom-label=\"Contextuel\" data-gtm-event=\"customEventSPE\" data-fig-domain=\"LEFIGARO\" target=\"_blank\" rel=\"noopener\">Martin Luther King.<\/a>\u00a0L\u00e0, Jos\u00e9phine Baker prononce un discours, habill\u00e9e de son uniforme militaire. Apr\u00e8s des ann\u00e9es difficiles o\u00f9 l\u2019argent la fuyait, la chanteuse d\u00e9c\u00e8de le 12 avril 1975 des suites d\u2019une attaque c\u00e9r\u00e9brale.<\/p>\n<p class=\"fig-paragraph\">En 2021, Jos\u00e9phine Baker devient la cinqui\u00e8me femme<a href=\"http:\/\/www.lefigaro.fr\/culture\/dossier\/artiste-resistante-espionne-josephine-baker-entre-au-pantheon\" data-fig-type=\"Topic\" data-gtm-custom-categorie=\"navigation\" data-gtm-custom-action=\"crossclick\" data-gtm-custom-label=\"Contextuel\" data-gtm-event=\"customEventSPE\" data-fig-domain=\"LEFIGARO\" target=\"_blank\" rel=\"noopener\">\u00a0\u00e0 \u00eatre accueillie au Panth\u00e9on<\/a>, rejoignant ainsi\u00a0<a href=\"http:\/\/www.lefigaro.fr\/culture\/menace-d-etre-integre-dans-une-construction-moderne-le-sort-du-pavillon-de-marie-curie-devant-la-justice-20250602\" data-fig-type=\"Article\" data-gtm-custom-categorie=\"navigation\" data-gtm-custom-action=\"crossclick\" data-gtm-custom-label=\"Contextuel\" data-gtm-event=\"customEventSPE\" data-fig-domain=\"LEFIGARO\" target=\"_blank\" rel=\"noopener\">Marie Curie\u00a0<\/a>ou\u00a0<a href=\"http:\/\/www.lefigaro.fr\/histoire\/archives\/le-26-novembre-1974-simone-veil-defendait-son-projet-de-loi-sur-l-avortement-20241126\" data-fig-type=\"Article\" data-gtm-custom-categorie=\"navigation\" data-gtm-custom-action=\"crossclick\" data-gtm-custom-label=\"Contextuel\" data-gtm-event=\"customEventSPE\" data-fig-domain=\"LEFIGARO\" target=\"_blank\" rel=\"noopener\">Simone Veil<\/a>. Pr\u00e8s d\u2019un demi-si\u00e8cle apr\u00e8s sa mort, personne n\u2019avait oubli\u00e9 son talent et son amour de la France.<\/p>\n","protected":false},"excerpt":{"rendered":"Situ\u00e9e \u00e0 proximit\u00e9 du canal de l\u2019Ourcq, l\u2019\u0153uvre d\u00e9di\u00e9e \u00e0 l\u2019inoubliable interpr\u00e8te de J\u2019ai deux amours et r\u00e9sistante&hellip;\n","protected":false},"author":2,"featured_media":277799,"comment_status":"","ping_status":"","sticky":false,"template":"","format":"standard","meta":{"footnotes":""},"categories":[1888],"tags":[1111,1928,11,1927,1777,674,1011,27,41709,12,1926,626,1925,25,7189],"class_list":{"0":"post-277798","1":"post","2":"type-post","3":"status-publish","4":"format-standard","5":"has-post-thumbnail","7":"category-paris","8":"tag-actu","9":"tag-actu-paris","10":"tag-actualites","11":"tag-actualites-paris","12":"tag-eu","13":"tag-europe","14":"tag-fr","15":"tag-france","16":"tag-josephine-baker","17":"tag-news","18":"tag-news-paris","19":"tag-paris","20":"tag-paris-news","21":"tag-republique-francaise","22":"tag-street-art"},"share_on_mastodon":{"url":"https:\/\/pubeurope.com\/@fr\/114926306142051897","error":""},"_links":{"self":[{"href":"https:\/\/www.europesays.com\/fr\/wp-json\/wp\/v2\/posts\/277798","targetHints":{"allow":["GET"]}}],"collection":[{"href":"https:\/\/www.europesays.com\/fr\/wp-json\/wp\/v2\/posts"}],"about":[{"href":"https:\/\/www.europesays.com\/fr\/wp-json\/wp\/v2\/types\/post"}],"author":[{"embeddable":true,"href":"https:\/\/www.europesays.com\/fr\/wp-json\/wp\/v2\/users\/2"}],"replies":[{"embeddable":true,"href":"https:\/\/www.europesays.com\/fr\/wp-json\/wp\/v2\/comments?post=277798"}],"version-history":[{"count":0,"href":"https:\/\/www.europesays.com\/fr\/wp-json\/wp\/v2\/posts\/277798\/revisions"}],"wp:featuredmedia":[{"embeddable":true,"href":"https:\/\/www.europesays.com\/fr\/wp-json\/wp\/v2\/media\/277799"}],"wp:attachment":[{"href":"https:\/\/www.europesays.com\/fr\/wp-json\/wp\/v2\/media?parent=277798"}],"wp:term":[{"taxonomy":"category","embeddable":true,"href":"https:\/\/www.europesays.com\/fr\/wp-json\/wp\/v2\/categories?post=277798"},{"taxonomy":"post_tag","embeddable":true,"href":"https:\/\/www.europesays.com\/fr\/wp-json\/wp\/v2\/tags?post=277798"}],"curies":[{"name":"wp","href":"https:\/\/api.w.org\/{rel}","templated":true}]}}