{"id":277802,"date":"2025-07-27T17:11:11","date_gmt":"2025-07-27T17:11:11","guid":{"rendered":"https:\/\/www.europesays.com\/fr\/277802\/"},"modified":"2025-07-27T17:11:11","modified_gmt":"2025-07-27T17:11:11","slug":"entre-rachida-dati-et-michel-barnier-les-republicains-dans-lembarras-du-choix-liberation","status":"publish","type":"post","link":"https:\/\/www.europesays.com\/fr\/277802\/","title":{"rendered":"entre Rachida Dati et Michel Barnier, Les R\u00e9publicains dans l\u2019embarras du choix \u2013 Lib\u00e9ration"},"content":{"rendered":"<p class=\"sc-ksZaOG ehjQrN text-element\">Alors ? Nouveau fratricide ou paix des braves ? Lundi 28 juillet, en fin d\u2019apr\u00e8s-midi, la commission nationale d\u2019investiture (CNI) du parti Les R\u00e9publicains (LR) doit trancher \u2013 entre autres \u2013 sur le nom de celui ou celle qui les repr\u00e9sentera \u00e0 l\u2019automne dans la l\u00e9gislative partielle de la 2e circonscription de Paris. Avec deux poids lourds int\u00e9ress\u00e9s sur le papier par ce territoire qui englobe de beaux quartiers de la capitale rive gauche de la Seine \u2013 le Ve et une partie des VIe et VIIe arrondissements : <a href=\"https:\/\/www.liberation.fr\/politique\/lancien-premier-ministre-michel-barnier-candidat-a-une-legislative-partielle-a-paris-20250715_ASEA4JOQYRDCBBNTAN5EER66T4\/\" target=\"_blank\" rel=\"noopener\" title=\"https:\/\/www.liberation.fr\/politique\/lancien-premier-ministre-michel-barnier-candidat-a-une-legislative-partielle-a-paris-20250715_ASEA4JOQYRDCBBNTAN5EER66T4\/\">l\u2019ancien Premier ministre Michel Barnier<\/a> et l\u2019actuelle ministre de la Culture <a href=\"https:\/\/www.liberation.fr\/politique\/apres-michel-barnier-la-legislative-partielle-a-paris-suscite-linteret-de-rachida-dati-20250716_EFUX6EXDJZBIHD2YKYIIUTDLIQ\/\" target=\"_blank\" rel=\"noopener\" title=\"https:\/\/www.liberation.fr\/politique\/apres-michel-barnier-la-legislative-partielle-a-paris-suscite-linteret-de-rachida-dati-20250716_EFUX6EXDJZBIHD2YKYIIUTDLIQ\/\">Rachida Dati<\/a>, \u00e0 qui appartenait depuis un an le si\u00e8ge par procuration via son ex-directeur de cabinet, Jean Laussucq.<\/p>\n<p class=\"sc-ksZaOG ehjQrN text-element\">Mais les membres de la CNI auront-ils \u00e0 trancher entre le Savoyard<\/p>\n","protected":false},"excerpt":{"rendered":"Alors ? Nouveau fratricide ou paix des braves ? Lundi 28 juillet, en fin d\u2019apr\u00e8s-midi, la commission nationale&hellip;\n","protected":false},"author":2,"featured_media":277803,"comment_status":"","ping_status":"","sticky":false,"template":"","format":"standard","meta":{"footnotes":""},"categories":[1888],"tags":[11,1777,674,1011,27,3228,27636,12,626,417,25],"class_list":{"0":"post-277802","1":"post","2":"type-post","3":"status-publish","4":"format-standard","5":"has-post-thumbnail","7":"category-paris","8":"tag-actualites","9":"tag-eu","10":"tag-europe","11":"tag-fr","12":"tag-france","13":"tag-lr","14":"tag-michel-barnier","15":"tag-news","16":"tag-paris","17":"tag-rachida-dati","18":"tag-republique-francaise"},"share_on_mastodon":{"url":"https:\/\/pubeurope.com\/@fr\/114926314010562107","error":""},"_links":{"self":[{"href":"https:\/\/www.europesays.com\/fr\/wp-json\/wp\/v2\/posts\/277802","targetHints":{"allow":["GET"]}}],"collection":[{"href":"https:\/\/www.europesays.com\/fr\/wp-json\/wp\/v2\/posts"}],"about":[{"href":"https:\/\/www.europesays.com\/fr\/wp-json\/wp\/v2\/types\/post"}],"author":[{"embeddable":true,"href":"https:\/\/www.europesays.com\/fr\/wp-json\/wp\/v2\/users\/2"}],"replies":[{"embeddable":true,"href":"https:\/\/www.europesays.com\/fr\/wp-json\/wp\/v2\/comments?post=277802"}],"version-history":[{"count":0,"href":"https:\/\/www.europesays.com\/fr\/wp-json\/wp\/v2\/posts\/277802\/revisions"}],"wp:featuredmedia":[{"embeddable":true,"href":"https:\/\/www.europesays.com\/fr\/wp-json\/wp\/v2\/media\/277803"}],"wp:attachment":[{"href":"https:\/\/www.europesays.com\/fr\/wp-json\/wp\/v2\/media?parent=277802"}],"wp:term":[{"taxonomy":"category","embeddable":true,"href":"https:\/\/www.europesays.com\/fr\/wp-json\/wp\/v2\/categories?post=277802"},{"taxonomy":"post_tag","embeddable":true,"href":"https:\/\/www.europesays.com\/fr\/wp-json\/wp\/v2\/tags?post=277802"}],"curies":[{"name":"wp","href":"https:\/\/api.w.org\/{rel}","templated":true}]}}