{"id":277804,"date":"2025-07-27T17:12:11","date_gmt":"2025-07-27T17:12:11","guid":{"rendered":"https:\/\/www.europesays.com\/fr\/277804\/"},"modified":"2025-07-27T17:12:11","modified_gmt":"2025-07-27T17:12:11","slug":"vladimir-poutine-craint-il-une-attaque-sur-saint-petersbourg-une-grande-parade-annuelle-annulee-au-dernier-moment-pour-des-raisons-de-securite","status":"publish","type":"post","link":"https:\/\/www.europesays.com\/fr\/277804\/","title":{"rendered":"Vladimir Poutine craint-il une attaque sur Saint-P\u00e9tersbourg\u00a0? Une grande parade annuelle annul\u00e9e au dernier moment pour des \u00ab\u00a0raisons de s\u00e9curit\u00e9\u00a0\u00bb"},"content":{"rendered":"<p>\n                                                                    l&rsquo;essentiel<br \/>\n                                                                Les autorit\u00e9s locales ont d\u00e9clar\u00e9 avoir annul\u00e9 la parade navale et le feu d\u2019artifice traditionnel pour cette f\u00eate, c\u00e9l\u00e9br\u00e9e en Russie le dernier dimanche du mois de juillet, sans qu\u2019aucune explication ne soit fournie. Le Kremlin a confirm\u00e9 que des \u00ab\u00a0raisons de s\u00e9curit\u00e9s\u00a0\u00bb avaient motiv\u00e9 la d\u00e9cision.\n                            <\/p>\n<p>La Russie, qui marque ce dimanche 27\u00a0juillet\u00a0la Journ\u00e9e de la Flotte russe, a annul\u00e9 une grande parade navale pr\u00e9vue \u00e0 cette occasion pour des \u00ab\u00a0raisons de s\u00e9curit\u00e9\u00a0\u00bb, a annonc\u00e9 le Kremlin.<\/p>\n<p>\u00ab\u00a0Les raisons de s\u00e9curit\u00e9 sont primordiales\u00a0\u00bb, a insist\u00e9 son porte-parole, Dmitri Peskov, cit\u00e9 par les agences de presse russes, expliquant ainsi l\u2019annulation de ce d\u00e9fil\u00e9 organis\u00e9 depuis 2017 \u00e0 Saint-P\u00e9tersbourg, avec la participation de navires de surface et de sous-marins, pour \u00e9taler la puissance navale russe.<\/p>\n<p>Le message de Vladimir Poutine<\/p>\n<p>Les autorit\u00e9s locales avaient d\u00e9clar\u00e9\u00a0avoir annul\u00e9 la parade navale et le feu d\u2019artifice traditionnel pour cette f\u00eate, c\u00e9l\u00e9br\u00e9e en Russie le dernier dimanche du mois de juillet, sans qu\u2019aucune explication ne soit fournie. Le <a href=\"https:\/\/www.ladepeche.fr\/2025\/05\/15\/entretien-guerre-en-ukraine-linteret-de-vladimir-poutine-cest-la-guerre-elle-lui-donne-un-pouvoir-absolu-12695808.php\" target=\"_blank\" rel=\"nofollow noopener\">pr\u00e9sident russe, Vladimir Poutine<\/a>, qui avait assist\u00e9 en personne \u00e0 ce d\u00e9fil\u00e9 chaque ann\u00e9e, a f\u00e9licit\u00e9 la marine russe dans un message vid\u00e9o, saluant notamment l'\u00a0\u00bbaudace\u00a0\u00bb et l'\u00a0\u00bbh\u00e9ro\u00efsme\u00a0\u00bb des marins russes participant \u00e0 l\u2019op\u00e9ration militaire en Ukraine.<\/p>\n<p class=\"std-elt__inline\">\n        <strong>\u00c0 lire aussi :<\/strong><br \/>\n        <a href=\"https:\/\/www.ladepeche.fr\/2025\/07\/14\/video-guerre-en-ukraine-pas-un-assassin-mais-un-homme-dur-trump-met-la-pression-sur-poutine-et-lui-donne-50-jours-pour-mettre-fin-au-conflit-12825129.php\" rel=\"nofollow noopener\" target=\"_blank\">VIDEO. Guerre en Ukraine\u00a0: \u00ab\u00a0Pas un assassin, mais un homme dur\u00a0\u00bb\u2026 Trump met la pression sur Poutine et lui donne 50 jours pour mettre fin au conflit<\/a>\n    <\/p>\n<p>La Russie, qui a lanc\u00e9 un assaut \u00e0 grande \u00e9chelle contre son voisin ukrainien en f\u00e9vrier\u00a02022, bombardant quotidiennement ses villes et ses villages, est vis\u00e9e \u00e0 son tour ces derniers mois en riposte par des attaques quotidiennes de drones ukrainiennes. Ainsi, une centaine de ces engins ukrainiens ont \u00e9t\u00e9 abattus par la d\u00e9fense antia\u00e9rienne russe dans la nuit de samedi \u00e0 dimanche, selon le minist\u00e8re russe de la D\u00e9fense.<\/p>\n","protected":false},"excerpt":{"rendered":"l&rsquo;essentiel Les autorit\u00e9s locales ont d\u00e9clar\u00e9 avoir annul\u00e9 la parade navale et le feu d\u2019artifice traditionnel pour cette&hellip;\n","protected":false},"author":2,"featured_media":277805,"comment_status":"","ping_status":"","sticky":false,"template":"","format":"standard","meta":{"footnotes":""},"categories":[1591],"tags":[11,1887,12,1885,1886,132],"class_list":{"0":"post-277804","1":"post","2":"type-post","3":"status-publish","4":"format-standard","5":"has-post-thumbnail","7":"category-russie","8":"tag-actualites","9":"tag-federation-de-russie","10":"tag-news","11":"tag-russia","12":"tag-russian-federation","13":"tag-russie"},"share_on_mastodon":{"url":"https:\/\/pubeurope.com\/@fr\/114926317987656985","error":""},"_links":{"self":[{"href":"https:\/\/www.europesays.com\/fr\/wp-json\/wp\/v2\/posts\/277804","targetHints":{"allow":["GET"]}}],"collection":[{"href":"https:\/\/www.europesays.com\/fr\/wp-json\/wp\/v2\/posts"}],"about":[{"href":"https:\/\/www.europesays.com\/fr\/wp-json\/wp\/v2\/types\/post"}],"author":[{"embeddable":true,"href":"https:\/\/www.europesays.com\/fr\/wp-json\/wp\/v2\/users\/2"}],"replies":[{"embeddable":true,"href":"https:\/\/www.europesays.com\/fr\/wp-json\/wp\/v2\/comments?post=277804"}],"version-history":[{"count":0,"href":"https:\/\/www.europesays.com\/fr\/wp-json\/wp\/v2\/posts\/277804\/revisions"}],"wp:featuredmedia":[{"embeddable":true,"href":"https:\/\/www.europesays.com\/fr\/wp-json\/wp\/v2\/media\/277805"}],"wp:attachment":[{"href":"https:\/\/www.europesays.com\/fr\/wp-json\/wp\/v2\/media?parent=277804"}],"wp:term":[{"taxonomy":"category","embeddable":true,"href":"https:\/\/www.europesays.com\/fr\/wp-json\/wp\/v2\/categories?post=277804"},{"taxonomy":"post_tag","embeddable":true,"href":"https:\/\/www.europesays.com\/fr\/wp-json\/wp\/v2\/tags?post=277804"}],"curies":[{"name":"wp","href":"https:\/\/api.w.org\/{rel}","templated":true}]}}