{"id":277812,"date":"2025-07-27T17:16:10","date_gmt":"2025-07-27T17:16:10","guid":{"rendered":"https:\/\/www.europesays.com\/fr\/277812\/"},"modified":"2025-07-27T17:16:10","modified_gmt":"2025-07-27T17:16:10","slug":"lindustrie-allemande-ressent-deja-les-effets-des-droits-de-douane-americains","status":"publish","type":"post","link":"https:\/\/www.europesays.com\/fr\/277812\/","title":{"rendered":"L\u2019industrie allemande ressent d\u00e9j\u00e0 les effets des droits de douane am\u00e9ricains"},"content":{"rendered":"<p><strong>Les entreprises industrielles allemandes subissent d\u00e9j\u00e0 les effets des hausses de droits de douane impos\u00e9es par l\u2019administration Trump, selon une enqu\u00eate de l\u2019Institut IFO aupr\u00e8s de 1.500 soci\u00e9t\u00e9s.<\/strong><\/p>\n<p>Un tiers d\u2019entre elles ont report\u00e9 leurs projets d\u2019investissement aux \u00c9tats-Unis, 15% les ont annul\u00e9s. En Allemagne, 21% ont diff\u00e9r\u00e9 leurs investissements et 8% y ont renonc\u00e9. Les entreprises les plus expos\u00e9es aux nouvelles taxes sont les plus touch\u00e9es.<\/p>\n<p>Plus de 60% signalent des impacts n\u00e9gatifs, notamment dans la construction m\u00e9canique (87%) et la m\u00e9tallurgie (68%). M\u00eame les soci\u00e9t\u00e9s disposant de sites aux \u00c9tats-Unis font face \u00e0 des perturbations logistiques et commerciales.<\/p>\n<p>Pour l\u2019IFO, ces droits de douane repr\u00e9sentent un choc majeur pour le commerce mondial, poussant de nombreuses entreprises \u00e0 revoir leurs strat\u00e9gies. Un tiers d\u2019entre elles anticipent une perte d\u2019importance du march\u00e9 am\u00e9ricain, au profit de l\u2019UE et de l\u2019Inde.<\/p>\n<p>Concernant la Chine, les opinions sont partag\u00e9es : 17% anticipent un recul de son r\u00f4le mondial, 25% un renforcement, et 59% estiment que ses fournisseurs viseront davantage l\u2019Europe, accentuant la pression sur l\u2019industrie allemande.<\/p>\n<p>Depuis le 3 avril, les \u00c9tats-Unis appliquent une surtaxe de 25% sur les v\u00e9hicules import\u00e9s, et le pr\u00e9sident Trump menace l\u2019UE de droits suppl\u00e9mentaires de 30% sans accord d\u2019ici au 1er ao\u00fbt.<\/p>\n<p>\u00a0<\/p>\n","protected":false},"excerpt":{"rendered":"Les entreprises industrielles allemandes subissent d\u00e9j\u00e0 les effets des hausses de droits de douane impos\u00e9es par l\u2019administration Trump,&hellip;\n","protected":false},"author":2,"featured_media":277813,"comment_status":"","ping_status":"","sticky":false,"template":"","format":"standard","meta":{"footnotes":""},"categories":[1587],"tags":[11,672,1804,1805,1803,33742,1777,674,1801,12,1802],"class_list":{"0":"post-277812","1":"post","2":"type-post","3":"status-publish","4":"format-standard","5":"has-post-thumbnail","7":"category-allemagne","8":"tag-actualites","9":"tag-allemagne","10":"tag-bundesrepublik-deutschland","11":"tag-de","12":"tag-deutschland","13":"tag-droits-de-douane-americains","14":"tag-eu","15":"tag-europe","16":"tag-germany","17":"tag-news","18":"tag-republique-federale-dallemagne"},"share_on_mastodon":{"url":"https:\/\/pubeurope.com\/@fr\/114926333719595817","error":""},"_links":{"self":[{"href":"https:\/\/www.europesays.com\/fr\/wp-json\/wp\/v2\/posts\/277812","targetHints":{"allow":["GET"]}}],"collection":[{"href":"https:\/\/www.europesays.com\/fr\/wp-json\/wp\/v2\/posts"}],"about":[{"href":"https:\/\/www.europesays.com\/fr\/wp-json\/wp\/v2\/types\/post"}],"author":[{"embeddable":true,"href":"https:\/\/www.europesays.com\/fr\/wp-json\/wp\/v2\/users\/2"}],"replies":[{"embeddable":true,"href":"https:\/\/www.europesays.com\/fr\/wp-json\/wp\/v2\/comments?post=277812"}],"version-history":[{"count":0,"href":"https:\/\/www.europesays.com\/fr\/wp-json\/wp\/v2\/posts\/277812\/revisions"}],"wp:featuredmedia":[{"embeddable":true,"href":"https:\/\/www.europesays.com\/fr\/wp-json\/wp\/v2\/media\/277813"}],"wp:attachment":[{"href":"https:\/\/www.europesays.com\/fr\/wp-json\/wp\/v2\/media?parent=277812"}],"wp:term":[{"taxonomy":"category","embeddable":true,"href":"https:\/\/www.europesays.com\/fr\/wp-json\/wp\/v2\/categories?post=277812"},{"taxonomy":"post_tag","embeddable":true,"href":"https:\/\/www.europesays.com\/fr\/wp-json\/wp\/v2\/tags?post=277812"}],"curies":[{"name":"wp","href":"https:\/\/api.w.org\/{rel}","templated":true}]}}