{"id":277816,"date":"2025-07-27T17:18:17","date_gmt":"2025-07-27T17:18:17","guid":{"rendered":"https:\/\/www.europesays.com\/fr\/277816\/"},"modified":"2025-07-27T17:18:17","modified_gmt":"2025-07-27T17:18:17","slug":"paleo-daniel-rossellat-on-a-eu-une-vedette-capricieuse-la-pluie","status":"publish","type":"post","link":"https:\/\/www.europesays.com\/fr\/277816\/","title":{"rendered":"Pal\u00e9o: Daniel Rossellat: \u00abOn a eu une vedette capricieuse, la pluie\u00bb"},"content":{"rendered":"<p>Publi\u00e927. juillet 2025, 17:43<\/p>\n<p>Pal\u00e9o: Daniel Rossellat: \u00abOn a eu une vedette capricieuse, la pluie\u00bb<\/p>\n<p>La 48e \u00e9dition du festival se termine dimanche soir. Il est temps de tirer le bilan.<\/p>\n<p><img decoding=\"async\" alt=\"Laurent Fl\u00fcckiger\" src=\"https:\/\/www.europesays.com\/fr\/wp-content\/uploads\/2025\/07\/52739cbc-6af1-4377-95a2-21e0b7106e8c.jpg\" class=\"sc-b1f21c84-1 juVSAe\"\/><\/p>\n<p>Il y a eu plus de 200 concerts et spectacles sur six jours au Pal\u00e9o 2025. Mais Daniel Rossellat, le directeur du festival, le sait bien: il y a un sujet qui fera toujours plus parler que tous les autres. \u00ab\u00c7a n&rsquo;a \u00e9chapp\u00e9 \u00e0 personne qu&rsquo;on avait une grande vedette, capricieuse et qui a fini par tenir ses promesses: la pluie\u00bb, lance-t-il dimanche en ouverture de conf\u00e9rence de bilan de la 48e \u00e9dition.<\/p>\n<p>Apr\u00e8s trois \u00e9ditions sans pluie, la m\u00e9t\u00e9o a, en effet, \u00e9t\u00e9 impr\u00e9visible toute la semaine. Et le festival s&rsquo;en est plut\u00f4t bien tir\u00e9, avec quatre premiers soirs quasi tous secs. Jusqu&rsquo;\u00e0 samedi, quand entre 17 et 23 mm d&rsquo;eau sont tomb\u00e9s sur le site. Le dimanche s&rsquo;annonce \u00e9galement incertain. Aussi, 73 tonnes de paille de Chine (de la r\u00e9gion, pr\u00e9cise le Pal\u00e9o) ont \u00e9t\u00e9 r\u00e9partis sur 80&rsquo;000 m\u00b2 et 25 m\u00b3 de copeaux de bois ont \u00e9t\u00e9 ajout\u00e9s devant la Grande Sc\u00e8ne.<\/p>\n<p>Le retour des feux?<\/p>\n<p>Quant \u00e0 savoir si le spectacle de drones du dimanche aura bel et bien lieu, \u00abon verra bien\u00bb, dit Daniel Rossellat. Le festival avait d\u00e9cid\u00e9 d&rsquo;en offrir un \u00e0 la derni\u00e8re minute, samedi d\u00e9j\u00e0. Il n&rsquo;a finalement pas eu lieu, \u00e0 cause des averses (il faut au moins deux heures de sec avant le show). Rappelons que les drones ont remplac\u00e9 les feux d&rsquo;artifice l&rsquo;an dernier, qui eux auraient pu \u00eatre tir\u00e9s dans ces conditions. \u00abLe d\u00e9bat va revenir\u00bb, admet le directeur du Pal\u00e9o.<\/p>\n<p>Mais revenons au bilan g\u00e9n\u00e9ral de la 48e \u00e9dition. C\u00f4t\u00e9 s\u00e9curit\u00e9, il n&rsquo;y a eu aucun probl\u00e8me majeur, m\u00eame si le vendredi soir a \u00e9t\u00e9 \u00abun peu plus tendu\u00bb. D&rsquo;ailleurs, Daniel Rossellat se dit fier du dispositif efficace de sa manifestation: \u00abS&rsquo;il y a quelques couillons, il faut qu&rsquo;on s&rsquo;en occupe rapidement\u00bb, d\u00e9clare-t-il.<\/p>\n<p>Renouer avec le rock<\/p>\n<p>Sur le c\u00f4t\u00e9 artistique, c&rsquo;est Jacques Monnier qui prend le relais. Il s&rsquo;est dit \u00abtr\u00e8s content de renouer avec les riffs de guitare\u00bb. C&rsquo;est-\u00e0-dire: le rock. \u00abMoins en programmer n&rsquo;\u00e9tait pas un choix de notre part. Simplement, il n&rsquo;y avait pas de grosse opportunit\u00e9.\u00bb\u00a0Il pense \u00e0 Queens of The Stone Age, les Sex Pistols avec Frank Carter, Texas, Simple Minds et Jean-Louis Aubert.<\/p>\n<p>Pour le programmateur historique du Pal\u00e9o, les reines pop ont fait l&rsquo;unanimit\u00e9: <a href=\"https:\/\/www.lematin.ch\/story\/paleo-festival-santa-jeune-ma-tele-etait-coincee-sur-arte-103388123\" rel=\"nofollow noopener\" target=\"_blank\">Santa<\/a>, Clara Luciani et Zaho de Sagazan. Cette derni\u00e8re a m\u00eame \u00abador\u00e9\u00bb les conditions extr\u00eames du samedi soir. Il cite aussi Macklemore, qui a fait \u00abl&rsquo;un des concerts les plus puissants et engag\u00e9s du festival\u00bb, et <a href=\"https:\/\/www.lematin.ch\/story\/paleo-festival-nyon-will-smith-met-une-claquounette-a-l-asse-103386973\" rel=\"nofollow noopener\" target=\"_blank\">Will Smith<\/a> qui a \u00e9t\u00e9 \u00abcorrect, g\u00e9n\u00e9reux, \u00e0 l&rsquo;am\u00e9ricaine\u00bb. En vrac: Justice, Pierre Garnier, Anetha, ElGrandeToto, Judeline et Youssef Swatt&rsquo;s ont aussi marqu\u00e9.<\/p>\n<p>En route vers l&rsquo;Europe du Nord<\/p>\n<p>Le camping a accueilli 8000 habitants sur la semaine. La nouvelle zone du camping a affich\u00e9 complet, de m\u00eame que la zone famille. On en profite, nous aussi, pour saluer le travail des 5400 b\u00e9n\u00e9voles.<\/p>\n<p>Lors de sa prochaine \u00e9dition (du 21 au 26 juillet 2026), le Pal\u00e9o ne pr\u00e9voit pas de changement majeur. D&rsquo;autant que la 50e aura lieu en 2027\u00a0\u2014 \u00abon ne va pas griller toutes nos cartouches avant\u00bb, sourit Daniel Rossellat. Le Village du Monde voyagera dans les pays nordiques, Finlande, Danemark, Islande, Su\u00e8de et Norv\u00e8ge.<\/p>\n","protected":false},"excerpt":{"rendered":"Publi\u00e927. juillet 2025, 17:43 Pal\u00e9o: Daniel Rossellat: \u00abOn a eu une vedette capricieuse, la pluie\u00bb La 48e \u00e9dition&hellip;\n","protected":false},"author":2,"featured_media":277817,"comment_status":"","ping_status":"","sticky":false,"template":"","format":"standard","meta":{"footnotes":""},"categories":[1586],"tags":[11,1777,674,1779,1011,27,12,25,1778,364],"class_list":{"0":"post-277816","1":"post","2":"type-post","3":"status-publish","4":"format-standard","5":"has-post-thumbnail","7":"category-europe","8":"tag-actualites","9":"tag-eu","10":"tag-europe","11":"tag-european-union","12":"tag-fr","13":"tag-france","14":"tag-news","15":"tag-republique-francaise","16":"tag-ue","17":"tag-union-europeenne"},"share_on_mastodon":{"url":"https:\/\/pubeurope.com\/@fr\/114926341602581582","error":""},"_links":{"self":[{"href":"https:\/\/www.europesays.com\/fr\/wp-json\/wp\/v2\/posts\/277816","targetHints":{"allow":["GET"]}}],"collection":[{"href":"https:\/\/www.europesays.com\/fr\/wp-json\/wp\/v2\/posts"}],"about":[{"href":"https:\/\/www.europesays.com\/fr\/wp-json\/wp\/v2\/types\/post"}],"author":[{"embeddable":true,"href":"https:\/\/www.europesays.com\/fr\/wp-json\/wp\/v2\/users\/2"}],"replies":[{"embeddable":true,"href":"https:\/\/www.europesays.com\/fr\/wp-json\/wp\/v2\/comments?post=277816"}],"version-history":[{"count":0,"href":"https:\/\/www.europesays.com\/fr\/wp-json\/wp\/v2\/posts\/277816\/revisions"}],"wp:featuredmedia":[{"embeddable":true,"href":"https:\/\/www.europesays.com\/fr\/wp-json\/wp\/v2\/media\/277817"}],"wp:attachment":[{"href":"https:\/\/www.europesays.com\/fr\/wp-json\/wp\/v2\/media?parent=277816"}],"wp:term":[{"taxonomy":"category","embeddable":true,"href":"https:\/\/www.europesays.com\/fr\/wp-json\/wp\/v2\/categories?post=277816"},{"taxonomy":"post_tag","embeddable":true,"href":"https:\/\/www.europesays.com\/fr\/wp-json\/wp\/v2\/tags?post=277816"}],"curies":[{"name":"wp","href":"https:\/\/api.w.org\/{rel}","templated":true}]}}