{"id":277826,"date":"2025-07-27T17:24:11","date_gmt":"2025-07-27T17:24:11","guid":{"rendered":"https:\/\/www.europesays.com\/fr\/277826\/"},"modified":"2025-07-27T17:24:11","modified_gmt":"2025-07-27T17:24:11","slug":"transferts-top-14-exclu-midol-joe-marchant-restera-bien-parisien","status":"publish","type":"post","link":"https:\/\/www.europesays.com\/fr\/277826\/","title":{"rendered":"Transferts\/Top 14. Exclu Midol : Joe Marchant restera bien Parisien"},"content":{"rendered":"<p>\n                L&rsquo;incertitude r\u00e9gnait autour de Joe Marchant, et sa pr\u00e9sence au-del\u00e0 de cette saison. Mais tout semble rentrer dans l&rsquo;ordre, en faveur du Stade fran\u00e7ais&#8230;\n            <\/p>\n<p>Arriv\u00e9 dans la capitale apr\u00e8s la Coupe du monde 2023, Joe Merchant (29 ans) portera toujours le maillot du Stade fran\u00e7ais la saison prochaine et honorera la derni\u00e8re ann\u00e9e du contrat le liant au club parisien. Pourtant, son avenir semblait flou le mois dernier et un retour outre-Manche \u00e9tait m\u00eame \u00e9voqu\u00e9, notamment par la presse britannique, du c\u00f4t\u00e9 de Sale. Mais l\u2019international anglais (26 s\u00e9lections) n\u2019a jamais quitt\u00e9 le groupe dirig\u00e9 par son compatriote Paul Gustard.<\/p>\n<p>Selon nos informations, aucune demande de lib\u00e9ration anticip\u00e9e, ni m\u00eame aucune proposition de rachat de contrat, ne sont d\u2019ailleurs arriv\u00e9es sur le bureau des dirigeants parisiens le concernant. Le trois-quarts centre, capable d\u2019\u00e9voluer \u00e0 l\u2019aile, sera donc charg\u00e9 de raviver l\u2019attaque stadiste lors de l\u2019exercice \u00e0 venir.<\/p>\n","protected":false},"excerpt":{"rendered":"L&rsquo;incertitude r\u00e9gnait autour de Joe Marchant, et sa pr\u00e9sence au-del\u00e0 de cette saison. Mais tout semble rentrer dans&hellip;\n","protected":false},"author":2,"featured_media":277827,"comment_status":"","ping_status":"","sticky":false,"template":"","format":"standard","meta":{"footnotes":""},"categories":[1416],"tags":[1011,27,479,1468,60],"class_list":{"0":"post-277826","1":"post","2":"type-post","3":"status-publish","4":"format-standard","5":"has-post-thumbnail","7":"category-rugby","8":"tag-fr","9":"tag-france","10":"tag-rugby","11":"tag-rugby-football","12":"tag-sports"},"share_on_mastodon":{"url":"https:\/\/pubeurope.com\/@fr\/114926365106220493","error":""},"_links":{"self":[{"href":"https:\/\/www.europesays.com\/fr\/wp-json\/wp\/v2\/posts\/277826","targetHints":{"allow":["GET"]}}],"collection":[{"href":"https:\/\/www.europesays.com\/fr\/wp-json\/wp\/v2\/posts"}],"about":[{"href":"https:\/\/www.europesays.com\/fr\/wp-json\/wp\/v2\/types\/post"}],"author":[{"embeddable":true,"href":"https:\/\/www.europesays.com\/fr\/wp-json\/wp\/v2\/users\/2"}],"replies":[{"embeddable":true,"href":"https:\/\/www.europesays.com\/fr\/wp-json\/wp\/v2\/comments?post=277826"}],"version-history":[{"count":0,"href":"https:\/\/www.europesays.com\/fr\/wp-json\/wp\/v2\/posts\/277826\/revisions"}],"wp:featuredmedia":[{"embeddable":true,"href":"https:\/\/www.europesays.com\/fr\/wp-json\/wp\/v2\/media\/277827"}],"wp:attachment":[{"href":"https:\/\/www.europesays.com\/fr\/wp-json\/wp\/v2\/media?parent=277826"}],"wp:term":[{"taxonomy":"category","embeddable":true,"href":"https:\/\/www.europesays.com\/fr\/wp-json\/wp\/v2\/categories?post=277826"},{"taxonomy":"post_tag","embeddable":true,"href":"https:\/\/www.europesays.com\/fr\/wp-json\/wp\/v2\/tags?post=277826"}],"curies":[{"name":"wp","href":"https:\/\/api.w.org\/{rel}","templated":true}]}}