{"id":277830,"date":"2025-07-27T17:26:39","date_gmt":"2025-07-27T17:26:39","guid":{"rendered":"https:\/\/www.europesays.com\/fr\/277830\/"},"modified":"2025-07-27T17:26:39","modified_gmt":"2025-07-27T17:26:39","slug":"face-a-la-disparition-de-3x3-paris-franck-seguela-veut-creer-une-equipe-professionnelle-a-toulouse-le-but-est-de-continuer-a-faire-vivre-le-3x3-en-france","status":"publish","type":"post","link":"https:\/\/www.europesays.com\/fr\/277830\/","title":{"rendered":"Face \u00e0 la disparition de 3&#215;3 Paris, Franck Seguela veut cr\u00e9er une \u00e9quipe professionnelle \u00e0 Toulouse : \u00ab\u00a0Le but est de continuer \u00e0 faire vivre le 3&#215;3 en France !\u00a0\u00bb"},"content":{"rendered":"<p>Au moins n\u2019ont-ils pas \u00e9t\u00e9 pris de court. L\u2019arr\u00eat de 3\u00d73 Paris ayant \u00e9t\u00e9 annonc\u00e9 bien en amont, les figures fran\u00e7aises de la discipline ne sont pas tomb\u00e9es de haut lorsque la FFBB a <a target=\"_blank\" rel=\"noopener nofollow\" href=\"https:\/\/www.bebasket.fr\/lequipe-paris-3x3-va-disparaitre\">officialis\u00e9<\/a>, au soir de la <a target=\"_blank\" rel=\"noopener nofollow\" href=\"https:\/\/www.bebasket.fr\/lequipe-de-france-de-3x3-perd-en-finale-des-jo-apres-prolongation\">m\u00e9daille d\u2019argent olympique<\/a>, l\u2019arr\u00eat de l\u2019\u00e9quipe professionnelle <a target=\"_blank\" rel=\"noopener nofollow\" href=\"https:\/\/www.bebasket.fr\/le-lancement-de-3x3-paris-la-premiere-equipe-pro-francaise-cest-un-tournant\">cr\u00e9\u00e9e<\/a> en juillet 2022.<\/p>\n<p>LIRE AUSSI<\/p>\n<p><a title=\"L\u2019\u00e9quipe 3\u00d73 Paris va dispara\u00eetre\" href=\"https:\/\/www.bebasket.fr\/lequipe-paris-3x3-va-disparaitre\" rel=\"nofollow noopener\" target=\"_blank\"> <img decoding=\"async\" src=\"https:\/\/www.europesays.com\/fr\/wp-content\/uploads\/2025\/07\/3x3-paris-toulouse-1ef55745-d07c-6f66-93e6-21eb3f3cda97.jpg\" alt=\"3x3 Paris Toulouse\"\/> <\/a><\/p>\n<p>Son objectif a \u00e9t\u00e9 atteint, et m\u00eame plus que cela. \u00ab\u00a0Paris doit permettre de qualifier notre \u00e9quipe nationale masculine 3\u00d73 aux Jeux de Paris 2024\u00a0\u00bb, <a target=\"_blank\" rel=\"noopener nofollow\" href=\"https:\/\/www.bebasket.fr\/le-lancement-de-3x3-paris-la-premiere-equipe-pro-francaise-cest-un-tournant\">\u00e9crivait<\/a> la f\u00e9d\u00e9ration il y a deux ans. Non seulement les hommes ont compost\u00e9 leur billet pour la place de la Concorde, au terme d\u2019un TQO hom\u00e9rique \u00e0 Debrecen, mais ils ont surtout entrevu le titre olympique, simplement crucifi\u00e9s par un tir de Worthy de Jong en prolongation de la finale. L\u2019aboutissement d\u2019un projet, et la r\u00e9compense d\u2019un lourd investissement f\u00e9d\u00e9ral qui a mis les moyens pour permettre aux Bleus du 3\u00d73 de progresser. Quand de nombreuses \u00e9quipes \u00e9cumaient les \u00e9tapes du World Tour en venant avec seulement quatre joueurs, sans encadrement, Paris voyageait dans des conditions beaucoup plus luxueuses : six joueurs pour l\u2019entra\u00eenement, un staff technique, un kin\u00e9, un chef de d\u00e9l\u00e9gation, etc.<\/p>\n<p><strong>Objectif 650 000 euros de budget<\/strong><\/p>\n<p>Sauf que la FFBB va arr\u00eater de mettre autant de moyens dans son \u00e9quipe de 3\u00d73. Actuellement class\u00e9e \u00e0 la 9e place du World Tour, Paris cessera toute activit\u00e9 suite \u00e0 la finale mondiale de Hong Kong fin novembre, tout comme Marseille, son pendant pour les U23. Et ensuite ? Les int\u00e9rimaires sont d\u00e9j\u00e0 repartis dans le 5\u00d75 (Lucas Dussoulier et Timoth\u00e9 Vergiat) mais les professionnels ont compris l\u2019int\u00e9r\u00eat de se sp\u00e9cialiser dans le 3\u00d73. Alors des \u00e9quipes \u00e9trang\u00e8res d\u00e9marcheront peut-\u00eatre les talents fran\u00e7ais, comme Lausanne (Rapha\u00ebl Wilson) ou Jeddah (Kevin Corre \u2013 Dominique Gentil l\u2019ont d\u00e9j\u00e0 fait). \u00ab Il y a de beaux projets, comme Ballistik \u00e0 Bordeaux ou Toulouse \u00bb, <a target=\"_blank\" rel=\"noopener nofollow\" href=\"https:\/\/www.bebasket.fr\/lequipe-paris-3x3-va-disparaitre\">d\u00e9voilait<\/a> le GM Alain Contensoux d\u00e9but ao\u00fbt. L\u2019esquisse d\u2019un avenir dans la Ville Rose est surtout dessin\u00e9e par l\u2019engagement de celui qui est devenu la figure du 3\u00d73 fran\u00e7ais, <strong>Franck Seguela<\/strong>, dont le p\u00e8re, Laurent, fut rugbyman \u00e0 Toulouse dans les ann\u00e9es 90.<\/p>\n<p>Depuis plus d\u2019un an, avec l\u2019aide d\u2019<strong>Hugo<\/strong> <strong>Suhard<\/strong>, le Landais planche sur la cr\u00e9ation de l\u2019\u00e9quipe de Toulouse, en d\u00e9marchant des partenaires afin de pouvoir donner vie \u00e0 un projet qui reposera uniquement sur des fonds priv\u00e9s. \u00ab On n\u2019a pas envie de repartir de z\u00e9ro, en gardant une base solide \u00bb, indique-t-il ce jour dans les colonnes du <a target=\"_blank\" rel=\"noopener nofollow\" href=\"https:\/\/www.leparisien.fr\/jo-paris-2024\/basketball\/on-na-pas-envie-de-repartir-de-zero-sensation-des-jo-le-basket-3x3-francais-veut-changer-de-dimension-20-08-2024-DXWJUX7ZYNBGTAE3DBREGYJZIE.php\">Parisien<\/a>. \u00ab Pour l\u2019heure, nous avons convaincu plusieurs partenaires locaux. Il nous manque encore un gros sponsor pour viser notre objectif de 650 000 \u20ac de budget. On veut \u00eatre la base dans laquelle les s\u00e9lections en \u00e9quipe de France se feront. On veut aller \u00e0 l\u2019assaut du World Tour, \u00e0 fond ! Le but, c\u2019est de continuer \u00e0 faire vivre le 3\u00d73 en France. Et c\u2019est important pour les gens d\u2019avoir une \u00e9quipe fanion pour s\u2019identifier. \u00bb Afin, ensuite, d\u2019esp\u00e9rer faire mieux \u00e0 Los Angeles 2028 ?<\/p>\n<blockquote class=\"twitter-tweet\" data-width=\"550\" data-dnt=\"true\">\n<p lang=\"en\" dir=\"ltr\">\u00ab\u00a0\ud835\ude4b\ud835\ude56\ud835\ude67\ud835\ude5e\ud835\ude68, \ud835\ude44 \ud835\ude6c\ud835\ude5e\ud835\ude61\ud835\ude61 \ud835\ude63\ud835\ude5a\ud835\ude6b\ud835\ude5a\ud835\ude67 \ud835\ude5b\ud835\ude64\ud835\ude67\ud835\ude5c\ud835\ude5a\ud835\ude69 \ud835\ude6e\ud835\ude64\ud835\ude6a\u00a0\u00bb<\/p>\n<p>Franck Seguela is an Olympic silver medalist \ud83c\uddeb\ud83c\uddf7\ud83e\udd48 <a href=\"https:\/\/t.co\/MO3zhFBsrh\" rel=\"nofollow\">pic.twitter.com\/MO3zhFBsrh<\/a><\/p>\n<p>\u2014 3\u00d73 Basketball |FIBA3x3 (@FIBA3x3) <a href=\"https:\/\/twitter.com\/FIBA3x3\/status\/1826170834563596344?ref_src=twsrc%5Etfw\" rel=\"nofollow noopener\" target=\"_blank\">August 21, 2024<\/a><\/p>\n<\/blockquote>\n<p><script async src=\"https:\/\/platform.twitter.com\/widgets.js\" charset=\"utf-8\"><\/script><\/p>\n","protected":false},"excerpt":{"rendered":"Au moins n\u2019ont-ils pas \u00e9t\u00e9 pris de court. L\u2019arr\u00eat de 3\u00d73 Paris ayant \u00e9t\u00e9 annonc\u00e9 bien en amont,&hellip;\n","protected":false},"author":2,"featured_media":277831,"comment_status":"","ping_status":"","sticky":false,"template":"","format":"standard","meta":{"footnotes":""},"categories":[1414],"tags":[1465,1464,1011,27,60],"class_list":{"0":"post-277830","1":"post","2":"type-post","3":"status-publish","4":"format-standard","5":"has-post-thumbnail","7":"category-basket","8":"tag-basket","9":"tag-basketball","10":"tag-fr","11":"tag-france","12":"tag-sports"},"share_on_mastodon":{"url":"https:\/\/pubeurope.com\/@fr\/114926373061587675","error":""},"_links":{"self":[{"href":"https:\/\/www.europesays.com\/fr\/wp-json\/wp\/v2\/posts\/277830","targetHints":{"allow":["GET"]}}],"collection":[{"href":"https:\/\/www.europesays.com\/fr\/wp-json\/wp\/v2\/posts"}],"about":[{"href":"https:\/\/www.europesays.com\/fr\/wp-json\/wp\/v2\/types\/post"}],"author":[{"embeddable":true,"href":"https:\/\/www.europesays.com\/fr\/wp-json\/wp\/v2\/users\/2"}],"replies":[{"embeddable":true,"href":"https:\/\/www.europesays.com\/fr\/wp-json\/wp\/v2\/comments?post=277830"}],"version-history":[{"count":0,"href":"https:\/\/www.europesays.com\/fr\/wp-json\/wp\/v2\/posts\/277830\/revisions"}],"wp:featuredmedia":[{"embeddable":true,"href":"https:\/\/www.europesays.com\/fr\/wp-json\/wp\/v2\/media\/277831"}],"wp:attachment":[{"href":"https:\/\/www.europesays.com\/fr\/wp-json\/wp\/v2\/media?parent=277830"}],"wp:term":[{"taxonomy":"category","embeddable":true,"href":"https:\/\/www.europesays.com\/fr\/wp-json\/wp\/v2\/categories?post=277830"},{"taxonomy":"post_tag","embeddable":true,"href":"https:\/\/www.europesays.com\/fr\/wp-json\/wp\/v2\/tags?post=277830"}],"curies":[{"name":"wp","href":"https:\/\/api.w.org\/{rel}","templated":true}]}}