{"id":277832,"date":"2025-07-27T17:27:11","date_gmt":"2025-07-27T17:27:11","guid":{"rendered":"https:\/\/www.europesays.com\/fr\/277832\/"},"modified":"2025-07-27T17:27:11","modified_gmt":"2025-07-27T17:27:11","slug":"motogp-fabio-quartararo-et-johann-zarco-a-la-croisee-des-chemins","status":"publish","type":"post","link":"https:\/\/www.europesays.com\/fr\/277832\/","title":{"rendered":"MotoGP : Fabio Quartararo et Johann Zarco \u00e0 la crois\u00e9e des chemins"},"content":{"rendered":"<p><strong>A la mi-saison 2025, les deux pilotes fran\u00e7ais du championnat MotoGP, Fabio Quartararo et Johann Zarco, traversent des trajectoires contrast\u00e9es. L\u2019un reste la figure de proue d\u2019un projet Yamaha en pleine incertitude, l\u2019autre r\u00e9siste tant bien que mal aux difficult\u00e9s chez Honda. \u00c9tat des lieux.<\/strong><\/p>\n<p><strong>Fabio Quartararo<\/strong> a surpris en prolongeant <strong>son contrat avec Yamaha jusqu\u2019\u00e0 fin 2026<\/strong>. Malgr\u00e9 une machine jug\u00e9e en retrait par rapport \u00e0 la concurrence, le Fran\u00e7ais a d\u00e9cid\u00e9 de poursuivre l\u2019aventure avec le constructeur japonais. Cette fid\u00e9lit\u00e9, autant strat\u00e9gique que sentimentale, suscite encore des interrogations, alors que la saison 2025 est \u00e0 mi-parcours.<\/p>\n<p>Le d\u00e9but d\u2019ann\u00e9e de Fabio Quartararo reste solide. Il a sign\u00e9 <strong>quatre pole positions <\/strong>et marqu\u00e9 102 points en douze courses, presque autant que durant toute la saison pr\u00e9c\u00e9dente. Il occupe la <strong>9e place au classement g\u00e9n\u00e9ral<\/strong>. Il devance clairement son co\u00e9quipier, Alex Rins, 18e avec 42 points. Preuve qu\u2019il parvient \u00e0 tirer le maximum de sa Yamaha.<\/p>\n<p>Mais ce bon d\u00e9but reste nuanc\u00e9. Malgr\u00e9 des opportunit\u00e9s concr\u00e8tes, le Ni\u00e7ois n\u2019a pas encore remport\u00e9 de course cette saison. \u00c0<a href=\"https:\/\/www.nicepremium.fr\/sports\/fabioquartararoremontesurlepodiumajerez\/\" target=\"_blank\" data-type=\"link\" data-id=\"https:\/\/www.nicepremium.fr\/sports\/fabioquartararoremontesurlepodiumajerez\/\" rel=\"noreferrer noopener nofollow\"> Jerez<\/a>, il s\u2019est inclin\u00e9 dans un contexte favorable. Au Mans, il chutait apr\u00e8s une pole prometteuse. \u00c0 <a href=\"https:\/\/www.nicepremium.fr\/sports\/moto\/motogp-fabio-quartararo-et-johann-zarco-font-le-show-a-silvertsone\/\" target=\"_blank\" data-type=\"link\" data-id=\"https:\/\/www.nicepremium.fr\/sports\/moto\/motogp-fabio-quartararo-et-johann-zarco-font-le-show-a-silvertsone\/\" rel=\"noreferrer noopener nofollow\">Silverstone<\/a>, il \u00e9tait en t\u00eate avant qu\u2019un probl\u00e8me m\u00e9canique ne ruine ses espoirs. Et \u00e0 <a href=\"https:\/\/www.nicepremium.fr\/sports\/grand-prix-des-pays-bas-motogp-fabio-quartararo-cale-johann-zarco-persiste\/\" target=\"_blank\" data-type=\"link\" data-id=\"https:\/\/www.nicepremium.fr\/sports\/grand-prix-des-pays-bas-motogp-fabio-quartararo-cale-johann-zarco-persiste\/\" rel=\"noreferrer noopener nofollow\">Assen<\/a>, il ne parvenait pas \u00e0 suivre le rythme des leaders. \u00c0 chaque fois, les occasions s\u2019\u00e9vanouissent.<\/p>\n<p>L\u2019impression d\u2019<strong>un pilote capable de briller en qualifications<\/strong>, mais qui peine \u00e0 convertir ses positions avantageuses en r\u00e9sultats significatifs. Le contraste avec 2023 est marquant : moins de podiums, mais <strong>plus de constance dans le haut du tableau<\/strong>. Le probl\u00e8me semble moins venir du pilote que de la moto, toujours p\u00e9nalis\u00e9e par <strong>un d\u00e9ficit moteur \u00e9vident en course<\/strong>.<\/p>\n<p>Fabio Quartararo lui-m\u00eame s\u2019interroge sur la suite. Dans une interview au journal espagnol AS, il d\u00e9clare : \u00ab \u00e0 l\u2019avenir, je ne veux pas d\u2019un projet, mais plut\u00f4t d\u2019une moto pr\u00eate \u00bb. Une phrase lourde de sens, qui semble indiquer une forme de lassitude face \u00e0 un programme de reconstruction qui tarde \u00e0 porter ses fruits.<\/p>\n<p><strong>Zarco, entre t\u00e9nacit\u00e9 et incertitude chez Honda<\/strong><\/p>\n<p>De son c\u00f4t\u00e9, <strong>Johann Zarco<\/strong> vit une saison faite de hauts et de bas. Toujours chez Honda, au sein de l\u2019\u00e9quipe LCR, il se maintient dans le top 10 du championnat. Avec <a href=\"https:\/\/www.nicepremium.fr\/sports\/moto\/johannzarcovainqueuraumans\/\" target=\"_blank\" data-type=\"link\" data-id=\"https:\/\/www.nicepremium.fr\/sports\/moto\/johannzarcovainqueuraumans\/\" rel=\"noreferrer noopener nofollow\">une victoire au Mans<\/a> et une deuxi\u00e8me place \u00e0 Silverstone, il d\u00e9montre encore sa capacit\u00e9 \u00e0 exploiter les rares moments favorables. Il est actuellement <strong>8e au classement g\u00e9n\u00e9ral<\/strong>.<\/p>\n<p>Sa r\u00e9gularit\u00e9 est toutefois mise \u00e0 mal par <strong>des limites techniques<\/strong>. \u00c0 <a href=\"https:\/\/www.nicepremium.fr\/actualite\/motogp-week-end-difficile-pour-fabio-quartararo-et-johann-zarco-au-grand-prix-de-tchequie\/\" data-type=\"link\" data-id=\"https:\/\/www.nicepremium.fr\/actualite\/motogp-week-end-difficile-pour-fabio-quartararo-et-johann-zarco-au-grand-prix-de-tchequie\/\" target=\"_blank\" rel=\"noreferrer noopener nofollow\">Brno<\/a>, un mauvais choix de pneus lui co\u00fbte cher. La Honda RC213V, pourtant en progr\u00e8s en d\u00e9but d\u2019ann\u00e9e, ne semble plus \u00e9voluer depuis plusieurs courses. Johann Zarco lui-m\u00eame reconna\u00eet ce statu quo : \u00ab on a franchi une \u00e9tape au d\u00e9but, mais on stagne depuis. Il faut que Honda r\u00e9agisse rapidement \u00bb.<\/p>\n<p>L\u2019\u00e9t\u00e9 ne sera pas de tout repos pour le Fran\u00e7ais, engag\u00e9 dans<strong> les 8 Heures de Suzuka<\/strong>. Il sait que cette p\u00e9riode sera d\u00e9terminante, aussi bien sur le plan technique que physique. Il devra g\u00e9rer son \u00e9nergie tout en restant comp\u00e9titif, en attendant des signes concrets d\u2019un sursaut de Honda.<\/p>\n<p>C\u00f4t\u00e9 avenir, les derni\u00e8res informations pointent <strong>vers une prolongation<\/strong> du Cannois chez<strong> LCR jusqu\u2019\u00e0 fin 2026<\/strong>. Cela exclurait toute mont\u00e9e en \u00e9quipe officielle, o\u00f9 Luca Marini semble reconduit. Joan Mir, plus incisif ces derni\u00e8res semaines, semble avoir marqu\u00e9 des points aupr\u00e8s de la direction. Johann Zarco, malgr\u00e9 son exp\u00e9rience et son engagement, resterait donc dans un r\u00f4le secondaire.<\/p>\n<p>Le renouvellement de Luca Marini pour une saison suppl\u00e9mentaire renforce cette hypoth\u00e8se. La situation de son co\u00e9quipier actuel, Somkiat Chantra, pourrait en revanche \u00e9voluer. Des rumeurs font \u00e9tat d\u2019un int\u00e9r\u00eat pour Diogo Moreira en vue de 2026.<\/p>\n<p><strong>Une deuxi\u00e8me moiti\u00e9 de saison sous tension<\/strong><\/p>\n<p>Pour <strong>Fabio Quartararo<\/strong> comme pour Johann Zarco, la seconde partie de la saison 2025 s\u2019annonce d\u00e9cisive. Le pilote Yamaha retrouvera des circuits o\u00f9 il a souvent \u00e9t\u00e9 performant, comme Misano, Sepang ou Mandalika. Autant de terrains qui pourraient redonner du relief \u00e0 son choix de rester fid\u00e8le \u00e0 la marque japonaise.<\/p>\n<p>Mais pour convaincre, il devra <strong>transformer ses bonnes qualifications en r\u00e9sultats concrets<\/strong>. Le projet Yamaha, malgr\u00e9 l\u2019annonce d\u2019un moteur V4 en d\u00e9veloppement, reste flou. Avec l\u2019\u00e9ch\u00e9ance du changement de r\u00e9glementation en 2027, beaucoup s\u2019interrogent sur<strong> la pertinence d\u2019un tel investissement<\/strong>.<\/p>\n<p><strong>Johann Zarco<\/strong>, lui, continuera \u00e0 <strong>lutter avec une moto r\u00e9tive<\/strong>. Ses chances de monter en grade semblent d\u00e9sormais limit\u00e9es. Pourtant, il reste l\u2019un des rares \u00e0 pouvoir extraire des performances d\u2019une Honda en difficult\u00e9. La suite d\u00e9pendra de l\u2019\u00e9volution de la machine, mais aussi de sa capacit\u00e9 \u00e0 maintenir son niveau malgr\u00e9 la pression.<\/p>\n<p>Avec cette pause estivale, les deux Fran\u00e7ais ne manquent ni d\u2019envie, ni d\u2019exp\u00e9rience. Mais l\u2019un comme l\u2019autre se heurtent \u00e0 la dure r\u00e9alit\u00e9 du<a href=\"https:\/\/www.motogp.com\/fr\" target=\"_blank\" data-type=\"link\" data-id=\"https:\/\/www.motogp.com\/fr\" rel=\"noreferrer noopener nofollow\"> MotoGP<\/a> : sans une moto comp\u00e9titive, le talent ne suffit pas toujours.<\/p>\n","protected":false},"excerpt":{"rendered":"A la mi-saison 2025, les deux pilotes fran\u00e7ais du championnat MotoGP, Fabio Quartararo et Johann Zarco, traversent des&hellip;\n","protected":false},"author":2,"featured_media":277833,"comment_status":"","ping_status":"","sticky":false,"template":"","format":"standard","meta":{"footnotes":""},"categories":[1413],"tags":[1011,27,1457,1456,60],"class_list":{"0":"post-277832","1":"post","2":"type-post","3":"status-publish","4":"format-standard","5":"has-post-thumbnail","7":"category-moto","8":"tag-fr","9":"tag-france","10":"tag-moto","11":"tag-motocycle","12":"tag-sports"},"share_on_mastodon":{"url":"https:\/\/pubeurope.com\/@fr\/114926376929664705","error":""},"_links":{"self":[{"href":"https:\/\/www.europesays.com\/fr\/wp-json\/wp\/v2\/posts\/277832","targetHints":{"allow":["GET"]}}],"collection":[{"href":"https:\/\/www.europesays.com\/fr\/wp-json\/wp\/v2\/posts"}],"about":[{"href":"https:\/\/www.europesays.com\/fr\/wp-json\/wp\/v2\/types\/post"}],"author":[{"embeddable":true,"href":"https:\/\/www.europesays.com\/fr\/wp-json\/wp\/v2\/users\/2"}],"replies":[{"embeddable":true,"href":"https:\/\/www.europesays.com\/fr\/wp-json\/wp\/v2\/comments?post=277832"}],"version-history":[{"count":0,"href":"https:\/\/www.europesays.com\/fr\/wp-json\/wp\/v2\/posts\/277832\/revisions"}],"wp:featuredmedia":[{"embeddable":true,"href":"https:\/\/www.europesays.com\/fr\/wp-json\/wp\/v2\/media\/277833"}],"wp:attachment":[{"href":"https:\/\/www.europesays.com\/fr\/wp-json\/wp\/v2\/media?parent=277832"}],"wp:term":[{"taxonomy":"category","embeddable":true,"href":"https:\/\/www.europesays.com\/fr\/wp-json\/wp\/v2\/categories?post=277832"},{"taxonomy":"post_tag","embeddable":true,"href":"https:\/\/www.europesays.com\/fr\/wp-json\/wp\/v2\/tags?post=277832"}],"curies":[{"name":"wp","href":"https:\/\/api.w.org\/{rel}","templated":true}]}}