{"id":277834,"date":"2025-07-27T17:28:07","date_gmt":"2025-07-27T17:28:07","guid":{"rendered":"https:\/\/www.europesays.com\/fr\/277834\/"},"modified":"2025-07-27T17:28:07","modified_gmt":"2025-07-27T17:28:07","slug":"week-end-parfait-pour-nick-cassidy-et-jaguar-vainqueurs-des-deux-derniers-e-prix-de-la-saison-de-formule-e-a-londres-lequipe","status":"publish","type":"post","link":"https:\/\/www.europesays.com\/fr\/277834\/","title":{"rendered":"Week-end parfait pour Nick Cassidy et Jaguar, vainqueurs des deux derniers E-Prix de la saison de Formule E \u00e0 Londres &#8211; L&#039;\u00c9quipe"},"content":{"rendered":"<ol>\n<li><a href=\"https:\/\/news.google.com\/rss\/articles\/CBMi_AFBVV95cUxON0p3djBPa2sxZVptUEJ5d3pENWwxYjhsWnBnY0Y5Wnh3YmNXQ2lyQ2EwSmU5MDQyQVhiUW81VjRHVUJYVUtEVVRJVml0RzFxTXdpLXRzR2gtQ0wtSFNqOGQ4R0NxTUs1YTZJMWdYZEgtN2NJOWxNeENGb1Nnbk9xTVF4UG1nQjVuR0hCT01UZmZNSnVYSmxZVjBVUHp2YWNEYkRNcE9RVmw3cWlCeF85TFZCazU2ZklrWnBsUGdQdExRYjFodm1DVFI1RlluQjY3bjNoLVVwdHRjeHc0RUp0dE1JOWkxcFplLThRV3lMd1BMbXVzblJ2cVNNcDY?oc=5\" target=\"_blank\" rel=\"nofollow noopener\">Week-end parfait pour Nick Cassidy et Jaguar, vainqueurs des deux derniers E-Prix de la saison de Formule E \u00e0 Londres<\/a>&nbsp;&nbsp;L&rsquo;\u00c9quipe<\/li>\n<li><a href=\"https:\/\/news.google.com\/rss\/articles\/CBMi1gFBVV95cUxPUjBVYVg3b0Nyb3NNLWxOTEIxTkFKUlFEZmhOcHFnWnlxdW1HMUFFbzZ6amc3R3lEQUl1YnNUcDNKYUxrNnJoWEJlTkg4d1JwQXpBZ3V4bkV4TXZhVDRKTkYtTTdSVm41ZjdBMkZBSlZQUmM1N0lYeDY4R002dTFwMmRjU2QwU1pyOFRlT3dTUWFQTHhsNXZCdXRqYkJSUUxqdUdkMkR2QjVWY3pTelNlakVOY0J4Wm9KR2VaODdxaFBYeFdMYkZZSUktTHJkWXpITGRucFZ3?oc=5\" target=\"_blank\" rel=\"nofollow noopener\">Londres &#8211; Qualifications : Premi\u00e8re pole position pour Ticktum, qui ne s&rsquo;\u00e9lancera que sixi\u00e8me en raison d&rsquo;une p\u00e9nalit\u00e9<\/a>&nbsp;&nbsp;AutoHebdo<\/li>\n<li><a href=\"https:\/\/news.google.com\/rss\/articles\/CBMi3gFBVV95cUxOV1hMVGhwS1hVS3U0Qmc1bXdCQ09BSEIza0JVb3ZPWE5EZmpUUkRWZFE4QmFBTHJUVUJkbTY1WWZwcTMyYXhCYUtBRUdnUDU2ajdoZ01ac3ltLS1id0N6b3V2VF93ZHdMcFhnQ0ZKSTRaeWVWQmFva1lJZVRBVUh3RHdhM0tVckFDaDJrM1MyUXpLWVd1X1lsbmk1a1hlSkhoclRDMDAzSTktN2MtT3dXMmRQaXNNY0NEeXZ1V00yNWtudkxGSHpzako2Qmc5NFQ1RHAxQUNHcmJSLU5GekE?oc=5\" target=\"_blank\" rel=\"nofollow noopener\">Nick Cassidy remporte le dernier ePrix de la saison &#8211; Formule E &#8211; Londres<\/a>&nbsp;&nbsp;Orange Actualit\u00e9s | Sports<\/li>\n<li><a href=\"https:\/\/news.google.com\/rss\/articles\/CBMikgFBVV95cUxQTU9EVHN0S0d3MUlmZlZHbXVHTXhpWE52UXdPTzY4ODBmaEVGTkp5dklYZVBkdkp5X2dBQVRiSFN3NUJyUFU0OGRvZEpXTm52ekVfY2FZVUF2SHdRNURSWDlOdzJyV1lZdmFpVmhFWDMwVHN5VXk2WWJBNnM5dkp2Vm9vbk91S3oyZE05ek1PSUc5QQ?oc=5\" target=\"_blank\" rel=\"nofollow noopener\">DS Penske entre prudence et efficacit\u00e9 \u00e0 Londres<\/a>&nbsp;&nbsp;Motorsport.com<\/li>\n<li><a href=\"https:\/\/news.google.com\/rss\/articles\/CBMingFBVV95cUxQREM3ZmtOeHVvUmpCNzNPeFViNm9MV1h4eEJBWmdRck1hTHR4QmFoeVZTYXlyNG95ZmxPYjRURk5BWktSQS03MXVRUzNKRERSdlZPZFd0eFF1ZlNjT1RzekV4ekUySnM5TUo3REd4cEdnUkNFLUZtT2w4bHFfeDFRMU5Dazh4bDJTYkJyZWlWRUQ0Q1YtU1JMS1ZWUFZjdw?oc=5\" target=\"_blank\" rel=\"nofollow noopener\">Formule E: Edoardo Mortara seul Suisse dans les points | blue News<\/a>&nbsp;&nbsp;blue News<\/li>\n<\/ol>\n","protected":false},"excerpt":{"rendered":"Week-end parfait pour Nick Cassidy et Jaguar, vainqueurs des deux derniers E-Prix de la saison de Formule E&hellip;\n","protected":false},"author":2,"featured_media":1445,"comment_status":"","ping_status":"","sticky":false,"template":"","format":"standard","meta":{"footnotes":""},"categories":[1412],"tags":[1451,1452,1453,1454,1455,1011,27,60],"class_list":{"0":"post-277834","1":"post","2":"type-post","3":"status-publish","4":"format-standard","5":"has-post-thumbnail","7":"category-f1","8":"tag-f1","9":"tag-formula-1","10":"tag-formula1","11":"tag-formule-1","12":"tag-formule1","13":"tag-fr","14":"tag-france","15":"tag-sports"},"share_on_mastodon":{"url":"https:\/\/pubeurope.com\/@fr\/114926380867259971","error":""},"_links":{"self":[{"href":"https:\/\/www.europesays.com\/fr\/wp-json\/wp\/v2\/posts\/277834","targetHints":{"allow":["GET"]}}],"collection":[{"href":"https:\/\/www.europesays.com\/fr\/wp-json\/wp\/v2\/posts"}],"about":[{"href":"https:\/\/www.europesays.com\/fr\/wp-json\/wp\/v2\/types\/post"}],"author":[{"embeddable":true,"href":"https:\/\/www.europesays.com\/fr\/wp-json\/wp\/v2\/users\/2"}],"replies":[{"embeddable":true,"href":"https:\/\/www.europesays.com\/fr\/wp-json\/wp\/v2\/comments?post=277834"}],"version-history":[{"count":0,"href":"https:\/\/www.europesays.com\/fr\/wp-json\/wp\/v2\/posts\/277834\/revisions"}],"wp:featuredmedia":[{"embeddable":true,"href":"https:\/\/www.europesays.com\/fr\/wp-json\/wp\/v2\/media\/1445"}],"wp:attachment":[{"href":"https:\/\/www.europesays.com\/fr\/wp-json\/wp\/v2\/media?parent=277834"}],"wp:term":[{"taxonomy":"category","embeddable":true,"href":"https:\/\/www.europesays.com\/fr\/wp-json\/wp\/v2\/categories?post=277834"},{"taxonomy":"post_tag","embeddable":true,"href":"https:\/\/www.europesays.com\/fr\/wp-json\/wp\/v2\/tags?post=277834"}],"curies":[{"name":"wp","href":"https:\/\/api.w.org\/{rel}","templated":true}]}}