{"id":277835,"date":"2025-07-27T17:29:09","date_gmt":"2025-07-27T17:29:09","guid":{"rendered":"https:\/\/www.europesays.com\/fr\/277835\/"},"modified":"2025-07-27T17:29:09","modified_gmt":"2025-07-27T17:29:09","slug":"cyclisme-tour-de-castille-et-leon-premiere-victoire-pro-pour-haimar-etxeberria","status":"publish","type":"post","link":"https:\/\/www.europesays.com\/fr\/277835\/","title":{"rendered":"Cyclisme. Tour de Castille-et-Leon &#8211; Premi\u00e8re victoire pro pour Haimar Etxeberria !"},"content":{"rendered":"<p>Premier succ\u00e8s professionnel pour <strong>Haimar Etxeberria<\/strong> ! \u00c0 21 ans, le jeune coureur de la formation <strong>Equipo Kern Pharma<\/strong> a cr\u00e9\u00e9 la sensation ce dimanche en remportant la <strong>Vuelta a Castilla y Le\u00f3n<\/strong>. Sur les pentes raides menant au ch\u00e2teau de Pe\u00f1afiel, th\u00e9\u00e2tre de l\u2019arriv\u00e9e finale, <strong>Etxeberria <\/strong>a r\u00e9ussi une superbe remont\u00e9e pour devancer dans les derniers m\u00e8tres l\u2019exp\u00e9riment\u00e9<strong> Jesus Herrada <\/strong>(Cofidis), pourtant bien plac\u00e9 pour la victoire.<\/p>\n<blockquote class=\"twitter-tweet\" style=\"width:100%!important;max-width:550px!important;min-width:250px;height:500px;\" data-media-max-width=\"560\"><p>&#13;<\/p>\n<p dir=\"ltr\" lang=\"fr\">Haimar Etxeberria (Kern Pharma) obtient son 1er bouquet pro sur le Tour de Castille-et-Le\u00f3n, disput\u00e9 sur une journ\u00e9e comme l&rsquo;an dernier. L&rsquo;Espagnol (21 ans) a battu son compatriote Jesus Herrada (Cofidis) et Christian Scaroni (XDS-Astana). <a href=\"https:\/\/twitter.com\/hashtag\/ClasicaCyL25?src=hash&amp;ref_src=twsrc%5Etfw\" rel=\"nofollow noopener\" target=\"_blank\">#ClasicaCyL25<\/a><a href=\"https:\/\/t.co\/vpqECyfEeJ\" rel=\"nofollow\">pic.twitter.com\/vpqECyfEeJ<\/a><\/p>\n<p>&#13;<br \/>\n\u2014 Le Gruppetto (@LeGruppetto) <a href=\"https:\/\/twitter.com\/LeGruppetto\/status\/1949476765195202750?ref_src=twsrc%5Etfw\" rel=\"nofollow noopener\" target=\"_blank\">July 27, 2025<\/a><\/p><\/blockquote>\n<p>\u00a0<\/p>\n<p>Etxeberria le plus explosif<\/p>\n<p>La course s\u2019est d\u00e9cant\u00e9e comme pr\u00e9vu dans les ultimes kilom\u00e8tres. Apr\u00e8s avoir repris les derniers fuyards \u00e0 moins de trois kilom\u00e8tres de l\u2019arriv\u00e9e, le peloton s\u2019est pr\u00e9sent\u00e9 group\u00e9 au pied de l&rsquo;ascension finale. C\u2019est l\u00e0 qu\u2019<strong>Etxeberria <\/strong>a su faire parler sa fra\u00eecheur et son explosivit\u00e9 pour remporter avec brio cette \u00e9dition 2025. Le podium est compl\u00e9t\u00e9 par l\u2019Italien <strong>Christian Scaroni<\/strong> (XDS Astana), devant<strong> Lukas Kubis <\/strong>(4e, Unibet Tietema Rockets) et <strong>Eduard Prades <\/strong>(5e, Caja Rural-Seguros RGA).<\/p>\n<p>Tour de Castille-et-Leon &#8211; Classement g\u00e9n\u00e9ral<script async src=\"https:\/\/platform.twitter.com\/widgets.js\" charset=\"utf-8\"><\/script><\/p>\n","protected":false},"excerpt":{"rendered":"Premier succ\u00e8s professionnel pour Haimar Etxeberria ! \u00c0 21 ans, le jeune coureur de la formation Equipo Kern&hellip;\n","protected":false},"author":2,"featured_media":277836,"comment_status":"","ping_status":"","sticky":false,"template":"","format":"standard","meta":{"footnotes":""},"categories":[1411],"tags":[1154,207,211,1011,27,209,60,41710,210,212,208,213],"class_list":{"0":"post-277835","1":"post","2":"type-post","3":"status-publish","4":"format-standard","5":"has-post-thumbnail","7":"category-cyclisme","8":"tag-cycling","9":"tag-cyclisme","10":"tag-ffc","11":"tag-fr","12":"tag-france","13":"tag-route","14":"tag-sports","15":"tag-tour-de-castille-et-leon","16":"tag-tour-de-france","17":"tag-uci","18":"tag-velo","19":"tag-world-tour"},"share_on_mastodon":{"url":"https:\/\/pubeurope.com\/@fr\/114926384805851196","error":""},"_links":{"self":[{"href":"https:\/\/www.europesays.com\/fr\/wp-json\/wp\/v2\/posts\/277835","targetHints":{"allow":["GET"]}}],"collection":[{"href":"https:\/\/www.europesays.com\/fr\/wp-json\/wp\/v2\/posts"}],"about":[{"href":"https:\/\/www.europesays.com\/fr\/wp-json\/wp\/v2\/types\/post"}],"author":[{"embeddable":true,"href":"https:\/\/www.europesays.com\/fr\/wp-json\/wp\/v2\/users\/2"}],"replies":[{"embeddable":true,"href":"https:\/\/www.europesays.com\/fr\/wp-json\/wp\/v2\/comments?post=277835"}],"version-history":[{"count":0,"href":"https:\/\/www.europesays.com\/fr\/wp-json\/wp\/v2\/posts\/277835\/revisions"}],"wp:featuredmedia":[{"embeddable":true,"href":"https:\/\/www.europesays.com\/fr\/wp-json\/wp\/v2\/media\/277836"}],"wp:attachment":[{"href":"https:\/\/www.europesays.com\/fr\/wp-json\/wp\/v2\/media?parent=277835"}],"wp:term":[{"taxonomy":"category","embeddable":true,"href":"https:\/\/www.europesays.com\/fr\/wp-json\/wp\/v2\/categories?post=277835"},{"taxonomy":"post_tag","embeddable":true,"href":"https:\/\/www.europesays.com\/fr\/wp-json\/wp\/v2\/tags?post=277835"}],"curies":[{"name":"wp","href":"https:\/\/api.w.org\/{rel}","templated":true}]}}