{"id":277837,"date":"2025-07-27T17:30:15","date_gmt":"2025-07-27T17:30:15","guid":{"rendered":"https:\/\/www.europesays.com\/fr\/277837\/"},"modified":"2025-07-27T17:30:15","modified_gmt":"2025-07-27T17:30:15","slug":"supercoupe-deurope-comment-tottenham-prepare-le-choc-face-au-psg","status":"publish","type":"post","link":"https:\/\/www.europesays.com\/fr\/277837\/","title":{"rendered":"Supercoupe d&rsquo;Europe : Comment Tottenham pr\u00e9pare le choc face au PSG ?"},"content":{"rendered":"<p data-testid=\"article-teaser\">A trois semaines de la Supercoupe d\u2019Europe, Tottenham s\u2019active pour arriver en grande forme contre le PSG. <\/p>\n<p><a href=\"https:\/\/www.goal.com\/fr\/news\/officiel-la-date-de-la-supercoupe-d-europe-entre-le-psg-et-tottenham-connue\/blt36514efcdd3a6230\" target=\"_self\" rel=\"noopener\">Le 13 ao\u00fbt prochain, Tottenham d\u00e9fiera le Paris Saint-Germain \u00e0 Udine lors de la Supercoupe d\u2019Europe.<\/a> Si le club parisien, r\u00e9cent vainqueur de la Ligue des Champions, part favori sur le papier, un d\u00e9tail de pr\u00e9paration pourrait redistribuer les cartes. Alors que la reprise de l\u2019entra\u00eenement du PSG est programm\u00e9e au 6 ao\u00fbt, soit seulement une semaine avant la rencontre, Tottenham, de son c\u00f4t\u00e9, a entam\u00e9 sa pr\u00e9paration depuis le d\u00e9but du mois de juillet. Une diff\u00e9rence de rythme qui pourrait peser lourd le jour du match.<\/p>\n<p>L&rsquo;article continue ci-dessous<\/p>\n","protected":false},"excerpt":{"rendered":"A trois semaines de la Supercoupe d\u2019Europe, Tottenham s\u2019active pour arriver en grande forme contre le PSG. Le&hellip;\n","protected":false},"author":2,"featured_media":277838,"comment_status":"","ping_status":"","sticky":false,"template":"","format":"standard","meta":{"footnotes":""},"categories":[1410],"tags":[5357,41711,41563,63,1011,27,41561,91,60,39732,18015,39734],"class_list":{"0":"post-277837","1":"post","2":"type-post","3":"status-publish","4":"format-standard","5":"has-post-thumbnail","7":"category-football","8":"tag-arsenal","9":"tag-arsenal-vs-tottenham","10":"tag-club-friendlies","11":"tag-football","12":"tag-fr","13":"tag-france","14":"tag-jeux-damitie-des-clubs","15":"tag-paris-saint-germain","16":"tag-sports","17":"tag-super-coupe-de-luefa","18":"tag-tottenham","19":"tag-uefa-super-cup"},"share_on_mastodon":{"url":"https:\/\/pubeurope.com\/@fr\/114926388782491897","error":""},"_links":{"self":[{"href":"https:\/\/www.europesays.com\/fr\/wp-json\/wp\/v2\/posts\/277837","targetHints":{"allow":["GET"]}}],"collection":[{"href":"https:\/\/www.europesays.com\/fr\/wp-json\/wp\/v2\/posts"}],"about":[{"href":"https:\/\/www.europesays.com\/fr\/wp-json\/wp\/v2\/types\/post"}],"author":[{"embeddable":true,"href":"https:\/\/www.europesays.com\/fr\/wp-json\/wp\/v2\/users\/2"}],"replies":[{"embeddable":true,"href":"https:\/\/www.europesays.com\/fr\/wp-json\/wp\/v2\/comments?post=277837"}],"version-history":[{"count":0,"href":"https:\/\/www.europesays.com\/fr\/wp-json\/wp\/v2\/posts\/277837\/revisions"}],"wp:featuredmedia":[{"embeddable":true,"href":"https:\/\/www.europesays.com\/fr\/wp-json\/wp\/v2\/media\/277838"}],"wp:attachment":[{"href":"https:\/\/www.europesays.com\/fr\/wp-json\/wp\/v2\/media?parent=277837"}],"wp:term":[{"taxonomy":"category","embeddable":true,"href":"https:\/\/www.europesays.com\/fr\/wp-json\/wp\/v2\/categories?post=277837"},{"taxonomy":"post_tag","embeddable":true,"href":"https:\/\/www.europesays.com\/fr\/wp-json\/wp\/v2\/tags?post=277837"}],"curies":[{"name":"wp","href":"https:\/\/api.w.org\/{rel}","templated":true}]}}