{"id":277839,"date":"2025-07-27T17:31:10","date_gmt":"2025-07-27T17:31:10","guid":{"rendered":"https:\/\/www.europesays.com\/fr\/277839\/"},"modified":"2025-07-27T17:31:10","modified_gmt":"2025-07-27T17:31:10","slug":"aya-nakamura-revele-pourquoi-elle-a-refuse-de-participer-a-secret-story","status":"publish","type":"post","link":"https:\/\/www.europesays.com\/fr\/277839\/","title":{"rendered":"Aya Nakamura r\u00e9v\u00e8le pourquoi elle a refus\u00e9 de participer \u00e0 \u00ab\u00a0Secret Story\u00a0\u00bb"},"content":{"rendered":"<p>      R\u00e9sum\u00e9<\/p>\n<p>Aya Nakamura a d\u00e9clin\u00e9 une invitation \u00e0 participer \u00e0 Secret Story en 2017, privil\u00e9giant une carri\u00e8re musicale qu&rsquo;elle souhaitait construire loin de la t\u00e9l\u00e9-r\u00e9alit\u00e9.<\/p>\n<p>        Sommaire<\/p>\n<p>Elle conna\u00eet un succ\u00e8s fou depuis quelques ann\u00e9es. Il y a tout juste un an, Aya Nakamura <a href=\"https:\/\/www.public.fr\/aya-nakamura-aux-jo-de-paris-2024-la-justice-s-en-mele-l-affaire-prend-un-violent-tournant\" target=\"_blank\" rel=\"noopener\">\u00e9tait la star \u00e0 ne pas rater<\/a> \u00e0 la c\u00e9r\u00e9monie d&rsquo;ouverture des <a href=\"https:\/\/vsd.fr\/65752-paris-2024-cyberharcelement-menaces-de-mort-insultes-homophobes-et-antisemites-la-dj-barbara-butch-porte-plainte-apres-de-nombreuses-attaques\/\" target=\"_blank\" rel=\"noopener\">Jeux Olympiques de Paris 2024<\/a>. <strong>Aux c\u00f4t\u00e9s de Lady Gaga et de C\u00e9line Dion<\/strong>, la chanteuse faisait rayonner les couleurs tricolores dans le monde entier, avec son tube culte Djadja. Mais \u00e0 ses d\u00e9buts, Aya <strong>Nakamura a bien failli faire des mauvais choix<\/strong> qui auraient pu lui co\u00fbter cher&#8230;<\/p>\n<p>En effet, comme elle l&rsquo;a r\u00e9v\u00e9l\u00e9 \u00e0 L&rsquo;Obs il y a quelques mois, Aya Nakamura s&rsquo;est vu proposer une \u00e9mission de t\u00e9l\u00e9vision il y a plusieurs ann\u00e9es. <strong>Cette \u00e9mission, c&rsquo;est Secret Story<\/strong> ! En effet, la production de <a href=\"https:\/\/www.public.fr\/nore-grand-gagnant-de-secret-story-11-devoile-ce-qu-il-va-faire-des-100-000-euros\" target=\"_blank\" rel=\"noopener\">la saison 11 du programme, diffus\u00e9e en 2017<\/a>, l&rsquo;avait approch\u00e9e \u00e0 l&rsquo;\u00e9poque. Aya Nakamura <strong>d\u00e9marrait \u00e0 peine dans la chanson<\/strong>, et n&rsquo;\u00e9tait pas encore tr\u00e8s connue. Si elle a h\u00e9sit\u00e9, elle a toutefois d\u00e9clin\u00e9 la proposition&#8230; et a s\u00fbrement bien fait !<\/p>\n<p>Elle avait sorti un premier album confidentiel<\/p>\n<p>\u00ab\u00a0Au d\u00e9but, Macron venait de devenir pr\u00e9sident. J&rsquo;\u00e9tais un peu connue sur les r\u00e9seaux sociaux, on m\u2019a propos\u00e9 de faire Secret Story. J&rsquo;ai dit non. <strong>J\u2019avais envie d\u2019\u00eatre chanteuse et je ne voulais pas que \u00e7a me colle<\/strong>\u00a0\u00bb r\u00e9v\u00e8le ainsi Aya Nakamura.<\/p>\n<p>Effectivement, si Aya Nakamura a connu le succ\u00e8s gr\u00e2ce \u00e0 son second album en mars 2018, son premier, baptis\u00e9 Journal intime, a \u00e9t\u00e9 \u00e9dit\u00e9 le 25 ao\u00fbt 2017. La saison 11 de Secret Story, elle, a d\u00e9marr\u00e9 le 1er septembre. Plus confidentiel, <strong>il lui permet toutefois de se faire un nom et de convaincre les labels de la suivre<\/strong>. Il faudra attendre mars 2020 pour que cet album soit certifi\u00e9 disque de platine.<\/p>\n<p>Aya Nakamura n&rsquo;est pas la seule artiste \u00e0 avoir refus\u00e9 !<\/p>\n<p>Les casteurs de Secret Story sont r\u00e9guli\u00e8rement int\u00e9ress\u00e9s par des profils un peu reconnus. En saison 3, ils avaient notamment recrut\u00e9 la Miss <a href=\"https:\/\/vsd.fr\/84593-rachel-legrain-trapani-victime-dune-agression-sexuelle-au-festival-davignon-il-a-commence-a-me-toucher\/\" target=\"_blank\" rel=\"noopener\">Rachel Legrain-Trapani<\/a>. En saison 11 justement, la production s&rsquo;\u00e9tait offerte Makao, le garde du corps d&rsquo;Emmanuel Macron. Elle a \u00e9galement r\u00e9ussi \u00e0 caster Jonathan Zidane, cousin de Zin\u00e9dine Zidane, ou encore <strong>Ethan Hazard, fr\u00e8re de Thorgan et Eden Hazard<\/strong>. Il y a quelques semaines, <strong>le groupe de musique PZK<\/strong> r\u00e9v\u00e9lait avoir lui aussi refus\u00e9 de participer au programme. <\/p>\n<p>      Mentionn\u00e9s dans cet article<\/p>\n<p>\u00c0 lire aussi<\/p>\n","protected":false},"excerpt":{"rendered":"R\u00e9sum\u00e9 Aya Nakamura a d\u00e9clin\u00e9 une invitation \u00e0 participer \u00e0 Secret Story en 2017, privil\u00e9giant une carri\u00e8re musicale&hellip;\n","protected":false},"author":2,"featured_media":277840,"comment_status":"","ping_status":"","sticky":false,"template":"","format":"standard","meta":{"footnotes":""},"categories":[1359],"tags":[11774,58,59,1011,27,973,29901],"class_list":{"0":"post-277839","1":"post","2":"type-post","3":"status-publish","4":"format-standard","5":"has-post-thumbnail","7":"category-people","8":"tag-aya-nakamura","9":"tag-divertissement","10":"tag-entertainment","11":"tag-fr","12":"tag-france","13":"tag-people","14":"tag-secret-story"},"share_on_mastodon":{"url":"https:\/\/pubeurope.com\/@fr\/114926392786717305","error":""},"_links":{"self":[{"href":"https:\/\/www.europesays.com\/fr\/wp-json\/wp\/v2\/posts\/277839","targetHints":{"allow":["GET"]}}],"collection":[{"href":"https:\/\/www.europesays.com\/fr\/wp-json\/wp\/v2\/posts"}],"about":[{"href":"https:\/\/www.europesays.com\/fr\/wp-json\/wp\/v2\/types\/post"}],"author":[{"embeddable":true,"href":"https:\/\/www.europesays.com\/fr\/wp-json\/wp\/v2\/users\/2"}],"replies":[{"embeddable":true,"href":"https:\/\/www.europesays.com\/fr\/wp-json\/wp\/v2\/comments?post=277839"}],"version-history":[{"count":0,"href":"https:\/\/www.europesays.com\/fr\/wp-json\/wp\/v2\/posts\/277839\/revisions"}],"wp:featuredmedia":[{"embeddable":true,"href":"https:\/\/www.europesays.com\/fr\/wp-json\/wp\/v2\/media\/277840"}],"wp:attachment":[{"href":"https:\/\/www.europesays.com\/fr\/wp-json\/wp\/v2\/media?parent=277839"}],"wp:term":[{"taxonomy":"category","embeddable":true,"href":"https:\/\/www.europesays.com\/fr\/wp-json\/wp\/v2\/categories?post=277839"},{"taxonomy":"post_tag","embeddable":true,"href":"https:\/\/www.europesays.com\/fr\/wp-json\/wp\/v2\/tags?post=277839"}],"curies":[{"name":"wp","href":"https:\/\/api.w.org\/{rel}","templated":true}]}}