{"id":277841,"date":"2025-07-27T17:32:14","date_gmt":"2025-07-27T17:32:14","guid":{"rendered":"https:\/\/www.europesays.com\/fr\/277841\/"},"modified":"2025-07-27T17:32:14","modified_gmt":"2025-07-27T17:32:14","slug":"le-mas-re-source-entre-le-gard-et-lardeche-une-maison-dhotes-pour-les-amoureux-dart-et-de-photographie","status":"publish","type":"post","link":"https:\/\/www.europesays.com\/fr\/277841\/","title":{"rendered":"Le Mas Re.Source entre le Gard et l\u2019Ard\u00e8che, une maison d\u2019h\u00f4tes pour les amoureux d&rsquo;art et de photographie"},"content":{"rendered":"<p class=\"editor-content__paragraph\">\u00ab\u00a0Ici, on suspend l\u2019art et le temps\u00a0\u00bb, nous glissent tout sourire Marc et R\u00e9my. Difficile de les contredire, assis dans leur vaste s\u00e9jour aux murs tapiss\u00e9s de beaux livres, entre un tableau de G\u00e9rard Traquandi et une \u0153uvre de Daniel Arsham, tandis que se dessine \u00e0 travers les fen\u00eatres, majestueux, le <strong>mont Ventoux<\/strong>. Se fondant dans un<strong> d\u00e9cor idyllique entre vignes et oliviers<\/strong>, leur <strong>maison d\u2019h\u00f4tes<\/strong> ouverte en 2024\u00a0respire la s\u00e9r\u00e9nit\u00e9, le go\u00fbt, la discr\u00e9tion. On y pose un pied, et l\u2019envie nous vient, comme eux, de ne plus jamais rentrer.<\/p>\n<p class=\"editor-content__paragraph\">\u00c0 la douceur de leur voix, \u00e0 l\u2019attention qu\u2019ils pr\u00eatent sans h\u00e2te \u00e0 chacun de leurs invit\u00e9s, on peine en effet \u00e0 imaginer<strong> ce couple de collectionneurs<\/strong> dans la fr\u00e9n\u00e9sie du 10e arrondissement parisien o\u00f9 ils vivaient jusqu\u2019en 2022, l\u2019un \u00e0 la t\u00eate d\u2019une bo\u00eete de communication graphique, l\u2019autre encha\u00eenant les vols en tant que steward chez Air France.<\/p>\n<p>Cr\u00e9er un refuge d\u2019esth\u00e8te dans un territoire riche en patrimoine<\/p>\n<p>    <img loading=\"lazy\" decoding=\"async\" class=\"image__img\" src=\"https:\/\/www.europesays.com\/fr\/wp-content\/uploads\/2025\/07\/webportrait-marc-remy--nicolas-matheus-964x1353.jpg\" alt=\"Portrait de R\u00e9my Coussedi\u00e8re et Marc \u00c9tienne\" width=\"964\" height=\"1353\"\/><\/p>\n<p>Portrait de R\u00e9my Coussedi\u00e8re et Marc \u00c9tienne<\/p>\n<p>    i<\/p>\n<p class=\"editor-content__paragraph\">C\u2019est le confinement, pass\u00e9 chez des amis dans les environs, qui a convaincu <strong>R\u00e9my Coussedi\u00e8re et Marc \u00c9tienne<\/strong> de ralentir\u00a0; de souffler, pour mieux se consacrer \u00e0 deux de leurs passions\u00a0: <strong>recevoir autour de grandes tabl\u00e9es<\/strong> et partager <strong>leur pl\u00e9thorique collection d\u2019art et de design<\/strong>. Celle-ci s\u2019est constitu\u00e9e au gr\u00e9 des d\u00e9couvertes aupr\u00e8s de galeries amies telles que <strong>Rabouan Moussion<\/strong> et <strong>RX<\/strong>\u00a0ou lors de festivals photo comme <a href=\"https:\/\/www.beauxarts.com\/expos\/le-festival-circulations-en-5-coups-de-coeur\/\" target=\"_blank\" rel=\"noopener nofollow\"><strong>Circulation(s) au Centquatre, <\/strong><\/a> que l\u2019agence de Marc, Nude, a accompagn\u00e9e durant six ans.<\/p>\n<p class=\"editor-content__paragraph\">Apr\u00e8s des mois de recherches, les ex-citadins jettent leur d\u00e9volu sur<strong> un ancien relais de poste transform\u00e9 en ferme<\/strong>, au creux de la vall\u00e9e de la C\u00e8ze, <strong>pr\u00e8s de Barjac<\/strong>. Le cahier des charges est rempli\u00a0: la nature \u00e0 perte de vue, le silence absolu, du soleil une bonne partie de l\u2019ann\u00e9e et, non loin, des commerces. C\u2019est donc ici que leur projet de refuge d\u2019esth\u00e8te verra le jour, <strong>aux portes des C\u00e9vennes<\/strong>, au milieu d\u2019une myriade de <strong>villages \u00e9pargn\u00e9s par le surtourisme<\/strong> (six sont estampill\u00e9s Plus Beaux de France), tels que <strong>Montclus, Aigu\u00e8ze<\/strong> et <strong>La Roque-sur-C\u00e8ze<\/strong> (notre pr\u00e9f\u00e9r\u00e9).<\/p>\n<p>    <img loading=\"lazy\" decoding=\"async\" class=\"image__img\" src=\"https:\/\/www.europesays.com\/fr\/wp-content\/uploads\/2025\/07\/webmas-re.source--mr-tripper-69-964x644.jpg\" alt=\"La piscine panoramique du Mas Re.source\" width=\"964\" height=\"644\"\/><\/p>\n<p>La piscine panoramique du Mas Re.source<\/p>\n<p>    i<\/p>\n<p class=\"editor-content__paragraph\">Pour se glisser sans heurts dans ce territoire riche en patrimoine, les deux entrepreneurs ont opt\u00e9 pour <strong>une r\u00e9novation en douceur<\/strong>, mettant en valeur <strong>la pierre<\/strong> et <strong>le bois brut <\/strong>simplement rehauss\u00e9s de quelques touches de mat\u00e9riaux industriels comme <strong>l\u2019acier Corten et le b\u00e9ton<\/strong>. Des \u00e9l\u00e9ments plus g\u00e9om\u00e9triques viennent ainsi structurer ici et l\u00e0 la propri\u00e9t\u00e9, cr\u00e9er des espaces intimes ou conviviaux con\u00e7us par l\u2019architecte-paysagiste Luc Echilley. <strong>Cour int\u00e9rieure plant\u00e9e d\u2019oliviers, potager aromatique<\/strong>, jardin en restanques cultiv\u00e9 \u00e0 la proven\u00e7ale, <strong>salle \u00e0 manger en plein air, piscine panoramique<\/strong>\u00a0: l\u2019architecture initie naturellement \u00e0 l\u2019art de ne rien faire. Si ce n\u2019est <strong>\u00e9veiller ses sens<\/strong>.<\/p>\n<p>        \u00c0 lire aussi :<br \/>\n        <a class=\"renvoi-explicite__link\" href=\"https:\/\/www.beauxarts.com\/lifestyle\/7-hotels-pour-de-fabuleuses-escapades-entre-art-et-nature\/\" rel=\"nofollow noopener\" target=\"_blank\">7 h\u00f4tels pour de fabuleuses escapades entre art et nature<\/a><\/p>\n<p>L\u2019art invit\u00e9 dans l\u2019intimit\u00e9<\/p>\n<p>    <img loading=\"lazy\" decoding=\"async\" class=\"image__img\" src=\"https:\/\/www.europesays.com\/fr\/wp-content\/uploads\/2025\/07\/webmas-re.source--mr-tripper-26-964x644.jpg\" alt=\"Chambre du Mas Re.source\" width=\"964\" height=\"644\"\/><\/p>\n<p>Chambre du Mas Re.source<\/p>\n<p>    i<\/p>\n<p class=\"editor-content__paragraph\">Ce \u00e0 quoi participe <strong>la trentaine d\u2019\u0153uvres diss\u00e9min\u00e9es dans les chambres<\/strong>. Chacune est con\u00e7ue comme un <strong>mini-mus\u00e9e priv\u00e9<\/strong> o\u00f9 l\u2019art s\u2019invite dans l\u2019intimit\u00e9. Au milieu d\u2019une d\u00e9coration qui m\u00eale design, objets chin\u00e9s et mat\u00e9riaux naturels, l\u2019accrochage est minutieusement pens\u00e9 pour offrir le temps de regarder, de contempler\u00a0; de lire aussi, \u00e0 travers de <strong>beaux ouvrages<\/strong> s\u00e9lectionn\u00e9s pour \u00e9clairer les \u0153uvres.<\/p>\n<p class=\"editor-content__paragraph\">Entre d\u00e9couvertes et grandes signatures, on croisera, selon les h\u00e9bergements, les paysages peupl\u00e9s de figures spectrales du Su\u00e9dois<strong> Kristoffer Ax\u00e9n<\/strong>, les corps en apesanteur du Fran\u00e7ais <strong>Denis Darzacq<\/strong>, les vues urbaines m\u00e9lancoliques du Belge<strong> Luc Dratwa<\/strong> ou les visions onirico-aquatiques du duo <strong>Ren\u00e9 &amp; Radka<\/strong>. Citons encore, entre autres artistes et designeurs\u00a0: <strong><a href=\"https:\/\/www.beauxarts.com\/grand-format\/le-corbusier-en-2-minutes\/\" target=\"_blank\" rel=\"noopener nofollow\">Le Corbusier<\/a>, <a href=\"https:\/\/www.beauxarts.com\/expos\/damien-hirst-lart-rend-optimiste-et-donne-de-lespoir\/\" target=\"_blank\" rel=\"noopener nofollow\">Damien Hirst<\/a>, <a href=\"https:\/\/www.beauxarts.com\/expos\/en-provence-le-jardin-sculpte-darik-levy-et-zoe-ouvrier\/\" target=\"_blank\" rel=\"noopener nofollow\">Arik Levy<\/a><\/strong>, Floriane de Lass\u00e9, Charles &amp; Ray Eames, Philippe Chancel, Kim Chun Hwan\u2026<\/p>\n<p>    <img loading=\"lazy\" decoding=\"async\" class=\"image__img\" src=\"https:\/\/www.europesays.com\/fr\/wp-content\/uploads\/2025\/07\/webmas-re.source--mr-tripper-86-964x644.jpg\" alt=\"Les 42 photographies de Julien Benard dans l\u2019une des deux maisons contemporaines jumelles\" width=\"964\" height=\"644\"\/><\/p>\n<p>Les 42\u00a0photographies de Julien Benard dans l\u2019une des deux maisons contemporaines jumelles<\/p>\n<p>    i<\/p>\n<p class=\"editor-content__paragraph\">Les \u0153uvres les plus spectaculaires sont install\u00e9es quant \u00e0 elles <strong>dans les deux maisons contemporaines jumelles<\/strong> \u2013 l\u2019une en pierre de taille, l\u2019autre en bois \u2013, offrant des logements ind\u00e9pendants plus vastes. Elles abritent, d\u2019un c\u00f4t\u00e9, une s\u00e9rie de <strong>42\u00a0photographies de Julien Benard <\/strong>qui capturent, \u00e0 travers les fen\u00eatres d\u2019un immeuble, le ballet silencieux d\u2019employ\u00e9s de bureaux devant une photocopieuse\u00a0; de l\u2019autre, une <strong>grande installation <\/strong>constitu\u00e9e de visages sur papier glac\u00e9, froiss\u00e9s et d\u00e9chir\u00e9s, <strong> cr\u00e9\u00e9e in situ par Anton Shebetko<\/strong>, photographe et plasticien d\u2019origine ukrainienne qui \u00e9voque ainsi la question complexe de <strong>l\u2019identit\u00e9 queer <\/strong>dans son pays natal.<\/p>\n<p>        \u00c0 lire aussi :<br \/>\n        <a class=\"renvoi-explicite__link\" href=\"https:\/\/www.beauxarts.com\/lifestyle\/10-hotels-de-reve-impregnes-dart-et-dhistoire\/\" rel=\"nofollow noopener\" target=\"_blank\">Les plus beaux h\u00f4tels impr\u00e9gn\u00e9s d\u2019art et d\u2019histoire o\u00f9 s\u00e9journer en France<\/a><\/p>\n<p>Une table d\u2019h\u00f4tes d\u00e9di\u00e9e au partage<\/p>\n<p>    <img loading=\"lazy\" decoding=\"async\" class=\"image__img\" src=\"https:\/\/www.europesays.com\/fr\/wp-content\/uploads\/2025\/07\/webmas-re.source--mr-tripper-57-964x1444.jpg\" alt=\"Interieur du Mas Re.Source \u00e0 Montclus\" width=\"964\" height=\"1444\"\/><\/p>\n<p>Interieur du Mas Re.Source \u00e0 Montclus<\/p>\n<p>    i<\/p>\n<p class=\"editor-content__paragraph\">Ici, l\u2019art n\u2019est pas qu\u2019un faire-valoir. Il fait <strong>entrer un peu du murmure du monde<\/strong>\u00a0dans ces bulles de tranquillit\u00e9. La sensibilit\u00e9 de Marc et R\u00e9my s\u2019immisce avec douceur entre les murs et fait du <strong>Mas Re.Source, <\/strong> plus qu\u2019un projet entrepreneurial bien market\u00e9, un lieu sinc\u00e8rement m\u00fb par <strong>l\u2019envie de cr\u00e9er du partage<\/strong>, une fen\u00eatre d\u2019ouverture \u00e0 l\u2019art et aux autres. C\u2019est aussi toute l\u2019ambition de<strong> la table d\u2019h\u00f4tes<\/strong> autour de laquelle se r\u00e9unissent chaque soir l\u2019ensemble des convives. Un pari plut\u00f4t os\u00e9 dans le milieu de l\u2019hospitalit\u00e9 haut de gamme, mais qui fonctionne \u00e0 merveille.<\/p>\n<p class=\"editor-content__paragraph\">\u00c0 la belle \u00e9toile ou sous la vo\u00fbte en pierre dor\u00e9e de Barjac de la salle \u00e0 manger, si chaleureuse avec son sol de briques rouges moul\u00e9es \u00e0 la main, <strong>la table \u00e9l\u00e9gamment dress\u00e9e<\/strong> enchante autant que les <strong>plats <\/strong>\u00e9labor\u00e9s par Marc. Le communicant se r\u00e9v\u00e8le un chef hors pair, composant des assiettes fra\u00eeches et color\u00e9es <strong>\u00e0 partir d\u2019ingr\u00e9dients locaux ou issus du jardin<\/strong>. Parmi l\u2019assembl\u00e9e, plut\u00f4t d\u00e9contract\u00e9e, on rencontre <strong>d\u00e9j\u00e0 des habitu\u00e9s<\/strong>\u00a0: des jeunes couples branch\u00e9s venus souffler, des petits groupes de randonneurs adeptes du \u00ab\u00a0slow tourisme\u00a0\u00bb, des chineurs attir\u00e9s par les nombreuses brocantes des environs (dont la c\u00e9l\u00e8bre foire aux antiquit\u00e9s de Barjac), des retrait\u00e9s s\u00e9duits par la dimension culturelle du s\u00e9jour\u2026.<\/p>\n<p>    <img loading=\"lazy\" decoding=\"async\" class=\"image__img\" src=\"https:\/\/www.europesays.com\/fr\/wp-content\/uploads\/2025\/07\/webmas-re.source--mr-tripper-97-964x644.jpg\" alt=\"La salle \u00e0 manger du Mas Re.source\" width=\"964\" height=\"644\"\/><\/p>\n<p>La salle \u00e0 manger du Mas Re.source<\/p>\n<p>    i<\/p>\n<p class=\"editor-content__paragraph\">Pour les passionn\u00e9s d\u2019art, la r\u00e9gion du mas est en effet d\u2019autant mieux choisie qu\u2019\u00e0 seulement dix minutes se situe <strong><a href=\"https:\/\/www.beauxarts.com\/expos\/dans-le-gard-anselm-kiefer-ouvre-au-public-la-ribaute-theatre-monumental-de-son-oeuvre\/\" target=\"_blank\" rel=\"noopener nofollow\">La Ribaute, l\u2019atelier-r\u00e9sidence de l\u2019Allemand Anselm Kiefer<\/a> <\/strong>qui d\u00e9ploie sur 40\u00a0hectares, entre chemins, tunnels et cryptes, un ensemble stup\u00e9fiant de 90\u00a0installations que l\u2019artiste a con\u00e7ues depuis trois d\u00e9cennies. Une exp\u00e9rience de visite rare qu\u2019il faut penser \u00e0 r\u00e9server suffisamment en avance.<\/p>\n<p class=\"editor-content__paragraph\">Autre tr\u00e9sor cach\u00e9, que nous conseille volontiers nos h\u00f4tes, la <strong>chartreuse de Valbonne<\/strong> situ\u00e9e \u00e0 une vingtaine de kilom\u00e8tres. Nich\u00e9 dans un vallon entre vignes et for\u00eat, cet ancien monast\u00e8re, h\u00e9riss\u00e9 de tours habill\u00e9es de tuiles verniss\u00e9es, rec\u00e8le <strong>un superbe clo\u00eetre du XVIIe si\u00e8cle<\/strong> \u2013 l\u2019un des plus grands de France \u2013, un autre minuscule du XIIIe, une \u00e9glise conventuelle au d\u00e9cor baroque et des cellules de moines dot\u00e9es de jardins. Arpenter ses 25\u00a0000\u00a0m2 d\u00e9sert\u00e9s et \u00e0 moiti\u00e9 en ruines est une <strong>exp\u00e9rience m\u00e9morable<\/strong>.<\/p>\n<p>        \u00c0 lire aussi :<br \/>\n        <a class=\"renvoi-explicite__link\" href=\"https:\/\/www.beauxarts.com\/expos\/dans-le-gard-anselm-kiefer-ouvre-au-public-la-ribaute-theatre-monumental-de-son-oeuvre\/\" rel=\"nofollow noopener\" target=\"_blank\">Dans le Gard, Anselm Kiefer ouvre au public La Ribaute, th\u00e9\u00e2tre monumental de son \u0153uvre<\/a><\/p>\n<p>Une tente remplie de photos<\/p>\n<p class=\"editor-content__paragraph\">Pour ceux, enfin, qui seraient plus enclins \u00e0 la d\u00e9tente, le Mas Re.Source propose des<strong> massages sur mesure<\/strong> ou, le soir venu, des<strong> projections de classiques du cin\u00e9ma<\/strong> dans une salle d\u00e9di\u00e9e qui fait aussi office de <strong>biblioth\u00e8que<\/strong> (fournie \u00e9videmment en livre d\u2019art et magazine de d\u00e9co). L\u2019\u00e9t\u00e9, les s\u00e9ances ont lieu en plein air. Une petite nouveaut\u00e9 vient \u00e9galement compl\u00e9ter l\u2019offre cette saison\u00a0: <strong>une tente toute \u00e9quip\u00e9e<\/strong>, un peu \u00e0 l\u2019\u00e9cart, pour une connexion totale \u00e0 la nature. L\u00e0 encore, une<strong> s\u00e9lection de beaux tirages photo<\/strong> fait partie de l\u2019aventure.<\/p>\n<p>    <img loading=\"lazy\" decoding=\"async\" class=\"image__img\" src=\"https:\/\/www.europesays.com\/fr\/wp-content\/uploads\/2025\/07\/bistente-d_hotes-mas-re.source--adrien-ozouf-9-964x643.jpg\" alt=\"Tente d\u2019ho\u0302tes du Mas Re.Source\" width=\"964\" height=\"643\"\/><\/p>\n<p>Tente d\u2019ho\u0302tes du Mas Re.Source<\/p>\n<p>    i<\/p>\n<p class=\"editor-content__paragraph\">Ne manquant jamais d\u2019id\u00e9e pour valoriser leur collection, R\u00e9my et Marc pensent d\u00e9j\u00e0 \u00e0<strong> organiser des r\u00e9sidences d\u2019artistes, des expositions<\/strong> et des<strong> s\u00e9jours enti\u00e8rement tourn\u00e9s autour de la photo<\/strong>. \u00c0 une 1h30\u00a0de route d\u2019Arles, il serait dommage que les festivaliers des <a href=\"https:\/\/www.beauxarts.com\/expos\/expos-spots-ephemeres-nouveau-musee-on-fait-quoi-a-arles-cet-ete\/\" target=\"_blank\" rel=\"noopener nofollow\">Rencontres de la photographie<\/a> manquent une adresse si pr\u00e9cieuse pour prendre du temps et de la distance face aux d\u00e9ferlements d\u2019images. Un temps pour cultiver le regard.<\/p>\n<p>        \u00c0 lire aussi :<br \/>\n        <a class=\"renvoi-explicite__link\" href=\"https:\/\/www.beauxarts.com\/expos\/8-festivals-photo-pour-un-ete-tout-sauf-cliche\/\" rel=\"nofollow noopener\" target=\"_blank\">8 festivals photo pour un \u00e9t\u00e9 tout sauf clich\u00e9<\/a><\/p>\n<p class=\"annexe-content__subtitle\">1328 chemin du Terme 30630 Montclus<\/p>\n<p>\u00c0 1h environ d\u2019Avignon<\/p>\n<p>\u00c0 partir de 190 euros la nuit en demi-pension<\/p>\n<p>Plus d\u2019informations <a href=\"https:\/\/masresource.fr\/\" target=\"_blank\" rel=\"noopener nofollow\">sur le site du Mas Re.Source<\/a><\/p>\n<p>\u00a0<\/p>\n","protected":false},"excerpt":{"rendered":"\u00ab\u00a0Ici, on suspend l\u2019art et le temps\u00a0\u00bb, nous glissent tout sourire Marc et R\u00e9my. Difficile de les contredire,&hellip;\n","protected":false},"author":2,"featured_media":277842,"comment_status":"","ping_status":"","sticky":false,"template":"","format":"standard","meta":{"footnotes":""},"categories":[1358],"tags":[1348,1384,1385,1386,58,59,1011,27],"class_list":{"0":"post-277841","1":"post","2":"type-post","3":"status-publish","4":"format-standard","5":"has-post-thumbnail","7":"category-arts-et-design","8":"tag-arts","9":"tag-arts-and-design","10":"tag-arts-et-design","11":"tag-design","12":"tag-divertissement","13":"tag-entertainment","14":"tag-fr","15":"tag-france"},"share_on_mastodon":{"url":"https:\/\/pubeurope.com\/@fr\/114926396834761450","error":""},"_links":{"self":[{"href":"https:\/\/www.europesays.com\/fr\/wp-json\/wp\/v2\/posts\/277841","targetHints":{"allow":["GET"]}}],"collection":[{"href":"https:\/\/www.europesays.com\/fr\/wp-json\/wp\/v2\/posts"}],"about":[{"href":"https:\/\/www.europesays.com\/fr\/wp-json\/wp\/v2\/types\/post"}],"author":[{"embeddable":true,"href":"https:\/\/www.europesays.com\/fr\/wp-json\/wp\/v2\/users\/2"}],"replies":[{"embeddable":true,"href":"https:\/\/www.europesays.com\/fr\/wp-json\/wp\/v2\/comments?post=277841"}],"version-history":[{"count":0,"href":"https:\/\/www.europesays.com\/fr\/wp-json\/wp\/v2\/posts\/277841\/revisions"}],"wp:featuredmedia":[{"embeddable":true,"href":"https:\/\/www.europesays.com\/fr\/wp-json\/wp\/v2\/media\/277842"}],"wp:attachment":[{"href":"https:\/\/www.europesays.com\/fr\/wp-json\/wp\/v2\/media?parent=277841"}],"wp:term":[{"taxonomy":"category","embeddable":true,"href":"https:\/\/www.europesays.com\/fr\/wp-json\/wp\/v2\/categories?post=277841"},{"taxonomy":"post_tag","embeddable":true,"href":"https:\/\/www.europesays.com\/fr\/wp-json\/wp\/v2\/tags?post=277841"}],"curies":[{"name":"wp","href":"https:\/\/api.w.org\/{rel}","templated":true}]}}