{"id":277843,"date":"2025-07-27T17:33:14","date_gmt":"2025-07-27T17:33:14","guid":{"rendered":"https:\/\/www.europesays.com\/fr\/277843\/"},"modified":"2025-07-27T17:33:14","modified_gmt":"2025-07-27T17:33:14","slug":"notre-selection-jeunesse-ete-2025-les-albums-jeunesse-de-lete-%f0%9f%8f%96%ef%b8%8f-%c2%b7","status":"publish","type":"post","link":"https:\/\/www.europesays.com\/fr\/277843\/","title":{"rendered":"Notre s\u00e9lection jeunesse \u00e9t\u00e9 2025 : Les albums jeunesse de l&rsquo;\u00e9t\u00e9 \ud83c\udfd6\ufe0f \u00b7"},"content":{"rendered":"<p>Les sciences naturelles de Tastu Nagata- Le h\u00e9risson <\/p>\n<p>Seuil jeunesse\u00a0<\/p>\n<p>\u00a0<\/p>\n<p><img decoding=\"async\" alt=\"\" data-amp-height=\"507\" data-amp-width=\"400\" data-data-cke-saved-src=\"https:\/\/www.europesays.com\/fr\/wp-content\/uploads\/2025\/07\/image\/1371318\/20250727\/ob_662a4b_le-herion.jpg\" src=\"https:\/\/www.europesays.com\/fr\/wp-content\/uploads\/2025\/07\/image\/1371318\/20250727\/ob_662a4b_le-herion.jpg\"\/><\/p>\n<p>Ses \u00e9pines sont tr\u00e8s pointues, il en a plus de 5000 !<br \/>H\u00e9las elles ne le prot\u00e8gent pas de son plus grand ennemi : la voiture !<\/p>\n<p>Retrouvons l&rsquo;illustre professeur japonais pour une nouvelle le\u00e7on.<\/p>\n<p>Le h\u00e9risson se roule en boule en cas de danger, chasse surtout la nuit, ses petits naissent sans \u00e9pines, les adultes en ont plus de 5000&#8230;<\/p>\n<p>Un documentaire animalier \u00e0 destination des enfants de maternelle, o\u00f9 tout est dit avec simplicit\u00e9 et humour, et illustr\u00e9 d&rsquo;images impertinentes ou d\u00e9cal\u00e9es !<\/p>\n<p>UN livre jeunesse piquant&#8230; d&rsquo;humour !<\/p>\n<p>Entre album et documentaire tr\u00e8s simplifi\u00e9, il permet une premi\u00e8re approche de cet animal. Les illustrations simples et toujours dr\u00f4les sont un petit r\u00e9gal pour mieux conna\u00eetre cette esp\u00e8ce et apprendre \u00e0 la prot\u00e9ger.<\/p>\n<p>Paru <a data-ob-kind=\"custom\" href=\"https:\/\/www.seuiljeunesse.com\/ouvrage\/le-herisson-tatsu-nagata\/9782020928182\" target=\"_blank\" rel=\"nofollow noopener\">en mars 2025 chez Seuil Jeunesse<\/a><\/p>\n<p>\u00a0<\/p>\n<p>L&rsquo;\u00e9tincelle en moi Miguel Tanco &#8211;<\/p>\n<p>Grasset Jeunesse<\/p>\n<p>\u00a0<\/p>\n<p><img decoding=\"async\" alt=\"\" data-amp-height=\"722\" data-amp-width=\"537\" data-data-cke-saved-src=\"https:\/\/www.europesays.com\/fr\/wp-content\/uploads\/2025\/07\/image\/1371318\/20250727\/ob_1c9756_etincelle.png\" src=\"https:\/\/www.europesays.com\/fr\/wp-content\/uploads\/2025\/07\/image\/1371318\/20250727\/ob_1c9756_etincelle.png\"\/><\/p>\n<p>\u00a0<\/p>\n<p>L\u2019\u00e9tincelle en moi suit une petite fille pleine de questions, qui observe le monde avec un regard \u00e9merveill\u00e9. Ces interrogations na\u00efves mais fondamentales ouvrent la voie \u00e0 une exploration po\u00e9tique des principes de la physique, racont\u00e9s avec tendresse et humour. La deuxi\u00e8me partie de l\u2019album propose des doubles pages explicatives qui r\u00e9pondent \u00e0 chaque question de mani\u00e8re claire, accessible, et scientifiquement rigoureuse. L\u2019\u00e9dition fran\u00e7aise de l\u2019album, publi\u00e9e chez Grasset-Jeunesse, contient un QR code qui permet de retrouver en ligne des activit\u00e9s \u00e0 faire en famille ou en classe pour prolonger l\u2019exp\u00e9rience.<\/p>\n<p>Cet album est le premier volume de sa trilogie, qui poss\u00e8de deux autres titres consacr\u00e9s aux math\u00e9matiques et \u00e0 la chimie. L\u2019objectif est de cultiver d\u00e8s le plus jeune \u00e2ge la curiosit\u00e9 scientifique et le plaisir de comprendre.<\/p>\n<p>La deuxi\u00e8me partie de cet album magnifiquement illustr\u00e9 avec toute la fantaisie et la justesse de Miguel Tanco se pr\u00e9sente sous la forme de doubles pages explicatives qui r\u00e9pondent \u00e0 toutes les questions \u00e9voqu\u00e9es dans le livre&#8230; pr\u00e9parez-vous \u00e0 un voyage scientifique ludique et in\u00e9dit.<\/p>\n<p>\u00ab\u00a0L&rsquo;\u00e9tincelle en moi\u00a0\u00bb est un ouvrage tendre et po\u00e9tique, qui laisse place \u00e0 l&rsquo;imagination et au r\u00eave. Les questions de la petite fille donnent furieusement &lsquo;envie de se poser plein de questions, chercher les r\u00e9ponses par soi-m\u00eame et cultiver sa curiosit\u00e9 !<\/p>\n<p>Et les illustrations de Miguel Tanco entre Voutch et Semp\u00e9 conf\u00e8rent ce qu&rsquo;il faut de po\u00e9sie et de naivet\u00e9 pour emporter le jeune\u00a0 lecteur dans un ailleurs tout \u00e0 fait d\u00e9licieux\u00a0<\/p>\n<p>\u00a0<\/p>\n<p>La toute petite fleur du printemps<\/p>\n<p>Flammarion jeunesse\u00a0<\/p>\n<p>\u00a0<\/p>\n<p><img decoding=\"async\" alt=\"\" data-amp-height=\"306\" data-amp-width=\"346\" data-data-cke-saved-src=\"https:\/\/www.europesays.com\/fr\/wp-content\/uploads\/2025\/07\/image\/1371318\/20250727\/ob_da9d2b_9782080461537.jpg\" src=\"https:\/\/www.europesays.com\/fr\/wp-content\/uploads\/2025\/07\/image\/1371318\/20250727\/ob_da9d2b_9782080461537.jpg\"\/><\/p>\n<p>\u00a0<\/p>\n<p>\u00ab C\u2019est une maison au c\u0153ur de la for\u00eat. L\u00e0 vit heureuse une famille d\u2019ours : Papours, Mamourse et leurs quatre petits.<br \/>Les oiseaux chantent et les fleurs font leur apparition.<br \/>\u2013 Oh ! Regardez celle-ci ! s\u2019exclame Groseille. Qu\u2019est-ce que c\u2019est ? \u00bb<\/p>\n<p>Aventure et couleurs pour d\u00e9couvrir la nature au printemps.<\/p>\n<p>Dans ce nouvel album qui sent bon l&rsquo;arriv\u00e9e du printemps, nos charmants oursons d\u00e9couvrent une petite fleur qui s&rsquo;est invit\u00e9e sur un arbre, ils imaginent d\u00e9j\u00e0 les bons fruits qu&rsquo;elle donnera.<br \/>Pomme ou poire ? Peu importe, les oursons sont s\u00fbrs qu&rsquo;ils auront leur r\u00e9ponse le lendemain\u2026 du moins c&rsquo;est ce qu&rsquo;ils pensent car nos oursons vont devoir faire preuve de patience.<\/p>\n<p>V\u00e9ritable ode \u00e0 la patience, et \u00e0 la beaut\u00e9 de la nature, cet album jeunesse rappelle la magie ressentie lorsque le printemps se d\u00e9voile. sont magnifi\u00e9es par les illustrations \u00e0 l&rsquo;aquarelle d&rsquo;Emilie Michaud, un vrai r\u00e9gal pour les yeux\u00a0<\/p>\n<p><strong>Les albums du P\u00e8re Castor<br \/>Paru le 05\/03\/2025<\/strong><\/p>\n","protected":false},"excerpt":{"rendered":"Les sciences naturelles de Tastu Nagata- Le h\u00e9risson Seuil jeunesse\u00a0 \u00a0 Ses \u00e9pines sont tr\u00e8s pointues, il en&hellip;\n","protected":false},"author":2,"featured_media":277844,"comment_status":"","ping_status":"","sticky":false,"template":"","format":"standard","meta":{"footnotes":""},"categories":[1357],"tags":[1379,58,59,1011,27,1380],"class_list":{"0":"post-277843","1":"post","2":"type-post","3":"status-publish","4":"format-standard","5":"has-post-thumbnail","7":"category-livres","8":"tag-books","9":"tag-divertissement","10":"tag-entertainment","11":"tag-fr","12":"tag-france","13":"tag-livres"},"share_on_mastodon":{"url":"https:\/\/pubeurope.com\/@fr\/114926400707477834","error":""},"_links":{"self":[{"href":"https:\/\/www.europesays.com\/fr\/wp-json\/wp\/v2\/posts\/277843","targetHints":{"allow":["GET"]}}],"collection":[{"href":"https:\/\/www.europesays.com\/fr\/wp-json\/wp\/v2\/posts"}],"about":[{"href":"https:\/\/www.europesays.com\/fr\/wp-json\/wp\/v2\/types\/post"}],"author":[{"embeddable":true,"href":"https:\/\/www.europesays.com\/fr\/wp-json\/wp\/v2\/users\/2"}],"replies":[{"embeddable":true,"href":"https:\/\/www.europesays.com\/fr\/wp-json\/wp\/v2\/comments?post=277843"}],"version-history":[{"count":0,"href":"https:\/\/www.europesays.com\/fr\/wp-json\/wp\/v2\/posts\/277843\/revisions"}],"wp:featuredmedia":[{"embeddable":true,"href":"https:\/\/www.europesays.com\/fr\/wp-json\/wp\/v2\/media\/277844"}],"wp:attachment":[{"href":"https:\/\/www.europesays.com\/fr\/wp-json\/wp\/v2\/media?parent=277843"}],"wp:term":[{"taxonomy":"category","embeddable":true,"href":"https:\/\/www.europesays.com\/fr\/wp-json\/wp\/v2\/categories?post=277843"},{"taxonomy":"post_tag","embeddable":true,"href":"https:\/\/www.europesays.com\/fr\/wp-json\/wp\/v2\/tags?post=277843"}],"curies":[{"name":"wp","href":"https:\/\/api.w.org\/{rel}","templated":true}]}}