{"id":277847,"date":"2025-07-27T17:35:10","date_gmt":"2025-07-27T17:35:10","guid":{"rendered":"https:\/\/www.europesays.com\/fr\/277847\/"},"modified":"2025-07-27T17:35:10","modified_gmt":"2025-07-27T17:35:10","slug":"oli-bigflo-oli-croise-jean-jacques-goldman-dans-le-metro-et-partage-un-selfie-inattendu","status":"publish","type":"post","link":"https:\/\/www.europesays.com\/fr\/277847\/","title":{"rendered":"Oli (Bigflo &#038; Oli) croise Jean-Jacques Goldman dans le m\u00e9tro\u2026 et partage un selfie inattendu !"},"content":{"rendered":"<p>      R\u00e9sum\u00e9<\/p>\n<p>Oli a crois\u00e9 Jean-Jacques Goldman dans le m\u00e9tro londonien et a partag\u00e9 un selfie, d\u00e9voilant une rencontre inattendue entre deux g\u00e9n\u00e9rations de la musique fran\u00e7aise.<\/p>\n<p>        Sommaire<\/p>\n<p>Ce samedi,<strong> le c\u00e9l\u00e8bre chanteur Jean-Jacques Goldman a \u00e9t\u00e9 aper\u00e7u dans le m\u00e9tro londonien<\/strong>, un lieu peu commun pour une ic\u00f4ne de la chanson fran\u00e7aise. Le chanteur a d\u00e9m\u00e9nag\u00e9 il y a d\u00e9sormais dix ans \u00e0 Londres, avec toute sa famille. Mais la surprise a \u00e9t\u00e9 d&rsquo;autant plus grande lorsque <a href=\"https:\/\/www.public.fr\/tag\/bigflo-oli\" target=\"_blank\" rel=\"noopener\">le rappeur Oli, du duo Bigflo et Oli<\/a>, <strong>a crois\u00e9 la l\u00e9gende musicale<\/strong>.<\/p>\n<p>Ce moment inattendu a \u00e9t\u00e9 immortalis\u00e9 par une photo partag\u00e9e sur les r\u00e9seaux sociaux, suscitant l&rsquo;enthousiasme des fans des deux artistes. <strong>Oli, connu pour son franc-parler et son humour<\/strong>, n&rsquo;a pas manqu\u00e9 de partager son excitation sur les r\u00e9seaux sociaux. Dans son post, il a exprim\u00e9 son admiration pour <strong>Jean-Jacques Goldman<\/strong>.<\/p>\n<p>Bigflo et Oli bient\u00f4t aux Enfoir\u00e9s ?<\/p>\n<p>Un clich\u00e9 souvenir que les fans ont rapidement relay\u00e9, inondant de messages de joie et d&rsquo;\u00e9merveillement. <strong>Jean-Jacques Goldman<\/strong>, bien que discret sur sa vie personnelle, reste une figure embl\u00e9matique de la musique. <a href=\"https:\/\/vsd.fr\/56002-ils-nous-font-rever-decouvrez-la-liste-des-50-personnalites-preferees-des-francais\/\" target=\"_blank\" rel=\"noopener\">Personnalit\u00e9 pr\u00e9f\u00e9r\u00e9e depuis des ann\u00e9es pour les Fran\u00e7ais<\/a>, avec Omar Sy et Thomas Pesquet. Ses chansons, qui ont travers\u00e9 les g\u00e9n\u00e9rations, <strong>continuent d&rsquo;inspirer de nombreux artistes<\/strong>, y compris des jeunes talents comme Bigflo et Oli. <\/p>\n<p><strong>Bigflo et Oli n&rsquo;ont jamais particip\u00e9 aux concerts des Restos du c\u0153ur<\/strong>. Mais avec leur carri\u00e8re fulgurante, leur arriv\u00e9e dans la troupe ne serait aucunement surprenante. Ces derni\u00e8res ann\u00e9es, trois de leurs tubes ont d&rsquo;ailleurs \u00e9t\u00e9 repris par la troupe. En 2024, 24 artistes reprenaient ensemble Coup de vieux. Quatre ans plus t\u00f4t, <strong>Amel Bent<\/strong>, <a href=\"https:\/\/www.public.fr\/jean-baptiste-maunier-la-surprenante-reconversion-de-la-star-des-choristes\" target=\"_blank\" rel=\"noopener\">Jean-Baptiste Maunier<\/a> ou encore Black M reprenaient Plus tard. Enfin, leur tube iconique Dommage a \u00e9t\u00e9 repris en 2019 par B\u00e9nabar, <a href=\"https:\/\/www.public.fr\/tag\/nolwenn-leroy\/page\/2\" target=\"_blank\" rel=\"noopener\">Nolwenn Leroy<\/a>, Thomas Dutronc et <strong>Soprano<\/strong>.<\/p>\n<p>Jean-Jacques Goldman de plus en plus pr\u00e9sent<\/p>\n<p>Jean-Jacques Goldman, <strong>lui, revient de plus en plus sur le devant de la sc\u00e8ne<\/strong>. Apr\u00e8s avoir pass\u00e9 des ann\u00e9es \u00e0 Londres reclus, l&rsquo;artiste se fait plus pr\u00e9sent depuis quelques mois. Il a notamment \u00e9crit une chanson pour le 14-Juillet, en hommage aux bless\u00e9s de guerre. Interpr\u00e9t\u00e9e par Yvard et Elo\u00efz, la chanson On sera l\u00e0 <a href=\"https:\/\/www.public.fr\/heureux-et-fier-jean-jacques-goldman-sort-du-silence-et-reapparait-pour-faire-un-enorme-don\" target=\"_blank\" rel=\"noopener\">a \u00e9t\u00e9 enti\u00e8rement l\u00e9gu\u00e9e par l&rsquo;artiste<\/a>, qui a abandonn\u00e9 ses droits. <strong>Dans quelques mois, il fera son grand retour aux Enfoir\u00e9s<\/strong>, pour un documentaire sp\u00e9cial retra\u00e7ant l&rsquo;histoire des Restos du c\u0153ur.<\/p>\n<p>      Mentionn\u00e9s dans cet article<\/p>\n<p>\u00c0 lire aussi<\/p>\n","protected":false},"excerpt":{"rendered":"R\u00e9sum\u00e9 Oli a crois\u00e9 Jean-Jacques Goldman dans le m\u00e9tro londonien et a partag\u00e9 un selfie, d\u00e9voilant une rencontre&hellip;\n","protected":false},"author":2,"featured_media":277848,"comment_status":"","ping_status":"","sticky":false,"template":"","format":"standard","meta":{"footnotes":""},"categories":[1355],"tags":[41712,58,59,1011,27,7195,4534,20129,1361,873],"class_list":{"0":"post-277847","1":"post","2":"type-post","3":"status-publish","4":"format-standard","5":"has-post-thumbnail","7":"category-musique","8":"tag-bigflo-oli","9":"tag-divertissement","10":"tag-entertainment","11":"tag-fr","12":"tag-france","13":"tag-jean-jacques-goldman","14":"tag-londres","15":"tag-metro-de-paris","16":"tag-music","17":"tag-musique"},"share_on_mastodon":{"url":"https:\/\/pubeurope.com\/@fr\/114926409165867518","error":""},"_links":{"self":[{"href":"https:\/\/www.europesays.com\/fr\/wp-json\/wp\/v2\/posts\/277847","targetHints":{"allow":["GET"]}}],"collection":[{"href":"https:\/\/www.europesays.com\/fr\/wp-json\/wp\/v2\/posts"}],"about":[{"href":"https:\/\/www.europesays.com\/fr\/wp-json\/wp\/v2\/types\/post"}],"author":[{"embeddable":true,"href":"https:\/\/www.europesays.com\/fr\/wp-json\/wp\/v2\/users\/2"}],"replies":[{"embeddable":true,"href":"https:\/\/www.europesays.com\/fr\/wp-json\/wp\/v2\/comments?post=277847"}],"version-history":[{"count":0,"href":"https:\/\/www.europesays.com\/fr\/wp-json\/wp\/v2\/posts\/277847\/revisions"}],"wp:featuredmedia":[{"embeddable":true,"href":"https:\/\/www.europesays.com\/fr\/wp-json\/wp\/v2\/media\/277848"}],"wp:attachment":[{"href":"https:\/\/www.europesays.com\/fr\/wp-json\/wp\/v2\/media?parent=277847"}],"wp:term":[{"taxonomy":"category","embeddable":true,"href":"https:\/\/www.europesays.com\/fr\/wp-json\/wp\/v2\/categories?post=277847"},{"taxonomy":"post_tag","embeddable":true,"href":"https:\/\/www.europesays.com\/fr\/wp-json\/wp\/v2\/tags?post=277847"}],"curies":[{"name":"wp","href":"https:\/\/api.w.org\/{rel}","templated":true}]}}