{"id":277859,"date":"2025-07-27T17:42:10","date_gmt":"2025-07-27T17:42:10","guid":{"rendered":"https:\/\/www.europesays.com\/fr\/277859\/"},"modified":"2025-07-27T17:42:10","modified_gmt":"2025-07-27T17:42:10","slug":"lunion-europeenne-prete-a-passer-sous-les-fourches-caudines-americaines-liberation","status":"publish","type":"post","link":"https:\/\/www.europesays.com\/fr\/277859\/","title":{"rendered":"l\u2019Union europ\u00e9enne pr\u00eate \u00e0 passer sous les fourches caudines am\u00e9ricaines \u2013 Lib\u00e9ration"},"content":{"rendered":"<p class=\"sc-ksZaOG ehjQrN text-element\">L\u2019Union europ\u00e9enne est pr\u00eate \u00e0 capituler face \u00e0 Donald Trump. Certes, le projet d\u2019accord commercial, <a href=\"https:\/\/www.liberation.fr\/international\/europe\/droits-de-douane-de-donald-trump-riposter-ou-ne-plus-exister-telle-est-la-question-pour-lunion-europeenne-20250714_EBPWSUZBIBD5XACF3JOY7KCN2Y\/\" target=\"_blank\" rel=\"noreferrer nofollow noopener\" title=\"https:\/\/www.liberation.fr\/international\/europe\/droits-de-douane-de-donald-trump-riposter-ou-ne-plus-exister-telle-est-la-question-pour-lunion-europeenne-20250714_EBPWSUZBIBD5XACF3JOY7KCN2Y\/\">p\u00e9niblement n\u00e9goci\u00e9 entre la Commission et l\u2019administration r\u00e9publicaine<\/a>, est moins catastrophique pour l\u2019\u00e9conomie des Vingt-Sept qu\u2019une fermeture totale du march\u00e9 am\u00e9ricain \u2013 une menace agit\u00e9e par le pr\u00e9sident am\u00e9ricain le 11 juillet. Mais, s\u2019il est finalement accept\u00e9 par le fantasque locataire de la Maison Blanche au cours de la rencontre programm\u00e9e ce dimanche 27 juillet en fin d\u2019apr\u00e8s-midi avec Ursula von der Leyen, il reste indigne de la premi\u00e8re puissance commerciale de la plan\u00e8te et aura des cons\u00e9quentes politiques et g\u00e9opolitiques.<\/p>\n<p class=\"sc-ksZaOG ehjQrN text-element\">La sc\u00e9nographie elle-m\u00eame est humiliante pour les Europ\u00e9ens. Donald Trump a profit\u00e9 d\u2019un week-end en Ecosse, consacr\u00e9 au golf, pour convoquer, ce dimanche soir, la pr\u00e9sidente de l\u2019ex\u00e9cutif communautaire afin de conclure un \u00abdeal\u00bb. La contraindre \u00e0 se rendre au pays du Brexit, qui vient lui-m\u00eame de passer sous les fourches caudines trumpistes, c\u2019est \u00e9videmment tout un symbole. Et surtout, rien n\u2019est encore fa<\/p>\n","protected":false},"excerpt":{"rendered":"L\u2019Union europ\u00e9enne est pr\u00eate \u00e0 capituler face \u00e0 Donald Trump. Certes, le projet d\u2019accord commercial, p\u00e9niblement n\u00e9goci\u00e9 entre&hellip;\n","protected":false},"author":2,"featured_media":277860,"comment_status":"","ping_status":"","sticky":false,"template":"","format":"standard","meta":{"footnotes":""},"categories":[5],"tags":[11,75,73,1011,27,1074,14,12,364,2544,28],"class_list":{"0":"post-277859","1":"post","2":"type-post","3":"status-publish","4":"format-standard","5":"has-post-thumbnail","7":"category-international","8":"tag-actualites","9":"tag-donald-trump","10":"tag-etats-unis","11":"tag-fr","12":"tag-france","13":"tag-guerre-commerciale","14":"tag-international","15":"tag-news","16":"tag-union-europeenne","17":"tag-ursula-von-der-leyen","18":"tag-world"},"share_on_mastodon":{"url":"https:\/\/pubeurope.com\/@fr\/114926435960249279","error":""},"_links":{"self":[{"href":"https:\/\/www.europesays.com\/fr\/wp-json\/wp\/v2\/posts\/277859","targetHints":{"allow":["GET"]}}],"collection":[{"href":"https:\/\/www.europesays.com\/fr\/wp-json\/wp\/v2\/posts"}],"about":[{"href":"https:\/\/www.europesays.com\/fr\/wp-json\/wp\/v2\/types\/post"}],"author":[{"embeddable":true,"href":"https:\/\/www.europesays.com\/fr\/wp-json\/wp\/v2\/users\/2"}],"replies":[{"embeddable":true,"href":"https:\/\/www.europesays.com\/fr\/wp-json\/wp\/v2\/comments?post=277859"}],"version-history":[{"count":0,"href":"https:\/\/www.europesays.com\/fr\/wp-json\/wp\/v2\/posts\/277859\/revisions"}],"wp:featuredmedia":[{"embeddable":true,"href":"https:\/\/www.europesays.com\/fr\/wp-json\/wp\/v2\/media\/277860"}],"wp:attachment":[{"href":"https:\/\/www.europesays.com\/fr\/wp-json\/wp\/v2\/media?parent=277859"}],"wp:term":[{"taxonomy":"category","embeddable":true,"href":"https:\/\/www.europesays.com\/fr\/wp-json\/wp\/v2\/categories?post=277859"},{"taxonomy":"post_tag","embeddable":true,"href":"https:\/\/www.europesays.com\/fr\/wp-json\/wp\/v2\/tags?post=277859"}],"curies":[{"name":"wp","href":"https:\/\/api.w.org\/{rel}","templated":true}]}}