{"id":277864,"date":"2025-07-27T17:46:18","date_gmt":"2025-07-27T17:46:18","guid":{"rendered":"https:\/\/www.europesays.com\/fr\/277864\/"},"modified":"2025-07-27T17:46:18","modified_gmt":"2025-07-27T17:46:18","slug":"sncf-un-homme-percute-par-un-train-entre-lyon-et-saint-etienne","status":"publish","type":"post","link":"https:\/\/www.europesays.com\/fr\/277864\/","title":{"rendered":"SNCF : un homme percut\u00e9 par un train entre Lyon et Saint-\u00c9tienne"},"content":{"rendered":"<p>Ce dimanche 27 juillet, un homme de 67 ans est mort sur les rails apr\u00e8s avoir \u00e9t\u00e9 percut\u00e9 par un train entre Lyon et Saint-\u00c9tienne.<\/p>\n<p>Ce drame sur les rails entre Lyon et Saint-\u00c9tienne ce dimanche 27 juillet. Vers 13h30, un TER a percut\u00e9 <b>un homme de 67 ans<\/b> au niveau de la commune de <b>Lorette<\/b> (Loire).<\/p>\n<p>Une enqu\u00eate ouverte, le trafic interrompu entre Lyon et Saint-\u00c9tienne<\/p>\n<p>L&rsquo;accident s&rsquo;est produit sur un passage pi\u00e9ton. Le conducteur de train a alert\u00e9 plusieurs fois et activ\u00e9 le freinage d&rsquo;urgence, mais il n&rsquo;a pas pu emp\u00eacher le choc violent.<\/p>\n<p>Originaire de <b>Gr\u00e9zieu-le-March\u00e9<\/b> (Rh\u00f4ne), la victime pourrait s&rsquo;\u00eatre suicid\u00e9e. Une enqu\u00eate a \u00e9t\u00e9 ouverte pour d\u00e9terminer les circonstances de sa mort. Selon <a class=\"url\" href=\"https:\/\/c.leprogres.fr\/faits-divers-justice\/2025\/07\/27\/une-personne-percutee-par-un-train-la-circulation-des-ter-perturbee\" target=\"_blank\" rel=\"nofollow noopener\">Le Progr\u00e8s<\/a>, une autopsie doit avoir lieu prochainement.<\/p>\n<p>Concernant le trafic ferroviaire entre Lyon et Saint-\u00c9tienne, il a \u00e9t\u00e9 interrompu pendant pr\u00e8s de 2h, avant de reprendre de mani\u00e8re progressive vers 15h30.<\/p>\n<p><img loading=\"lazy\" decoding=\"async\" src=\"https:\/\/www.europesays.com\/fr\/wp-content\/uploads\/2025\/07\/1753638378_919_img\" width=\"350\" height=\"200\" border=\"0\" title=\"Trois spectateurs d'un rallye dans le Puy-de-D\u00c3\u00b4me ont \u00c3\u00a9t\u00c3\u00a9 tu\u00c3\u00a9s par une voiture\"\/><\/p>\n<p>\u25baFaits divers<\/p>\n<p style=\"font-size: 22px;\"><b>Auvergne-Rh\u00f4ne-Alpes : trois spectateurs tu\u00e9s lors d&rsquo;un rallye<\/b><\/p>\n<p>Apr\u00e8s l&rsquo;accident survenu ce samedi lors d&rsquo;un rallye&#8230;<\/p>\n<p><\/p>\n","protected":false},"excerpt":{"rendered":"Ce dimanche 27 juillet, un homme de 67 ans est mort sur les rails apr\u00e8s avoir \u00e9t\u00e9 percut\u00e9&hellip;\n","protected":false},"author":2,"featured_media":277865,"comment_status":"","ping_status":"","sticky":false,"template":"","format":"standard","meta":{"footnotes":""},"categories":[9653],"tags":[119,1111,11,2430,1777,674,6017,1011,27,41725,3367,18870,2428,12,25,9844,9920,4001,2215,926],"class_list":{"0":"post-277864","1":"post","2":"type-post","3":"status-publish","4":"format-standard","5":"has-post-thumbnail","7":"category-saint-etienne","8":"tag-accident","9":"tag-actu","10":"tag-actualites","11":"tag-auvergne-rhone-alpes","12":"tag-eu","13":"tag-europe","14":"tag-fait-divers","15":"tag-fr","16":"tag-france","17":"tag-grzieu-le-march","18":"tag-loire","19":"tag-lorette","20":"tag-lyon","21":"tag-news","22":"tag-republique-francaise","23":"tag-rhne","24":"tag-saint-tienne","25":"tag-saint-etienne","26":"tag-sncf","27":"tag-train"},"share_on_mastodon":{"url":"https:\/\/pubeurope.com\/@fr\/114926451696474743","error":""},"_links":{"self":[{"href":"https:\/\/www.europesays.com\/fr\/wp-json\/wp\/v2\/posts\/277864","targetHints":{"allow":["GET"]}}],"collection":[{"href":"https:\/\/www.europesays.com\/fr\/wp-json\/wp\/v2\/posts"}],"about":[{"href":"https:\/\/www.europesays.com\/fr\/wp-json\/wp\/v2\/types\/post"}],"author":[{"embeddable":true,"href":"https:\/\/www.europesays.com\/fr\/wp-json\/wp\/v2\/users\/2"}],"replies":[{"embeddable":true,"href":"https:\/\/www.europesays.com\/fr\/wp-json\/wp\/v2\/comments?post=277864"}],"version-history":[{"count":0,"href":"https:\/\/www.europesays.com\/fr\/wp-json\/wp\/v2\/posts\/277864\/revisions"}],"wp:featuredmedia":[{"embeddable":true,"href":"https:\/\/www.europesays.com\/fr\/wp-json\/wp\/v2\/media\/277865"}],"wp:attachment":[{"href":"https:\/\/www.europesays.com\/fr\/wp-json\/wp\/v2\/media?parent=277864"}],"wp:term":[{"taxonomy":"category","embeddable":true,"href":"https:\/\/www.europesays.com\/fr\/wp-json\/wp\/v2\/categories?post=277864"},{"taxonomy":"post_tag","embeddable":true,"href":"https:\/\/www.europesays.com\/fr\/wp-json\/wp\/v2\/tags?post=277864"}],"curies":[{"name":"wp","href":"https:\/\/api.w.org\/{rel}","templated":true}]}}