{"id":277866,"date":"2025-07-27T17:47:11","date_gmt":"2025-07-27T17:47:11","guid":{"rendered":"https:\/\/www.europesays.com\/fr\/277866\/"},"modified":"2025-07-27T17:47:11","modified_gmt":"2025-07-27T17:47:11","slug":"une-conductrice-finit-contre-des-escaliers","status":"publish","type":"post","link":"https:\/\/www.europesays.com\/fr\/277866\/","title":{"rendered":"une conductrice finit contre des escaliers"},"content":{"rendered":"<p>Une conductrice qui descendait la rue Gambetta \u00e0 Vandoeuvre, a \u00e9t\u00e9 l\u00e9g\u00e8rement bless\u00e9e dans un accident, ce dimanche, dans l\u2019apr\u00e8s-midi. Ag\u00e9e de 29 ans, elle a perdu le contr\u00f4le de son v\u00e9hicule qui a heurt\u00e9 une voiture en stationnement, puis a percut\u00e9 l\u2019escalier ext\u00e9rieur d\u2019une habitation. Avant de s\u2019immobiliser.<\/p>\n<p>Prise en charge dans une ambulance des pompiers, la jeune femme qui se plaignait de douleurs dorsales a \u00e9t\u00e9 \u00e9vacu\u00e9e sur l\u2019h\u00f4pital central de Nancy.<\/p>\n","protected":false},"excerpt":{"rendered":"Une conductrice qui descendait la rue Gambetta \u00e0 Vandoeuvre, a \u00e9t\u00e9 l\u00e9g\u00e8rement bless\u00e9e dans un accident, ce dimanche,&hellip;\n","protected":false},"author":2,"featured_media":277867,"comment_status":"","ping_status":"","sticky":false,"template":"","format":"standard","meta":{"footnotes":""},"categories":[9635],"tags":[119,1111,11,1704,1777,674,274,1011,27,775,6364,3457,1702,12,25,5711],"class_list":{"0":"post-277866","1":"post","2":"type-post","3":"status-publish","4":"format-standard","5":"has-post-thumbnail","7":"category-nancy","8":"tag-accident","9":"tag-actu","10":"tag-actualites","11":"tag-edition-nancy-et-agglomeration","12":"tag-eu","13":"tag-europe","14":"tag-faits-divers-justice","15":"tag-fr","16":"tag-france","17":"tag-grand-est","18":"tag-metropole-du-grand-nancy-54b1","19":"tag-meurthe-et-moselle","20":"tag-nancy","21":"tag-news","22":"tag-republique-francaise","23":"tag-vandoeuvre-les-nancy"},"share_on_mastodon":{"url":"https:\/\/pubeurope.com\/@fr\/114926455582739135","error":""},"_links":{"self":[{"href":"https:\/\/www.europesays.com\/fr\/wp-json\/wp\/v2\/posts\/277866","targetHints":{"allow":["GET"]}}],"collection":[{"href":"https:\/\/www.europesays.com\/fr\/wp-json\/wp\/v2\/posts"}],"about":[{"href":"https:\/\/www.europesays.com\/fr\/wp-json\/wp\/v2\/types\/post"}],"author":[{"embeddable":true,"href":"https:\/\/www.europesays.com\/fr\/wp-json\/wp\/v2\/users\/2"}],"replies":[{"embeddable":true,"href":"https:\/\/www.europesays.com\/fr\/wp-json\/wp\/v2\/comments?post=277866"}],"version-history":[{"count":0,"href":"https:\/\/www.europesays.com\/fr\/wp-json\/wp\/v2\/posts\/277866\/revisions"}],"wp:featuredmedia":[{"embeddable":true,"href":"https:\/\/www.europesays.com\/fr\/wp-json\/wp\/v2\/media\/277867"}],"wp:attachment":[{"href":"https:\/\/www.europesays.com\/fr\/wp-json\/wp\/v2\/media?parent=277866"}],"wp:term":[{"taxonomy":"category","embeddable":true,"href":"https:\/\/www.europesays.com\/fr\/wp-json\/wp\/v2\/categories?post=277866"},{"taxonomy":"post_tag","embeddable":true,"href":"https:\/\/www.europesays.com\/fr\/wp-json\/wp\/v2\/tags?post=277866"}],"curies":[{"name":"wp","href":"https:\/\/api.w.org\/{rel}","templated":true}]}}