{"id":277868,"date":"2025-07-27T17:48:22","date_gmt":"2025-07-27T17:48:22","guid":{"rendered":"https:\/\/www.europesays.com\/fr\/277868\/"},"modified":"2025-07-27T17:48:22","modified_gmt":"2025-07-27T17:48:22","slug":"les-metiers-dart-a-lhonneur-au-chateau-de-luneville","status":"publish","type":"post","link":"https:\/\/www.europesays.com\/fr\/277868\/","title":{"rendered":"les m\u00e9tiers d\u2019art \u00e0 l\u2019honneur au ch\u00e2teau de Lun\u00e9ville"},"content":{"rendered":"<p>La nouvelle exposition \u00ab\u00a0Beaux gestes\u00a0! Savoir-faire d\u2019exception XVIIIe \u2013 XXIe\u00a0si\u00e8cles\u00a0\u00bb, est actuellement\u00a0visible au ch\u00e2teau de Lun\u00e9ville. Elle met \u00e0 l\u2019honneur les m\u00e9tiers d\u2019art \u00e0 travers un m\u00e9lange de collections du mus\u00e9e du ch\u00e2teau et les r\u00e9alisations contemporaines de ma\u00eetres d\u2019art.<\/p>\n<p>R\u00e9alis\u00e9e en partenariat avec l\u2019Institut pour les savoir-faire fran\u00e7ais, l\u2019exposition invite le public\u00a0\u00e0 d\u00e9couvrir l\u2019excellence des m\u00e9tiers d\u2019art, incarn\u00e9e par les ma\u00eetres d\u2019art et leurs \u00e9l\u00e8ves, figures contemporaines de la transmission des savoir-faire rares. Ceux-ci, d\u00e9finis par la loi, regroupent 281 m\u00e9tiers, exigeant un travail approfondi de la mati\u00e8re, fond\u00e9 sur une expertise technique souvent ancienne et une intention artistique affirm\u00e9e. Loin d\u2019une simple reproduction de gestes h\u00e9rit\u00e9s, ces m\u00e9tiers s\u2019inscrivent dans une dynamique contemporaine, nourrie d\u2019innovation, de r\u00e9flexion et de passion.<\/p>\n<p class=\"note\">Exposition \u00ab\u00a0Beaux gestes\u00a0! Savoir-faire d\u2019exception XVIIIe \u2013 XXIe\u00a0si\u00e8cles\u00a0\u00bb au ch\u00e2teau de Lun\u00e9ville. Tous les jours sauf le mardi de 10\u00a0h \u00e0 12\u00a0h\u00a030 et 13\u00a0h\u00a030 \u00e0 18\u00a0h.<\/p>\n","protected":false},"excerpt":{"rendered":"La nouvelle exposition \u00ab\u00a0Beaux gestes\u00a0! Savoir-faire d\u2019exception XVIIIe \u2013 XXIe\u00a0si\u00e8cles\u00a0\u00bb, est actuellement\u00a0visible au ch\u00e2teau de Lun\u00e9ville. Elle met&hellip;\n","protected":false},"author":2,"featured_media":277869,"comment_status":"","ping_status":"","sticky":false,"template":"","format":"standard","meta":{"footnotes":""},"categories":[9635],"tags":[1111,11,1687,1707,1704,1706,1705,1777,674,2271,1011,27,775,31022,10634,19678,20065,1702,12,25],"class_list":{"0":"post-277868","1":"post","2":"type-post","3":"status-publish","4":"format-standard","5":"has-post-thumbnail","7":"category-nancy","8":"tag-actu","9":"tag-actualites","10":"tag-culture-loisirs","11":"tag-edition-luneville","12":"tag-edition-nancy-et-agglomeration","13":"tag-edition-pont-a-mousson","14":"tag-edition-toul","15":"tag-eu","16":"tag-europe","17":"tag-exposition-arts-plastiques","18":"tag-fr","19":"tag-france","20":"tag-grand-est","21":"tag-le-guide-de-lete-lorraine","22":"tag-luneville","23":"tag-luneville-ville-54a","24":"tag-magazine-tourisme-et-patrimoine","25":"tag-nancy","26":"tag-news","27":"tag-republique-francaise"},"share_on_mastodon":{"url":"https:\/\/pubeurope.com\/@fr\/114926459567605886","error":""},"_links":{"self":[{"href":"https:\/\/www.europesays.com\/fr\/wp-json\/wp\/v2\/posts\/277868","targetHints":{"allow":["GET"]}}],"collection":[{"href":"https:\/\/www.europesays.com\/fr\/wp-json\/wp\/v2\/posts"}],"about":[{"href":"https:\/\/www.europesays.com\/fr\/wp-json\/wp\/v2\/types\/post"}],"author":[{"embeddable":true,"href":"https:\/\/www.europesays.com\/fr\/wp-json\/wp\/v2\/users\/2"}],"replies":[{"embeddable":true,"href":"https:\/\/www.europesays.com\/fr\/wp-json\/wp\/v2\/comments?post=277868"}],"version-history":[{"count":0,"href":"https:\/\/www.europesays.com\/fr\/wp-json\/wp\/v2\/posts\/277868\/revisions"}],"wp:featuredmedia":[{"embeddable":true,"href":"https:\/\/www.europesays.com\/fr\/wp-json\/wp\/v2\/media\/277869"}],"wp:attachment":[{"href":"https:\/\/www.europesays.com\/fr\/wp-json\/wp\/v2\/media?parent=277868"}],"wp:term":[{"taxonomy":"category","embeddable":true,"href":"https:\/\/www.europesays.com\/fr\/wp-json\/wp\/v2\/categories?post=277868"},{"taxonomy":"post_tag","embeddable":true,"href":"https:\/\/www.europesays.com\/fr\/wp-json\/wp\/v2\/tags?post=277868"}],"curies":[{"name":"wp","href":"https:\/\/api.w.org\/{rel}","templated":true}]}}