{"id":277880,"date":"2025-07-27T18:01:11","date_gmt":"2025-07-27T18:01:11","guid":{"rendered":"https:\/\/www.europesays.com\/fr\/277880\/"},"modified":"2025-07-27T18:01:11","modified_gmt":"2025-07-27T18:01:11","slug":"sans-casque-sur-un-scooter-a-rennes-il-se-rebelle-lors-de-son-interpellation","status":"publish","type":"post","link":"https:\/\/www.europesays.com\/fr\/277880\/","title":{"rendered":"Sans casque sur un scooter \u00e0 Rennes, il se rebelle lors de son interpellation"},"content":{"rendered":"<p>Un homme qui circulait sans casque rue de la Marbaudais \u00e0 la hauteur d\u2019un point de deal connu, a \u00e9t\u00e9 signal\u00e9 vers 12 h 45. Des policiers de la Brigade sp\u00e9cialis\u00e9e de terrain (BST) sont arriv\u00e9s sur place pour contr\u00f4ler l\u2019individu. Mais celui-ci a pris la fuite sur son engin. Apr\u00e8s une courte poursuite le pilote du scooter a finalement pu \u00eatre intercept\u00e9 dans le quartier. Lors de son arrestation le jeune homme, \u00e2g\u00e9 de 20 ans, originaire de Toulouse, ne s\u2019est pas laiss\u00e9 faire, se d\u00e9battant et insultant notamment les forces de l\u2019ordre. Un policier a \u00e9t\u00e9 l\u00e9g\u00e8rement bless\u00e9 aux mains lors de cette interpellation. Plac\u00e9 en garde \u00e0 vue le jeune homme a \u00e9t\u00e9 remis en libert\u00e9 ce dimanche et sera convoqu\u00e9 ult\u00e9rieurement pour r\u00e9pondre de ces faits.<\/p>\n","protected":false},"excerpt":{"rendered":"Un homme qui circulait sans casque rue de la Marbaudais \u00e0 la hauteur d\u2019un point de deal connu,&hellip;\n","protected":false},"author":2,"featured_media":277881,"comment_status":"","ping_status":"","sticky":false,"template":"","format":"standard","meta":{"footnotes":""},"categories":[2821],"tags":[1111,11,829,765,1777,674,118,1011,27,848,12,584,25],"class_list":{"0":"post-277880","1":"post","2":"type-post","3":"status-publish","4":"format-standard","5":"has-post-thumbnail","7":"category-rennes","8":"tag-actu","9":"tag-actualites","10":"tag-bretagne","11":"tag-en-continu","12":"tag-eu","13":"tag-europe","14":"tag-faits-divers","15":"tag-fr","16":"tag-france","17":"tag-ille-et-vilaine","18":"tag-news","19":"tag-rennes","20":"tag-republique-francaise"},"share_on_mastodon":{"url":"https:\/\/pubeurope.com\/@fr\/114926510607773301","error":""},"_links":{"self":[{"href":"https:\/\/www.europesays.com\/fr\/wp-json\/wp\/v2\/posts\/277880","targetHints":{"allow":["GET"]}}],"collection":[{"href":"https:\/\/www.europesays.com\/fr\/wp-json\/wp\/v2\/posts"}],"about":[{"href":"https:\/\/www.europesays.com\/fr\/wp-json\/wp\/v2\/types\/post"}],"author":[{"embeddable":true,"href":"https:\/\/www.europesays.com\/fr\/wp-json\/wp\/v2\/users\/2"}],"replies":[{"embeddable":true,"href":"https:\/\/www.europesays.com\/fr\/wp-json\/wp\/v2\/comments?post=277880"}],"version-history":[{"count":0,"href":"https:\/\/www.europesays.com\/fr\/wp-json\/wp\/v2\/posts\/277880\/revisions"}],"wp:featuredmedia":[{"embeddable":true,"href":"https:\/\/www.europesays.com\/fr\/wp-json\/wp\/v2\/media\/277881"}],"wp:attachment":[{"href":"https:\/\/www.europesays.com\/fr\/wp-json\/wp\/v2\/media?parent=277880"}],"wp:term":[{"taxonomy":"category","embeddable":true,"href":"https:\/\/www.europesays.com\/fr\/wp-json\/wp\/v2\/categories?post=277880"},{"taxonomy":"post_tag","embeddable":true,"href":"https:\/\/www.europesays.com\/fr\/wp-json\/wp\/v2\/tags?post=277880"}],"curies":[{"name":"wp","href":"https:\/\/api.w.org\/{rel}","templated":true}]}}