{"id":277884,"date":"2025-07-27T18:03:11","date_gmt":"2025-07-27T18:03:11","guid":{"rendered":"https:\/\/www.europesays.com\/fr\/277884\/"},"modified":"2025-07-27T18:03:11","modified_gmt":"2025-07-27T18:03:11","slug":"lete-des-dragons-a-celebre-la-culture-geek-au-pavillon-josephine","status":"publish","type":"post","link":"https:\/\/www.europesays.com\/fr\/277884\/","title":{"rendered":"l\u2019\u00c9t\u00e9 des dragons a c\u00e9l\u00e9br\u00e9 la culture geek au Pavillon Jos\u00e9phine"},"content":{"rendered":"<p>Les visiteurs du parc de l\u2019Orangerie ont pris l\u2019habitude de croiser de nombreux mari\u00e9s en p\u00e9riode estivale. Mais ce week-end, ils ont pu admirer un autre type de costumes, plus color\u00e9s et pouvant ressembler \u00e0 leurs h\u00e9ros de pop culture\u2026 des cosplayeurs\u00a0! \u00ab\u00a0Le parc est un endroit id\u00e9al pour faire des photos en tenue\u00a0\u00bb, se r\u00e9jouit Mellusa, 27 ans, une perruque rouge sur la t\u00eate. \u00ab\u00a0Mais si nous sommes tous l\u00e0 aujourd\u2019hui, c\u2019est pour la convention <a href=\"https:\/\/www.dna.fr\/culture-loisirs\/2025\/07\/23\/jeux-de-role-de-societe-escrime-le-don-des-dragons-s-installe-au-pavillon-josephine-ce-week-end\" target=\"_blank\" rel=\"noopener\">l\u2019\u00c9t\u00e9 des dragons<\/a> \u00a0\u00bb, pr\u00e9cise-t-elle. En la suivant, nous arrivons au Pavillon Jos\u00e9phine. Pour la premi\u00e8re fois, <a href=\"https:\/\/www.dna.fr\/culture-loisirs\/2023\/11\/30\/jouer-pour-soutenir-le-telethon-le-don-des-dragons-fete-ses-20-ans\" target=\"_blank\" rel=\"noopener\">l\u2019association du Don des dragons, connue pour m\u00ealer \u00e9v\u00e8nements ludiques et caritatifs<\/a> , y a organis\u00e9 une convention qui s\u2019est tenue du samedi 26\u00a0juillet \u00e0 10\u00a0h au dimanche 27\u00a0juillet, 18\u00a0h.<\/p>\n<p>  En soutien \u00e0 deux associations \u00e9cologiques<\/p>\n<p>\u00ab\u00a0Bienvenue dans ce lieu atypique, au c\u0153ur du grand parc strasbourgeois\u00a0\u00bb, accueille Lionel Prime, l\u2019organisateur, avant de nous laisser d\u00e9couvrir les lieux.<\/p>\n<p>Sur sc\u00e8ne, les animations s\u2019encha\u00eenent. Course de Mario Kart, table ronde et quiz\u2026 sur l\u2019\u00e9cologie. En effet pour cette premi\u00e8re \u00e9dition, l\u2019\u00c9t\u00e9 des dragons a souhait\u00e9 soutenir deux associations locales de d\u00e9fense de l\u2019environnement, Alsace Nature et Z\u00e9ro d\u00e9chet. \u00ab\u00a0C\u2019est une excellente id\u00e9e. Je suis moi-m\u00eame engag\u00e9e pour cette cause et j\u2019essaie de r\u00e9fl\u00e9chir \u00e0 une mani\u00e8re de faire du cosplay moins polluant\u00a0\u00bb, explique la cosplayeuse Mellusa.<\/p>\n<p>\u00ab\u00a0J\u2019aime bien l\u2019ambiance, car beaucoup de monde est en costume\u00a0\u00bb, remarque son ami Arthur, 21 ans. Venu de Colmar pour l\u2019occasion, il s\u2019appr\u00eate \u00e0 participer au d\u00e9fil\u00e9 de l\u2019apr\u00e8s-midi. Cette activit\u00e9 est propos\u00e9e par une <a href=\"https:\/\/www.dna.fr\/culture-loisirs\/2024\/10\/27\/iconsplay-une-journee-dans-le-riche-et-colore-monde-du-cosplay\" target=\"_blank\" rel=\"noopener\">des associations de cosplay pr\u00e9sentes, Iconic<\/a>. \u00ab\u00a0Nous avons \u00e9galement organis\u00e9 un bal qui a r\u00e9uni plus de 60 personnes hier soir. Entre les colonnes et les moulures, le lieu \u00e9tait parfait pour \u00e7a\u00a0!\u00a0\u00bb, pr\u00e9cise Sky, la secr\u00e9taire de l\u2019association. \u00ab\u00a0En dehors de nos activit\u00e9s, nous pouvons profiter des stands de jeux de soci\u00e9t\u00e9 et de jeux de r\u00f4le. On ne s\u2019ennuie pas\u00a0!\u00a0\u00bb, f\u00e9licite Alexandra, la pr\u00e9sidente.<\/p>\n<p>  Initiations \u00e0 l\u2019escrime ludique ou \u00e0 la danse m\u00e9di\u00e9vale<\/p>\n<p>Une quinzaine d\u2019exposants sont \u00e9galement pr\u00e9sents. Illustrateurs, fabricant de bijoux, d\u2019objets en cuir, d\u2019accessoires en crochet, et m\u00eame une fabricante de baguettes magiques. \u00ab\u00a0Je travaille le bois au couteau depuis un an et demi. Je fabrique des baguettes en houx, sapin, ch\u00e2taignier\u2026\u00a0\u00bb, \u00e9num\u00e8re Sarah Scarmure qui r\u00e9alise \u00e9galement des bijoux, des illustrations, des dioramas\u2026 Ce week-end, elle a propos\u00e9 des ateliers pour apprendre \u00e0 r\u00e9aliser de petits bijoux ou des maquettes \u00e0 l\u2019aide de mat\u00e9riaux naturels ou recycl\u00e9s.<\/p>\n<p>La deuxi\u00e8me salle a \u00e9t\u00e9 investie par le p\u00f4le Jeux. On y retrouve des \u00e9checs, des combats Magic, des jeux en libre-service, des initiations au Mah-jong et un coin restauration.<\/p>\n<p>Il faut monter au premier \u00e9tage pour d\u00e9couvrir les tables de jeux de r\u00f4les. \u00ab\u00a0Des parties ont \u00e9t\u00e9 propos\u00e9es toutes les 4-5 heures. \u00c7a a jou\u00e9 jusqu\u2019\u00e0 minuit hier soir, avant de reprendre \u00e0 10\u00a0h ce matin\u00a0\u00bb, f\u00e9licite l\u2019organisateur. Noah, 30 ans, s\u2019appr\u00eate \u00e0 encha\u00eener sa troisi\u00e8me partie, soit plus de douze heures de jeux. \u00ab\u00a0Je ne trouve pas forc\u00e9ment le temps de jouer r\u00e9guli\u00e8rement. L\u00e0, c\u2019est l\u2019occasion\u00a0\u00bb, se r\u00e9jouit-il.<\/p>\n<p>D\u2019autres activit\u00e9s plus atypiques ont \u00e9galement \u00e9t\u00e9 propos\u00e9es pendant le week-end, comme des initiations \u00e0 l\u2019escrime ludique ou \u00e0 la danse m\u00e9di\u00e9vale. Ces derni\u00e8res sont propos\u00e9es par l\u2019association des Enfants terribles, qui r\u00e9unit des amoureux de jeux de r\u00f4le grandeur nature depuis plus de dix ans. \u00ab\u00a0Nous suivons toute l\u2019ann\u00e9e des cours de danse et d\u2019escrime ludique pour ensuite nous en servir dans nos parties\u00a0\u00bb, explique Iora, 27 ans.<\/p>\n<p>En costume, en dansant ou en enqu\u00eatant autour d\u2019une table, des cartes ou une manette \u00e0 la main, il y en aura eu pour tous les go\u00fbts \u00e0 l\u2019\u00c9t\u00e9 des dragons. L\u2019ann\u00e9e prochaine, les organisateurs esp\u00e8rent faire venir encore plus de monde.<\/p>\n","protected":false},"excerpt":{"rendered":"Les visiteurs du parc de l\u2019Orangerie ont pris l\u2019habitude de croiser de nombreux mari\u00e9s en p\u00e9riode estivale. Mais&hellip;\n","protected":false},"author":2,"featured_media":277885,"comment_status":"","ping_status":"","sticky":false,"template":"","format":"standard","meta":{"footnotes":""},"categories":[2820],"tags":[1111,11,1687,2880,1777,674,107,1685,1011,27,775,330,1036,2410,10265,12,25,104,640,2879,1631],"class_list":{"0":"post-277884","1":"post","2":"type-post","3":"status-publish","4":"format-standard","5":"has-post-thumbnail","7":"category-strasbourg","8":"tag-actu","9":"tag-actualites","10":"tag-culture-loisirs","11":"tag-edition-strasbourg","12":"tag-eu","13":"tag-europe","14":"tag-fil-info","15":"tag-foire-et-salon","16":"tag-fr","17":"tag-france","18":"tag-grand-est","19":"tag-jeux","20":"tag-jeux-video","21":"tag-livres-bd","22":"tag-loto","23":"tag-news","24":"tag-republique-francaise","25":"tag-societe","26":"tag-strasbourg","27":"tag-strasbourg-ville","28":"tag-vie-associative"},"share_on_mastodon":{"url":"https:\/\/pubeurope.com\/@fr\/114926518568675010","error":""},"_links":{"self":[{"href":"https:\/\/www.europesays.com\/fr\/wp-json\/wp\/v2\/posts\/277884","targetHints":{"allow":["GET"]}}],"collection":[{"href":"https:\/\/www.europesays.com\/fr\/wp-json\/wp\/v2\/posts"}],"about":[{"href":"https:\/\/www.europesays.com\/fr\/wp-json\/wp\/v2\/types\/post"}],"author":[{"embeddable":true,"href":"https:\/\/www.europesays.com\/fr\/wp-json\/wp\/v2\/users\/2"}],"replies":[{"embeddable":true,"href":"https:\/\/www.europesays.com\/fr\/wp-json\/wp\/v2\/comments?post=277884"}],"version-history":[{"count":0,"href":"https:\/\/www.europesays.com\/fr\/wp-json\/wp\/v2\/posts\/277884\/revisions"}],"wp:featuredmedia":[{"embeddable":true,"href":"https:\/\/www.europesays.com\/fr\/wp-json\/wp\/v2\/media\/277885"}],"wp:attachment":[{"href":"https:\/\/www.europesays.com\/fr\/wp-json\/wp\/v2\/media?parent=277884"}],"wp:term":[{"taxonomy":"category","embeddable":true,"href":"https:\/\/www.europesays.com\/fr\/wp-json\/wp\/v2\/categories?post=277884"},{"taxonomy":"post_tag","embeddable":true,"href":"https:\/\/www.europesays.com\/fr\/wp-json\/wp\/v2\/tags?post=277884"}],"curies":[{"name":"wp","href":"https:\/\/api.w.org\/{rel}","templated":true}]}}