{"id":277886,"date":"2025-07-27T18:04:14","date_gmt":"2025-07-27T18:04:14","guid":{"rendered":"https:\/\/www.europesays.com\/fr\/277886\/"},"modified":"2025-07-27T18:04:14","modified_gmt":"2025-07-27T18:04:14","slug":"strasbourg-le-sport-au-coeur-des-animations-dete-des-quartiers","status":"publish","type":"post","link":"https:\/\/www.europesays.com\/fr\/277886\/","title":{"rendered":"Strasbourg. Le sport au c\u0153ur des animations d\u2019\u00e9t\u00e9 des quartiers"},"content":{"rendered":"<p>Jusqu\u2019au 24\u00a0ao\u00fbt dans les trois plaines sportives de la ville, les habitants et visiteurs pourront profiter de multiples activit\u00e9s sportives, de loisirs et de bien-\u00eatre. Au programme\u00a0: activit\u00e9s \u00ab\u00a0Sp\u00e9cial kids\u00a0\u00bb, 100\u00a0% ados, fit et zen, tournois sportifs et plein d\u2019autres surprises \u00e0 d\u00e9couvrir.<\/p>\n<p>Et ce, dans la plaine sportive Hautepierre &#8211; Parc des sports du mercredi au vendredi\u00a0: 16\u00a0h-21\u00a0h, samedi et dimanche\u00a0: 10\u00a0h &#8211; 21\u00a0h\u00a0; mais aussi dans la plaine sportive Baggersee du mercredi au dimanche\u00a0: 14\u00a0h\u00a030-17\u00a0h\u00a045. Ainsi que dans la plaine sportive Citadelle \u2013 Vauban les mercredis, jeudis, samedis\u00a0: 14\u00a0h-17\u00a0h\u00a0; vendredis et dimanches\u00a0: 10\u00a0h-17\u00a0h. Des rendez-vous tous publics et gratuits.<\/p>\n<p>Ce contenu est bloqu\u00e9 car vous n&rsquo;avez pas accept\u00e9 les cookies et autres traceurs.<\/p>\n<p>En cliquant sur \u00ab J\u2019accepte \u00bb, les cookies et autres traceurs seront d\u00e9pos\u00e9s et vous pourrez visualiser les contenus  (<a href=\"\" class=\"consentModule_policy\" target=\"_blank\" title=\"Consulter la politique de protection des donn\u00e9es du fournisseur\">plus d&rsquo;informations<\/a>).<\/p>\n<p>En cliquant sur \u00ab J\u2019accepte tous les cookies \u00bb, vous autorisez des d\u00e9p\u00f4ts de cookies et autres traceurs pour le stockage de vos donn\u00e9es sur nos sites et applications \u00e0 des fins de personnalisation et de ciblage publicitaire.<\/p>\n<p class=\"consentModule_secondaryText\">Vous gardez la possibilit\u00e9 de retirer votre consentement \u00e0 tout moment en consultant notre <a href=\"https:\/\/www.dna.fr\/protection-des-donnees\" target=\"_blank\" title=\"Consulter notre politique de protection des donn\u00e9es\" rel=\"nofollow noopener\">politique de protection des donn\u00e9es<\/a>. <br \/>&#13;<br \/>\n            <a href=\"https:\/\/www.dna.fr\/education\/2025\/07\/27\/javascript:Didomi.notice.show()\" class=\"consentModule_cmp\" rel=\"nofollow noopener\" target=\"_blank\">G\u00e9rer mes choix<\/a>&#13;\n        <\/p>\n<p>&#13;<br \/>\n                        J&rsquo;accepte&#13;<br \/>\n            J&rsquo;accepte tous les cookies&#13;\n        <\/p>\n<p>L\u2019inauguration des animations estivales \u00e0 la plaine sportive de Hautepierre a eu lieu vendredi 11\u00a0juillet, avec \u00e0 l\u2019occasion une grande soir\u00e9e d\u2019ouverture \u00e0 la plaine sportive de Hautepierre. Au programme\u00a0: d\u00e9monstrations sportives d\u2019\u00e9quitation, criquet, BMX, ballet nautique, escrime ou encore boxe, d\u00e9couverte du karting, biathlon laser, tir \u00e0 l\u2019arc, handisport\u00a0avec le sportif m\u00e9daill\u00e9 olympique Jules Ribstein.<\/p>\n<p>Le public a \u00e9galement eu droit \u00e0 un concert de rap et un barbecue. Sans oublier la pr\u00e9sence des torches des Jeux olympiques et paralympiques de Paris 2024.<\/p>\n<p>  Nouveaut\u00e9 2025\u00a0: un parcours d\u2019orientation<\/p>\n<p>Envie de partir \u00e0 l\u2019aventure tout en s\u2019amusant\u00a0? Un parcours d\u2019orientation est propos\u00e9 \u00e0 la plaine sportive Baggersee, une activit\u00e9 ludique et sportive pour tous les \u00e2ges. L\u2019occasion pour les participants de mettre leur sens de l\u2019orientation au d\u00e9fi, explorer la nature et trouver les indices sans se perdre, \u00e0 l\u2019aide d\u2019une carte et d\u2019une boussole. Une activit\u00e9 tous publics, gratuite et en acc\u00e8s libre.<\/p>\n<p>  Les parcours Vitaboucle<\/p>\n<p>Install\u00e9s par l\u2019Eurom\u00e9tropole de Strasbourg, les parcours <a href=\"https:\/\/www.dna.fr\/sport\/2024\/04\/18\/une-application-vitaboucle-pour-se-bouger-dans-31-communes\" target=\"_blank\" rel=\"nofollow noopener\"> Vitaboucle<\/a> proposent d\u2019explorer les bords de l\u2019Ill, les parcs urbains ou des chemins m\u00e9connus. Balade tranquille ou sportive, dans la nature ou en ville sont propos\u00e9es \u00e0 travers des routes o\u00f9 l\u2019on retrouve agr\u00e8s de musculation, points d\u2019int\u00e9r\u00eat patrimoniaux, coins ombrag\u00e9s\u2026 Tout pour bouger dans un cadre agr\u00e9able \u00e0 son rythme. Tous publics, gratuit et en acc\u00e8s libre. Plus d\u2019infos sur\u00a0: vitaboucle.strasbourg.eu\/<\/p>\n","protected":false},"excerpt":{"rendered":"Jusqu\u2019au 24\u00a0ao\u00fbt dans les trois plaines sportives de la ville, les habitants et visiteurs pourront profiter de multiples&hellip;\n","protected":false},"author":2,"featured_media":277887,"comment_status":"","ping_status":"","sticky":false,"template":"","format":"standard","meta":{"footnotes":""},"categories":[2820],"tags":[1111,11,2880,1057,1777,674,107,1011,27,775,12,25,640,2879],"class_list":{"0":"post-277886","1":"post","2":"type-post","3":"status-publish","4":"format-standard","5":"has-post-thumbnail","7":"category-strasbourg","8":"tag-actu","9":"tag-actualites","10":"tag-edition-strasbourg","11":"tag-education","12":"tag-eu","13":"tag-europe","14":"tag-fil-info","15":"tag-fr","16":"tag-france","17":"tag-grand-est","18":"tag-news","19":"tag-republique-francaise","20":"tag-strasbourg","21":"tag-strasbourg-ville"},"share_on_mastodon":{"url":"https:\/\/pubeurope.com\/@fr\/114926522483177445","error":""},"_links":{"self":[{"href":"https:\/\/www.europesays.com\/fr\/wp-json\/wp\/v2\/posts\/277886","targetHints":{"allow":["GET"]}}],"collection":[{"href":"https:\/\/www.europesays.com\/fr\/wp-json\/wp\/v2\/posts"}],"about":[{"href":"https:\/\/www.europesays.com\/fr\/wp-json\/wp\/v2\/types\/post"}],"author":[{"embeddable":true,"href":"https:\/\/www.europesays.com\/fr\/wp-json\/wp\/v2\/users\/2"}],"replies":[{"embeddable":true,"href":"https:\/\/www.europesays.com\/fr\/wp-json\/wp\/v2\/comments?post=277886"}],"version-history":[{"count":0,"href":"https:\/\/www.europesays.com\/fr\/wp-json\/wp\/v2\/posts\/277886\/revisions"}],"wp:featuredmedia":[{"embeddable":true,"href":"https:\/\/www.europesays.com\/fr\/wp-json\/wp\/v2\/media\/277887"}],"wp:attachment":[{"href":"https:\/\/www.europesays.com\/fr\/wp-json\/wp\/v2\/media?parent=277886"}],"wp:term":[{"taxonomy":"category","embeddable":true,"href":"https:\/\/www.europesays.com\/fr\/wp-json\/wp\/v2\/categories?post=277886"},{"taxonomy":"post_tag","embeddable":true,"href":"https:\/\/www.europesays.com\/fr\/wp-json\/wp\/v2\/tags?post=277886"}],"curies":[{"name":"wp","href":"https:\/\/api.w.org\/{rel}","templated":true}]}}