{"id":277890,"date":"2025-07-27T18:06:13","date_gmt":"2025-07-27T18:06:13","guid":{"rendered":"https:\/\/www.europesays.com\/fr\/277890\/"},"modified":"2025-07-27T18:06:13","modified_gmt":"2025-07-27T18:06:13","slug":"deja-1-463-captures-la-ville-de-nice-teste-un-nouveau-piege-a-contre-les-rats","status":"publish","type":"post","link":"https:\/\/www.europesays.com\/fr\/277890\/","title":{"rendered":"D\u00e9j\u00e0 1.463 captures: la ville de Nice teste un nouveau pi\u00e8ge \u00e0 contre les rats"},"content":{"rendered":"<p>Presque devenus mignons depuis le film Ratatouille, les rongeurs sont pourtant un fl\u00e9au. Rats bruns, d\u2019\u00e9gout ou surmulots: leur population a bondi de 20% en une dizaine d\u2019ann\u00e9es. Il n\u2019est pas rare de croiser leur minois sortant d\u2019une poubelle, dans la rue, ou m\u00eame chez soi.<\/p>\n<p>Ces petits animaux ram\u00e8nent maladies et parasites. Leur contamination inqui\u00e8te et menace tous les \u00e2ges. En 2024, la cr\u00e8che des Iris \u00e0 Nice en d\u00e9couvrait dans son enceinte. Un cas loin d\u2019\u00eatre isol\u00e9. Des lits pour enfants avaient m\u00eame \u00e9t\u00e9 rong\u00e9s.<\/p>\n<p>Enjeu de sant\u00e9 publique majeur, \u00ab\u00a0la lutte contre les nuisibles est l\u2019affaire de tous\u00a0\u00bb, proclame le maire de Nice, Christian Estrosi.<\/p>\n<p>1.463 captures en 6 semaines<\/p>\n<p>Avec 393 mobilisations d\u2019agents et 675 interventions en 2024, le service d\u2019Hygi\u00e8ne publique et de lutte antivectorielle de la ville ne fl\u00e2ne pas.<\/p>\n<p>Des postes d\u2019app\u00e2ts sont d\u00e9j\u00e0 pr\u00e9sents dans les zones infest\u00e9es, par pr\u00e9vention ou apr\u00e8s signalement.<\/p>\n<p>Cette ann\u00e9e, la Ville de Nice va plus loin et teste pendant neuf mois vingt-cinq appareils Ekomille. Fix\u00e9s dans des bo\u00eetiers s\u00e9curis\u00e9s bard\u00e9s de bois, ces dispositifs de capture n\u2019utilisent pas de produits biocides, nocifs ou empoisonn\u00e9s.<\/p>\n<p>Un simple app\u00e2t alimentaire suffit. Install\u00e9 en centre-ville, hautement fr\u00e9quent\u00e9 par la population, Ekomille n\u2019est dangereux ni pour les enfants, ni pour les animaux non cibl\u00e9s.<\/p>\n<p>Christian Estrosi rel\u00e8ve que six semaines apr\u00e8s leur installation, \u00ab\u00a0les pi\u00e8ges ont d\u00e9j\u00e0 captur\u00e9 1.463 rats\u00a0\u00bb. Le bilan dress\u00e9 en fin d\u2019exp\u00e9rimentation devrait d\u00e9terminer la feuille de route.<\/p>\n<p>Une responsabilit\u00e9 collective<\/p>\n<p>Mais ces appareils sont une aide annexe. Et puis, la majorit\u00e9 des rongeurs vit recluse, elle ne sort que pour manger.<\/p>\n<p>\u00ab\u00a0Dans les grandes villes comme Nice, il y a davantage de poubelles de restaurant, mais surtout, de restes de nourriture au sol: l\u2019incivilit\u00e9 est un facteur majeur\u00a0\u00bb, rappelle un d\u00e9ratisateur.<\/p>\n<p>La Ville de Nice appelle donc \u00e0 la responsabilit\u00e9 collective: \u00ab\u00a0les petits gestes tels que le fait de ne pas laisser de sacs de d\u00e9tritus ouverts et jet\u00e9s \u00e0 terre font la diff\u00e9rence.\u00a0\u00bb<\/p>\n","protected":false},"excerpt":{"rendered":"Presque devenus mignons depuis le film Ratatouille, les rongeurs sont pourtant un fl\u00e9au. Rats bruns, d\u2019\u00e9gout ou surmulots:&hellip;\n","protected":false},"author":2,"featured_media":277891,"comment_status":"","ping_status":"","sticky":false,"template":"","format":"standard","meta":{"footnotes":""},"categories":[2819],"tags":[1111,11,1777,674,1011,27,12,2401,882,25,3366],"class_list":{"0":"post-277890","1":"post","2":"type-post","3":"status-publish","4":"format-standard","5":"has-post-thumbnail","7":"category-nice","8":"tag-actu","9":"tag-actualites","10":"tag-eu","11":"tag-europe","12":"tag-fr","13":"tag-france","14":"tag-news","15":"tag-nice","16":"tag-provence-alpes-cote-dazur","17":"tag-republique-francaise","18":"tag-vie-locale"},"share_on_mastodon":{"url":"https:\/\/pubeurope.com\/@fr\/114926530385510444","error":""},"_links":{"self":[{"href":"https:\/\/www.europesays.com\/fr\/wp-json\/wp\/v2\/posts\/277890","targetHints":{"allow":["GET"]}}],"collection":[{"href":"https:\/\/www.europesays.com\/fr\/wp-json\/wp\/v2\/posts"}],"about":[{"href":"https:\/\/www.europesays.com\/fr\/wp-json\/wp\/v2\/types\/post"}],"author":[{"embeddable":true,"href":"https:\/\/www.europesays.com\/fr\/wp-json\/wp\/v2\/users\/2"}],"replies":[{"embeddable":true,"href":"https:\/\/www.europesays.com\/fr\/wp-json\/wp\/v2\/comments?post=277890"}],"version-history":[{"count":0,"href":"https:\/\/www.europesays.com\/fr\/wp-json\/wp\/v2\/posts\/277890\/revisions"}],"wp:featuredmedia":[{"embeddable":true,"href":"https:\/\/www.europesays.com\/fr\/wp-json\/wp\/v2\/media\/277891"}],"wp:attachment":[{"href":"https:\/\/www.europesays.com\/fr\/wp-json\/wp\/v2\/media?parent=277890"}],"wp:term":[{"taxonomy":"category","embeddable":true,"href":"https:\/\/www.europesays.com\/fr\/wp-json\/wp\/v2\/categories?post=277890"},{"taxonomy":"post_tag","embeddable":true,"href":"https:\/\/www.europesays.com\/fr\/wp-json\/wp\/v2\/tags?post=277890"}],"curies":[{"name":"wp","href":"https:\/\/api.w.org\/{rel}","templated":true}]}}