{"id":277897,"date":"2025-07-27T18:10:56","date_gmt":"2025-07-27T18:10:56","guid":{"rendered":"https:\/\/www.europesays.com\/fr\/277897\/"},"modified":"2025-07-27T18:10:56","modified_gmt":"2025-07-27T18:10:56","slug":"les-confidences-du-chauffeur-de-bus-bordelais-agresse-apres-son-conseil-de-discipline","status":"publish","type":"post","link":"https:\/\/www.europesays.com\/fr\/277897\/","title":{"rendered":"les confidences du chauffeur de bus bordelais agress\u00e9, apr\u00e8s son conseil de discipline"},"content":{"rendered":"<p>\u00c9puis\u00e9 par la proc\u00e9dure en interne qui a suivi son agression au sein de son bus mi-mai, Jean-Christophe Colombo a quitt\u00e9 son conseil de discipline, ce mercredi, avec le sentiment d\u2019avoir \u00e9t\u00e9 abandonn\u00e9 par son employeur.<\/p>\n<p class=\"fig-paragraph\">Au lendemain de son\u00a0<a href=\"http:\/\/www.lefigaro.fr\/bordeaux\/a-leurs-yeux-je-suis-l-agresseur-le-chauffeur-de-bus-bordelais-agresse-est-convoque-en-conseil-de-discipline-par-sa-direction-20250715\" data-fig-type=\"NewsFlash\" data-gtm-custom-categorie=\"navigation\" data-gtm-custom-action=\"crossclick\" data-gtm-custom-label=\"Contextuel\" data-gtm-event=\"customEventSPE\" data-fig-domain=\"LEFIGARO\" target=\"_blank\" rel=\"noopener\">conseil de discipline<\/a>\u00a0face \u00e0 l\u2019exploitant du r\u00e9seau de transports en commun bordelais Keolis, le chauffeur\u00a0<a href=\"http:\/\/www.lefigaro.fr\/bordeaux\/je-me-suis-vu-mourir-et-les-gens-ont-filme-au-lieu-d-agir-un-chauffeur-de-bus-bordelais-agresse-temoigne-20250512\" data-fig-type=\"NewsFlash\" data-gtm-custom-categorie=\"navigation\" data-gtm-custom-action=\"crossclick\" data-gtm-custom-label=\"Contextuel\" data-gtm-event=\"customEventSPE\" data-fig-domain=\"LEFIGARO\" target=\"_blank\" rel=\"noopener\">agress\u00e9 mi-mai\u00a0<\/a>se remet p\u00e9niblement de\u00a0<a href=\"http:\/\/www.lefigaro.fr\/bordeaux\/je-suis-sorti-en-pleurant-le-chauffeur-de-bus-bordelais-agresse-raconte-au-figaro-sa-convocation-avec-ses-superieurs-20250624\" data-fig-type=\"NewsFlash\" data-gtm-custom-categorie=\"navigation\" data-gtm-custom-action=\"crossclick\" data-gtm-custom-label=\"Contextuel\" data-gtm-event=\"customEventSPE\" data-fig-domain=\"LEFIGARO\" target=\"_blank\" rel=\"noopener\">ses \u00e9motions<\/a>. \u00abJe suis d\u00e9truit, je crois que Keolis ne mesure pas les cons\u00e9quences d\u2019une telle proc\u00e9dure sur un \u00eatre humain. M\u00eame si j\u2019ai fait une faute,<a href=\"http:\/\/www.lefigaro.fr\/bordeaux\/je-suis-choque-le-chauffeur-de-bus-tabasse-pres-de-bordeaux-convoque-par-sa-direction-et-menace-d-une-sanction-20250604\" data-fig-type=\"NewsFlash\" data-gtm-custom-categorie=\"navigation\" data-gtm-custom-action=\"crossclick\" data-gtm-custom-label=\"Contextuel\" data-gtm-event=\"customEventSPE\" data-fig-domain=\"LEFIGARO\" target=\"_blank\" rel=\"noopener\">\u00a0je me sens l\u00e2ch\u00e9\u00a0<\/a> : j\u2019ai oubli\u00e9 mon agression, mon agresseur maintenant c\u2019est l\u2019entreprise\u00bb, d\u00e9clare Jean-Christophe Colombo ce jeudi au Figaro, au lendemain de l\u2019audience. Et d\u2019ajouter\u00a0: \u00abCela me fait tr\u00e8s mal car j\u2019aime mon entreprise, j\u2019y passe ma vie, au quotidien, depuis 28 ans. Il va me falloir du temps pour me reconstruire.\u00bb\u00a0<\/p>\n<p class=\"fig-paragraph\">Keolis, qui a d\u00fb faire face mercredi\u00a0<a href=\"http:\/\/www.lefigaro.fr\/bordeaux\/bordeaux-un-depot-bloque-en-soutien-au-chauffeur-de-bus-agresse-et-convoque-en-conseil-de-discipline-ce-mercredi-20250723\" data-fig-type=\"NewsFlash\" data-gtm-custom-categorie=\"navigation\" data-gtm-custom-action=\"crossclick\" data-gtm-custom-label=\"Contextuel\" data-gtm-event=\"customEventSPE\" data-fig-domain=\"LEFIGARO\" target=\"_blank\" rel=\"noopener\">au blocage de l\u2019un de ses d\u00e9p\u00f4ts de bus par des soutiens du chauffeur agress\u00e9,\u00a0<\/a>se d\u00e9fend. \u00abUn entretien disciplinaire n\u2019implique pas forc\u00e9ment une sanction ou un licenciement, ce n\u2019est pas automatique\u00bb, indique ainsi l\u2019entreprise en rappelant \u00abcondamner avec la plus grande fermet\u00e9 l\u2019agression dont Monsieur Colombo a \u00e9t\u00e9 victime\u00bb.<\/p>\n<blockquote class=\"fig-quote&#10;    \">\n<p class=\"fig-quote__text\">La soci\u00e9t\u00e9 fran\u00e7aise ne peut pas continuer comme cela\u00a0: la peur s\u2019est install\u00e9e, il ne faut pas faire de vagues et courber l\u2019\u00e9chine face aux incivilit\u00e9s. Il faut r\u00e9tablir l\u2019autorit\u00e9<\/p>\n<p>            Jean-Christophe Colombo, le chauffeur de bus bordelais agress\u00e9 mi-mai\n    <\/p><\/blockquote>\n<p>                                    <a class=\"fig-a11y-skip a11y-hidden\" href=\"#fig-a11y-skip-main-inarticle\"><br \/>\n        Passer la publicit\u00e9<br \/>\n    <\/a><\/p>\n<p class=\"fig-paragraph\">Le jour des faits, qui se sont d\u00e9roul\u00e9s mi-mai, Jean-Christophe Colombo avait \u00e9t\u00e9 tabass\u00e9 par un passager de son bus, qu\u2019il venait de sortir par le collet parce qu\u2019il l\u2019avait insult\u00e9 et refus\u00e9 de lui dire bonjour. C\u2019est \u00abce geste formellement interdit\u00bb qui lui est reproch\u00e9 et qui justifie le conseil de discipline, selon la direction de Keolis. L\u2019entreprise insiste sur le fait que le chauffeur de bus \u00abs\u2019est mis en danger\u00bb en agissant de la sorte. Elle refuse donc de passer outre cet \u00e9cart de comportement qui \u00abexpose \u00e0 une sanction disciplinaire\u00bb.<\/p>\n<p>D\u00e9cision d\u2019ici un mois<\/p>\n<p class=\"fig-paragraph\">\u00abDurant le conseil de discipline, l\u2019un des cadres m\u2019a demand\u00e9 si ce n\u2019\u00e9tait pas mon ego qui m\u2019avait pouss\u00e9 \u00e0 agir [et \u00e0 sortir le passager par le collet, NDLR]. Dans sa bouche c\u2019\u00e9tait clairement un reproche\u00bb, r\u00e9agit Jean-Christophe Colombo. Le quinquag\u00e9naire, qui juge que ses blessures et son op\u00e9ration \u00e9taient une le\u00e7on suffisante, estime que la honte doit changer de camp malgr\u00e9 son erreur. \u00abLa soci\u00e9t\u00e9 fran\u00e7aise ne peut pas continuer comme cela\u00a0: d\u00e9sormais, la peur s\u2019est install\u00e9e, il ne faut pas faire de vagues et courber l\u2019\u00e9chine face aux incivilit\u00e9s&#8230; Il faut r\u00e9tablir l\u2019autorit\u00e9. M\u00eame si ma r\u00e9action n\u2019\u00e9tait pas id\u00e9ale, je suis tr\u00e8s bless\u00e9 de ne pas me sentir soutenu par mon entreprise\u00bb, confie-t-il.<\/p>\n<p class=\"fig-paragraph\">La d\u00e9cision qui doit clore ce dossier doit \u00eatre prise dans les prochains jours, au plus tard d\u2019ici un mois. Jean-Christophe Colombo, qui esp\u00e8re que la direction rendra son verdict rapidement afin d\u2019entamer sereinement sa convalescence, garde l\u2019espoir d\u2019une juste sentence.<\/p>\n","protected":false},"excerpt":{"rendered":"\u00c9puis\u00e9 par la proc\u00e9dure en interne qui a suivi son agression au sein de son bus mi-mai, Jean-Christophe&hellip;\n","protected":false},"author":2,"featured_media":277898,"comment_status":"","ping_status":"","sticky":false,"template":"","format":"standard","meta":{"footnotes":""},"categories":[2817],"tags":[1111,11,1120,1997,1777,674,1011,27,2825,12,2219,25,2216],"class_list":{"0":"post-277897","1":"post","2":"type-post","3":"status-publish","4":"format-standard","5":"has-post-thumbnail","7":"category-bordeaux","8":"tag-actu","9":"tag-actualites","10":"tag-agression","11":"tag-bordeaux","12":"tag-eu","13":"tag-europe","14":"tag-fr","15":"tag-france","16":"tag-insecurite","17":"tag-news","18":"tag-nouvelle-aquitaine","19":"tag-republique-francaise","20":"tag-transports-en-commun"},"share_on_mastodon":{"url":"https:\/\/pubeurope.com\/@fr\/114926549933549816","error":""},"_links":{"self":[{"href":"https:\/\/www.europesays.com\/fr\/wp-json\/wp\/v2\/posts\/277897","targetHints":{"allow":["GET"]}}],"collection":[{"href":"https:\/\/www.europesays.com\/fr\/wp-json\/wp\/v2\/posts"}],"about":[{"href":"https:\/\/www.europesays.com\/fr\/wp-json\/wp\/v2\/types\/post"}],"author":[{"embeddable":true,"href":"https:\/\/www.europesays.com\/fr\/wp-json\/wp\/v2\/users\/2"}],"replies":[{"embeddable":true,"href":"https:\/\/www.europesays.com\/fr\/wp-json\/wp\/v2\/comments?post=277897"}],"version-history":[{"count":0,"href":"https:\/\/www.europesays.com\/fr\/wp-json\/wp\/v2\/posts\/277897\/revisions"}],"wp:featuredmedia":[{"embeddable":true,"href":"https:\/\/www.europesays.com\/fr\/wp-json\/wp\/v2\/media\/277898"}],"wp:attachment":[{"href":"https:\/\/www.europesays.com\/fr\/wp-json\/wp\/v2\/media?parent=277897"}],"wp:term":[{"taxonomy":"category","embeddable":true,"href":"https:\/\/www.europesays.com\/fr\/wp-json\/wp\/v2\/categories?post=277897"},{"taxonomy":"post_tag","embeddable":true,"href":"https:\/\/www.europesays.com\/fr\/wp-json\/wp\/v2\/tags?post=277897"}],"curies":[{"name":"wp","href":"https:\/\/api.w.org\/{rel}","templated":true}]}}