{"id":277904,"date":"2025-07-27T18:16:16","date_gmt":"2025-07-27T18:16:16","guid":{"rendered":"https:\/\/www.europesays.com\/fr\/277904\/"},"modified":"2025-07-27T18:16:16","modified_gmt":"2025-07-27T18:16:16","slug":"ou-se-baigner-a-marseille-piscines-fermees-surfrequentation-gratuite-horaires-on-fait-le-point","status":"publish","type":"post","link":"https:\/\/www.europesays.com\/fr\/277904\/","title":{"rendered":"O\u00f9 se baigner \u00e0 Marseille ? Piscines ferm\u00e9es, surfr\u00e9quentation, gratuit\u00e9, horaires&#8230; on fait le point"},"content":{"rendered":"<p>\u00ab\u00a0Faire avec le patrimoine existant.\u00a0\u00bb La phrase lanc\u00e9e il y a deux ans par l\u2019ancien adjoint municipal aux sports (S\u00e9bastien Jibrayel, qui s\u2019est vu retirer sa d\u00e9l\u00e9gation en mars et a \u00e9t\u00e9 condamn\u00e9 d\u00e9but juillet \u00e0 une peine de douze mois avec sursis pour violences en r\u00e9union) semble toujours d\u2019actualit\u00e9. Les temp\u00e9ratures caniculaires de ce d\u00e9but d\u2019\u00e9t\u00e9 ont fait des piscines des refuges de fra\u00eecheur pris d\u2019assaut par les Marseillais, r\u00e9v\u00e9lant une nouvelle fois<a href=\"https:\/\/www.laprovence.com\/article\/societe\/53446270719118\/avec-seulement-six-piscines-publiques-a-marseille-des-habitants-pousses-a-lexil-pour-trouver-la-fraicheur\" target=\"_blank\" rel=\"noopener\"> le manque de bassins dans la deuxi\u00e8me ville de France<\/a>. Des carences accentu\u00e9es durant cette saison estivale, alors que huit des quatorze piscines municipales affichent porte close pour le grand public jusqu\u2019au 3 ao\u00fbt (trois sites sont r\u00e9serv\u00e9s \u00e0 l\u2019apprentissage de la nage).<\/p>\n<p>\u00ab\u00a0Pas l\u2019id\u00e9al mais on n\u2019a pas le choix\u00a0\u00bb<\/p>\n<p><a href=\"https:\/\/www.laprovence.com\/article\/region\/2430138981053215\/piscines-municipales-a-marseille-la-mairie-veut-enfin-sortir-la-tete-de-l-eau\" target=\"_blank\" rel=\"noopener\">Sur les bords de bassins, les Marseillais font donc comme ils peuvent.<\/a>\u00a0\u00ab\u00a0Pour les gamins, je pr\u00e9f\u00e8re la piscine que la mer\u00a0: c\u2019est surveill\u00e9, plus propre et \u00e7a me permet de ne pas trop les exposer au soleil, explique Mohamed, 38\u00a0ans, ses cabas et ses trois enfants sous le bras. J\u2019habite Saint-Joseph mais la piscine des Micocouliers est ferm\u00e9e (pour des stages d\u2019apprentissage de la nage, NDLR) en juillet. Je suis donc oblig\u00e9 de venir \u00e0 Vallier et donc, de prendre ma voiture et de payer le parking\u2026 Ce n\u2019est pas l\u2019id\u00e9al mais on n\u2019a pas vraiment le choix.\u00a0\u00bb<\/p>\n<p>Comme Mohamed, David doit s\u2019adapter. \u00ab\u00a0Je suis un habitu\u00e9 de Saint-Charles mais c\u2019est ferm\u00e9, dit le quadrag\u00e9naire qui encha\u00eene les longueurs quatre fois par semaine. La nouvelle municipalit\u00e9 avait promis plus de bassins et des amplitudes \u00e9largies, mais on n\u2019y est pas. Avec les \u00e9pisodes de chaleur r\u00e9p\u00e9t\u00e9s, c\u2019est devenu une question de sant\u00e9 publique\u00a0!\u00a0\u00bb<\/p>\n<p>La Ville de Marseille dit\u00a0pourtant \u00ab\u00a0r\u00e9affirmer son engagement social, sportif et sanitaire, en ouvrant ses 14 piscines, en instaurant des horaires prolong\u00e9s (lundi au dimanche, de 10h \u00e0 14h et de 15h \u00e0 19h30), en garantissant la gratuit\u00e9 en cas de canicule, et en d\u00e9ployant quatre bassins mobiles pour les jeunes (lire ci-dessous)\u00a0\u00bb. Elle pourrait \u00e9galement, \u00ab\u00a0en cas de vigilance <a href=\"https:\/\/www.laprovence.com\/article\/region\/55229923310429\/canicule-les-piscines-municipales-gratuites-a-marseille\" target=\"_blank\" rel=\"noopener\">canicule<\/a> rouge uniquement\u00a0\u00bb, d\u00e9cider des \u00ab\u00a0ouvertures suppl\u00e9mentaires\u00a0\u00bb, en fermant ses bassins mobiles et en red\u00e9ployant les personnels qui y sont affect\u00e9s.<\/p>\n<p>La Martine, Pont-de-Vivaux et Bonneveine ferm\u00e9es tout l\u2019\u00e9t\u00e9<\/p>\n<p>Sauf que La Martine, Pont-de-Vivaux et Bonneveine seront ferm\u00e9es tout l\u2019\u00e9t\u00e9 et que les amplitudes horaires posent questions \u00e0 de nombreux Marseillais. \u00ab\u00a0On comprend mal pourquoi les bassins n\u2019ouvrent qu\u2019\u00e0 10h en \u00e9t\u00e9, quand ils le sont d\u00e8s 8h le reste de l\u2019ann\u00e9e, soul\u00e8ve Magali, une prof d\u2019EPS qui vient de boucler ses trois kilom\u00e8tres matinaux \u00e0 la piscine de la Pointe-Rouge. \u00c7a permettrait aux nageurs de profiter des lignes de natation \u00e0 l\u2019ouverture et de laisser la place aux familles ensuite. L\u00e0, il y a quelques conflits d\u2019usage\u2026\u00a0\u00bb<\/p>\n<p>Seule piscine en plein air de la ville, ouverte tout l\u2019\u00e9t\u00e9, face \u00e0 la mer et dot\u00e9e d\u2019un petit bassin et d\u2019espaces ombrag\u00e9s, la Pointe-Rouge semble victime de son succ\u00e8s. \u00ab\u00a0Faut arriver t\u00f4t pour trouver une place \u00e0 l\u2019ombre, confirme Saadia, venue des Caillols avec ses deux enfants. Mais globalement l\u2019\u00e9quipement est bien g\u00e9r\u00e9 et agr\u00e9able. C\u2019est dommage qu\u2019il y ait une pause m\u00e9ridienne et de ne pas pouvoir profiter du site toute la journ\u00e9e.\u00a0\u00bb<\/p>\n<p><img alt=\"Photo d'illustration de l'article\" loading=\"lazy\" decoding=\"async\" data-nimg=\"fill\" class=\" TwicCore_img__i9TC1 undefined  undefined\" style=\"position:absolute;height:100%;width:100%;left:0;top:0;right:0;bottom:0;color:transparent;background-size:cover;background-position:50% 50%;background-repeat:no-repeat;background-image:url(&quot;data:image\/svg+xml;charset=utf-8,%3Csvg xmlns='http:\/\/www.w3.org\/2000\/svg' %3E%3Cfilter id='b' color-interpolation-filters='sRGB'%3E%3CfeGaussianBlur stdDeviation='20'\/%3E%3CfeColorMatrix values='1 0 0 0 0 0 1 0 0 0 0 0 1 0 0 0 0 0 100 -1' result='s'\/%3E%3CfeFlood x='0' y='0' width='100%25' height='100%25'\/%3E%3CfeComposite operator='out' in='s'\/%3E%3CfeComposite in2='SourceGraphic'\/%3E%3CfeGaussianBlur stdDeviation='20'\/%3E%3C\/filter%3E%3Cimage width='100%25' height='100%25' x='0' y='0' preserveAspectRatio='none' style='filter: url(%23b);' href='https:\/\/pictures.laprovence.com\/cdn-cgi\/image\/blur=250\/media\/melody\/2025\/07\/27\/zrshrzsh-1753636760_4564a000468865964a00046883d64av_.jpg'\/%3E%3C\/svg%3E&quot;)\"   src=\"https:\/\/www.europesays.com\/fr\/wp-content\/uploads\/2025\/07\/zrshrzsh-1753636760_4564a000468865964a00046883d64av_.jpg\"\/>Illustration \/ Infographie R\u00e9mi Mathieu<\/p>\n<p>Sur ce dernier point, l\u2019ancien adjoint avait justifi\u00e9 que cette coupure permettait un roulement parmi les baigneurs et un nettoyage des sites. \u00ab\u00a0C\u2019est compr\u00e9hensible, estime pour sa part, No\u00e9mie, autre nageuse aguerrie. Mais on le voit durant les p\u00e9riodes de canicule, les piscines sont surpeupl\u00e9es. Le vrai probl\u00e8me, c\u2019est le petit nombre de bassins et l\u2019abandon de certains sites, comme celui de Luminy\u2026\u00a0\u00bb<\/p>\n<p>Ouverture d\u00e8s 7h\u2026 en septembre<\/p>\n<p>D\u2019abord promise pour\u00a02026, la r\u00e9novation de cet \u00e9quipement embl\u00e9matique (comprise avec celle de la piscine Nord via une soci\u00e9t\u00e9 d\u2019\u00e9conomie mixte \u00e0 op\u00e9ration unique, pour un budget de plus de 120\u00a0millions d\u2019euros) semble patauger. Et le patrimoine re\u00e7u par la municipalit\u00e9 en\u00a02020 n\u2019aura finalement pas \u00e9volu\u00e9 d\u2019ici la fin de mandat (en attendant la nouvelle piscine Bougainville en\u00a02027 et une \u00e9ventuelle r\u00e9habilitation de <a href=\"https:\/\/www.laprovence.com\/article\/region\/65464894765527\/marseille-la-piscine-de-bougainville-pour-2027-la-bombardiere-coincee-dans-les-tuyaux\" target=\"_blank\" rel=\"noopener\">la Bombardi\u00e8re<\/a> esp\u00e9r\u00e9e \u00e0 la m\u00eame date). La Ville semble donc contrainte de mettre l\u2019accent sur l\u2019existant. Et a fait le choix politique de renforcer ses programmes d\u2019apprentissage de la nage, n\u00e9cessaires alors que dans le nord de la ville un \u00e9l\u00e8ve sur deux arrive en 6e sans savoir nager. \u00ab\u00a0En\u00a02024, plus de 1\u00a0467 enfants ont ainsi b\u00e9n\u00e9fici\u00e9 de ces dispositifs\u00a0\u00bb, indique la Ville, qui vise les \u00ab\u00a03\u00a0400 enfants form\u00e9s \u00e0 l\u2019\u00e9t\u00e9\u00a02025\u00a0\u00bb.<\/p>\n<p>Quant aux bassins totalement ferm\u00e9s, la Ville avance \u00ab\u00a0des travaux de maintenance ou de r\u00e9novation indispensables\u00a0\u00bb (\u00e0 La Martine par exemple\u00a0: reprise de la coupole, du solarium et du parvis d\u2019entr\u00e9e, pour 183\u00a0000\u00a0euros\u00a0; \u00e0 Pont-de-Vivaux\u00a0: derni\u00e8re phase de travaux de r\u00e9novation pour un total de 150\u00a0000\u00a0euros), la n\u00e9cessit\u00e9 de \u00ab\u00a0reposer les installations, apr\u00e8s une forte sollicitation en p\u00e9riode scolaire\u00a0\u00bb mais aussi \u00ab\u00a0la gestion des ressources humaines, dans un contexte de p\u00e9nurie nationale de ma\u00eetres-nageurs\u00a0\u00bb. Et si les horaires estivaux n\u2019ont pas \u00e9volu\u00e9 cette ann\u00e9e, la municipalit\u00e9 promet que cinq piscines seront ouvertes d\u00e8s 7h \u00e0 la rentr\u00e9e (\u00e0 Magnac, Vallier, Saint-Charles, Louis-Armand et La Castellane) renfor\u00e7ant ainsi \u00ab\u00a0les 47\u00a0heures hebdomadaires d\u2019ouverture suppl\u00e9mentaire depuis janvier\u00a0\u00bb sur l\u2019ensemble de ses \u00e9quipements.<\/p>\n<p><a target=\"_self\" aria-label=\"Acc\u00e9der au dossier Id\u00e9es sorties\" class=\"w-full h-full flex flex-row rounded-lg\" data-xiti-chapter1=\"dossier\" data-xiti-chapter2=\"tag\" type=\"navigation\" href=\"https:\/\/www.laprovence.com\/dossiers\/125145\/idees-sorties\" rel=\"noopener\"><img alt=\"Illustration du dossier Id\u00e9es sorties\" loading=\"lazy\" decoding=\"async\" data-nimg=\"fill\" class=\"rounded-lg\" style=\"position:absolute;height:100%;width:100%;left:0;top:0;right:0;bottom:0;object-fit:cover;color:transparent\"   src=\"https:\/\/www.europesays.com\/fr\/wp-content\/uploads\/2025\/07\/1753640176_457_la-fete-foraine-d-aix-a-ouvert-ses-portes-aux-visiteurs-samedi-8-fevrier-2025-1739171705_29c17869c8a.jpeg\"\/><\/a><\/p>\n","protected":false},"excerpt":{"rendered":"\u00ab\u00a0Faire avec le patrimoine existant.\u00a0\u00bb La phrase lanc\u00e9e il y a deux ans par l\u2019ancien adjoint municipal aux&hellip;\n","protected":false},"author":2,"featured_media":277905,"comment_status":"","ping_status":"","sticky":false,"template":"","format":"standard","meta":{"footnotes":""},"categories":[2814],"tags":[17,1111,11,36746,1777,674,12009,1011,27,27499,10093,884,12,18812,882,16,25,41730],"class_list":{"0":"post-277904","1":"post","2":"type-post","3":"status-publish","4":"format-standard","5":"has-post-thumbnail","7":"category-marseille","8":"tag-17","9":"tag-actu","10":"tag-actualites","11":"tag-baigner","12":"tag-eu","13":"tag-europe","14":"tag-fermees","15":"tag-fr","16":"tag-france","17":"tag-gratuite","18":"tag-horaires","19":"tag-marseille","20":"tag-news","21":"tag-piscines","22":"tag-provence-alpes-cote-dazur","23":"tag-region","24":"tag-republique-francaise","25":"tag-surfrequentation"},"share_on_mastodon":{"url":"https:\/\/pubeurope.com\/@fr\/114926569787664035","error":""},"_links":{"self":[{"href":"https:\/\/www.europesays.com\/fr\/wp-json\/wp\/v2\/posts\/277904","targetHints":{"allow":["GET"]}}],"collection":[{"href":"https:\/\/www.europesays.com\/fr\/wp-json\/wp\/v2\/posts"}],"about":[{"href":"https:\/\/www.europesays.com\/fr\/wp-json\/wp\/v2\/types\/post"}],"author":[{"embeddable":true,"href":"https:\/\/www.europesays.com\/fr\/wp-json\/wp\/v2\/users\/2"}],"replies":[{"embeddable":true,"href":"https:\/\/www.europesays.com\/fr\/wp-json\/wp\/v2\/comments?post=277904"}],"version-history":[{"count":0,"href":"https:\/\/www.europesays.com\/fr\/wp-json\/wp\/v2\/posts\/277904\/revisions"}],"wp:featuredmedia":[{"embeddable":true,"href":"https:\/\/www.europesays.com\/fr\/wp-json\/wp\/v2\/media\/277905"}],"wp:attachment":[{"href":"https:\/\/www.europesays.com\/fr\/wp-json\/wp\/v2\/media?parent=277904"}],"wp:term":[{"taxonomy":"category","embeddable":true,"href":"https:\/\/www.europesays.com\/fr\/wp-json\/wp\/v2\/categories?post=277904"},{"taxonomy":"post_tag","embeddable":true,"href":"https:\/\/www.europesays.com\/fr\/wp-json\/wp\/v2\/tags?post=277904"}],"curies":[{"name":"wp","href":"https:\/\/api.w.org\/{rel}","templated":true}]}}