{"id":27791,"date":"2025-04-15T22:54:30","date_gmt":"2025-04-15T22:54:30","guid":{"rendered":"https:\/\/www.europesays.com\/fr\/27791\/"},"modified":"2025-04-15T22:54:30","modified_gmt":"2025-04-15T22:54:30","slug":"non-cette-boulangerie-du-centre-na-pas-ete-la-cible-dune-attaque-antisemite","status":"publish","type":"post","link":"https:\/\/www.europesays.com\/fr\/27791\/","title":{"rendered":"non, cette boulangerie du centre n\u2019a pas \u00e9t\u00e9 la cible d\u2019une attaque antis\u00e9mite"},"content":{"rendered":"<p>\u00c0 l\u2019appel du collectif Strasbourg Palestine, plusieurs centaines de personnes sont parties de la place Kl\u00e9ber, samedi 12\u00a0avril vers 15 heures, pour protester contre \u00ab\u00a0le g\u00e9nocide en cours\u00a0\u00bb en Palestine. Le cort\u00e8ge avan\u00e7ait depuis quelques minutes quand il s\u2019est arr\u00eat\u00e9 au niveau de la boulangerie Dreher, 50, rue des Grandes-Arcades.<\/p>\n<p>Une altercation rapidement ma\u00eetris\u00e9e par la police<\/p>\n<p>En terrasse, \u00ab\u00a0certains membres\u00a0\u00bb de \u00ab\u00a0deux familles de touristes venus d\u2019Isra\u00ebl\u00a0\u00bb se sont \u00ab\u00a0offusqu\u00e9s de la nature de la manifestation\u00a0\u00bb, r\u00e9sume une source polici\u00e8re. Des participants font \u00e9tat d\u2019\u00ab\u00a0insultes\u00a0\u00bb et d\u2019 \u00ab\u00a0un doigt d\u2019honneur\u00a0\u00bb. \u00ab\u00a0Le ton est mont\u00e9 avec des manifestants, accentu\u00e9 par l\u2019effet de groupe\u00a0\u00bb, puis une br\u00e8ve empoignade a oppos\u00e9 une manifestante et un des touristes. Altercation vite maitris\u00e9e par la police, t\u00e9moigne un reporter des  DNA , qui a assist\u00e9 \u00e0 la fin des \u00e9changes.<\/p>\n<p>Militants et badauds ont sorti leur t\u00e9l\u00e9phone pour filmer la sc\u00e8ne. L\u2019une de ces vid\u00e9os a \u00e9t\u00e9 largement partag\u00e9e sur les r\u00e9seaux sociaux. C\u00f4t\u00e9 commerce, on voit trois policiers de la brigade sp\u00e9cialis\u00e9e de terrain du centre de Strasbourg, positionn\u00e9s devant l\u2019entr\u00e9e du magasin. \u00ab\u00a0Reculez\u00a0\u00bb, incite pos\u00e9ment l\u2019un d\u2019eux.<\/p>\n<p>    &#13;<br \/>\n    &#13;<br \/>\n    &#13;<br \/>\n    <a href=\"https:\/\/cdn-s-www.dna.fr\/images\/336aa585-40ad-4e38-b427-b300f5712404\/NW_raw\/devant-la-boulangerie-les-manifestants-pro-palestiniens-ont-agite-des-drapeaux-siffle-et-crie-avant-de-repartir-assez-rapidement-photo-dr-copie-d-ecran-facebook-1744656136.jpg\" title=\"Devant la boulangerie, les manifestants pro-palestiniens ont agit\u00e9 des drapeaux, siffl\u00e9 et cri\u00e9 avant de repartir, assez rapidement. Photo\u00a0DR -\u00a0Copie d\u2019\u00e9cran Facebook\" class=\"chocolat-image GA-tracking\" data-ga_type=\"click\" data-ga_category=\"D\u00e9tail\" data-ga_action=\"zoomer\" data-ga_label=\"aggrandir image\" target=\"_blank\" rel=\"noopener\">&#13;<br \/>\n        <img src=\"https:\/\/www.europesays.com\/fr\/wp-content\/uploads\/2025\/04\/devant-la-boulangerie-les-manifestants-pro-palestiniens-ont-agite-des-drapeaux-siffle-et-crie-avant-.jpeg\"   alt=\"Devant la boulangerie, les manifestants pro-palestiniens ont agit\u00e9 des drapeaux, siffl\u00e9 et cri\u00e9 avant de repartir, assez rapidement. Photo\u00a0DR -\u00a0Copie d\u2019\u00e9cran Facebook\" fetchpriority=\"high\" decoding=\"async\" data-mobile=\"NW_listA_M|1744656136\" data-base=\"NW_listA|1744656136\"\/>&#13;<br \/>\n    <\/a>&#13;<\/p>\n<p> Devant la boulangerie, les manifestants pro-palestiniens ont agit\u00e9 des drapeaux, siffl\u00e9 et cri\u00e9 avant de repartir, assez rapidement. Photo\u00a0DR &#8211;\u00a0Copie d\u2019\u00e9cran Facebook <\/p>\n<p>C\u00f4t\u00e9 rue, on voit les manifestants, agiter des drapeaux palestiniens. On les entend siffler et crier. \u00ab\u00a0Ces gens-l\u00e0 sont des criminels, ne r\u00e9pondez pas \u00e0 leur provocation\u00a0\u00bb, demande une militante au m\u00e9gaphone pour encourager le cort\u00e8ge \u00e0 se remettre en marche. \u00ab\u00a0La manifestation a repris son trajet\u00a0\u00bb en direction de la place du Ch\u00e2teau, via le quai des Bateliers, \u00ab\u00a0sans plus de perturbations et sans autre incident\u00a0\u00bb, confirme la police.<\/p>\n<p>Les images, elles, ont commenc\u00e9 \u00e0 tourner sur les r\u00e9seaux sociaux. Les commentaires, plus ou moins \u00e9loign\u00e9s de la r\u00e9alit\u00e9, ont pris une tournure politique.<\/p>\n<p>  L\u2019entreprise n\u2019a \u00abaucun lien avec quelconque conflit g\u00e9opolitique\u00bb<\/p>\n<p>\u00ab\u00a0Ces \u201cmanifestants\u201d instrumentalisent les r\u00e9elles souffrances du peuple palestinien pour d\u00e9verser leurs haines antis\u00e9mites \u00bb, a\u00a0comment\u00e9 la conseill\u00e8re municipale, <a href=\"https:\/\/www.dna.fr\/politique\/2024\/09\/05\/pour-pernelle-richardot-la-rentree-a-strasbourg-est-synonyme-de-sortie\" target=\"_blank\" rel=\"noopener\">Pernelle Richardot<\/a>\u00a0, sur Facebook dimanche soir.<\/p>\n<p>\u00ab\u00a0Les images d\u2019une boulangerie \u00e0 Strasbourg, prise pour cible parce que consid\u00e9r\u00e9e comme tenue par des juifs, sont insoutenables\u00a0\u00bb, a embray\u00e9\u00a0<a href=\"https:\/\/www.dna.fr\/elections\/2025\/03\/18\/etienne-loos-lance-l-idee-d-un-futur-pentagone-europeen-base-a-strasbourg\" target=\"_blank\" rel=\"noopener\">\u00c9tienne Loos<\/a>, candidat malheureux aux l\u00e9gislatives de 2024 dans la premi\u00e8re circonscription du Bas-Rhin (Strasbourg-Centre). \u00ab\u00a0Merci aux forces de l\u2019ordre qui se sont interpos\u00e9es, mais que se serait-il pass\u00e9 sans leur pr\u00e9sence\u00a0?\u00a0\u00bb s\u2019est interrog\u00e9 le potentiel candidat \u00e0 l\u2019\u00e9lection municipale de 2026 \u00e0 Strasbourg.<\/p>\n<p>  Une tournure nationale<\/p>\n<p>\u00ab\u00a0Voil\u00e0, on y est, les manifestants chauff\u00e9s \u00e0 blanc par les partis d\u2019extr\u00eame gauche antis\u00e9mites s\u2019en prennent maintenant aux commerces \u201cjuifs\u201d comme en 33, la boulangerie Dreher\u00a0\u00bb, s\u2019est \u00e9mu sur le m\u00eame r\u00e9seau <a href=\"https:\/\/www.dna.fr\/politique\/2025\/01\/07\/thierry-roos-tant-de-vies-pour-un-chevalier\" target=\"_blank\" rel=\"noopener\">Thierry Roos<\/a> , vice-pr\u00e9sident d\u2019honneur du Consistoire isra\u00e9lite du Bas-Rhin. [\u2026]. Il serait temps d\u2019interdire de telles manifestations mettant en danger les commer\u00e7ants et leurs clients de moins en moins nombreux \u00e0 Strasbourg Centre. [\u2026] Toute ma solidarit\u00e9 avec la famille Dreher [\u2026]\u00a0\u00bb<\/p>\n<p>Le patron, Benjamin Dreher, s\u2019en \u00e9tonne\u00a0: \u00ab\u00a0On est une entreprise familiale de Kehl. On n\u2019a aucun lien avec un quelconque conflit g\u00e9opolitique.\u00a0\u00bb L\u2019entrepreneur, \u00e0 la t\u00eate d\u2019une quinzaine d\u2019\u00e9tablissements en Allemagne et de trois autres \u00e0 Strasbourg, pr\u00e9cise qu\u2019il n\u2019y a \u00ab\u00a0pas eu de d\u00e9g\u00e2ts\u00a0\u00bb dans sa boulangerie. \u00ab\u00a0Les vendeuses, habitu\u00e9es \u00e0 voir passer les manifestations, ne se sont rendu compte de rien\u00a0\u00bb, ajoute-t-il, m\u00e9dus\u00e9 par les proportions que prend l\u2019affaire.<\/p>\n<p>M\u00eame la ministre de l\u2019\u00c9galit\u00e9 entre les femmes et les hommes et de la lutte contre les discriminations, <a href=\"https:\/\/www.dna.fr\/p\/aurore-berge-femme-politique-francaise\" target=\"_blank\" rel=\"noopener\">Aurore Berg\u00e9<\/a>, y est all\u00e9e de sa publication sur \u00ab\u00a0X\u00a0\u00bb dans la soir\u00e9e de dimanche. \u00ab\u00a0Une boulangerie prise d\u2019assaut \u00e0 Strasbourg car elle serait isra\u00e9lienne [\u2026]. L\u2019antis\u00e9mitisme dans notre pays a tu\u00e9 ces derni\u00e8res ann\u00e9es. [\u2026] L\u2019\u00c9tat agit, est et sera implacable. Mais c\u2019est toute la soci\u00e9t\u00e9 qui doit maintenant r\u00e9agir et agir.\u00a0\u00bb<\/p>\n<p>  \u00ab\u00a0Un manque de respect pour toutes les victimes d&rsquo;hier, d&rsquo;aujourd&rsquo;hui et de demain !\u00a0\u00bb<\/p>\n<p>\u00ab\u00a0Non mais Madame la ministre, fallait rechercher un minimum\u00a0! Fallait au moins t\u00e9l\u00e9phoner \u00e0 la boulangerie\u00a0\u00bb, a r\u00e9agi dans une vid\u00e9o post\u00e9e sur Facebook un certain \u00ab\u00a0Zek TL\u00a0\u00bb qui se pr\u00e9sente comme \u00ab\u00a0le responsable du service d\u2019ordre\u00a0\u00bb de la manifestation, d\u00e9non\u00e7ant \u00ab\u00a0une grosse fake news\u00a0\u00bb.<\/p>\n<p>Il en va de m\u00eame pour l&rsquo;adjointe \u00e0 la maire de Strasbourg Nadia Zourgui, qui a d\u00e9nonc\u00e9 sur Facebook\u00a0 les \u00ab\u00a0fausses informations partag\u00e9es de multiples fois\u00a0\u00bb sur la toile. \u00ab\u00a0C&rsquo;est indigne, et c&rsquo;est un manque de respect pour toutes les victimes d&rsquo;hier, d&rsquo;aujourd&rsquo;hui et de demain ! Et cela quel que soit le bord politique !\u00a0\u00bb, a-t-elle ajout\u00e9 avant de remercier la police nationale pour son travail.<\/p>\n<p>\u00ab\u00a0L\u2019incident totalement isol\u00e9 est clos\u00a0\u00bb, a assur\u00e9 le Collectif Strasbourg Palestine lundi 14\u00a0avril dans un communiqu\u00e9. La terrasse de la boulangerie Dreher avait retrouv\u00e9 son calme habituel.<\/p>\n<p class=\"note\">La plupart des publications et commentaires affich\u00e9s sur les r\u00e9seaux sociaux ont \u00e9t\u00e9 supprim\u00e9s ou amend\u00e9s au cours de la journ\u00e9e de lundi 14\u00a0avril.<\/p>\n","protected":false},"excerpt":{"rendered":"\u00c0 l\u2019appel du collectif Strasbourg Palestine, plusieurs centaines de personnes sont parties de la place Kl\u00e9ber, samedi 12\u00a0avril&hellip;\n","protected":false},"author":2,"featured_media":27792,"comment_status":"","ping_status":"","sticky":false,"template":"","format":"standard","meta":{"footnotes":""},"categories":[2820],"tags":[1111,11,9771,2880,1777,674,274,107,1011,27,775,12,25,640,2879],"class_list":{"0":"post-27791","1":"post","2":"type-post","3":"status-publish","4":"format-standard","5":"has-post-thumbnail","7":"category-strasbourg","8":"tag-actu","9":"tag-actualites","10":"tag-desinfox","11":"tag-edition-strasbourg","12":"tag-eu","13":"tag-europe","14":"tag-faits-divers-justice","15":"tag-fil-info","16":"tag-fr","17":"tag-france","18":"tag-grand-est","19":"tag-news","20":"tag-republique-francaise","21":"tag-strasbourg","22":"tag-strasbourg-ville"},"share_on_mastodon":{"url":"https:\/\/pubeurope.com\/@fr\/114344444946271247","error":""},"_links":{"self":[{"href":"https:\/\/www.europesays.com\/fr\/wp-json\/wp\/v2\/posts\/27791","targetHints":{"allow":["GET"]}}],"collection":[{"href":"https:\/\/www.europesays.com\/fr\/wp-json\/wp\/v2\/posts"}],"about":[{"href":"https:\/\/www.europesays.com\/fr\/wp-json\/wp\/v2\/types\/post"}],"author":[{"embeddable":true,"href":"https:\/\/www.europesays.com\/fr\/wp-json\/wp\/v2\/users\/2"}],"replies":[{"embeddable":true,"href":"https:\/\/www.europesays.com\/fr\/wp-json\/wp\/v2\/comments?post=27791"}],"version-history":[{"count":0,"href":"https:\/\/www.europesays.com\/fr\/wp-json\/wp\/v2\/posts\/27791\/revisions"}],"wp:featuredmedia":[{"embeddable":true,"href":"https:\/\/www.europesays.com\/fr\/wp-json\/wp\/v2\/media\/27792"}],"wp:attachment":[{"href":"https:\/\/www.europesays.com\/fr\/wp-json\/wp\/v2\/media?parent=27791"}],"wp:term":[{"taxonomy":"category","embeddable":true,"href":"https:\/\/www.europesays.com\/fr\/wp-json\/wp\/v2\/categories?post=27791"},{"taxonomy":"post_tag","embeddable":true,"href":"https:\/\/www.europesays.com\/fr\/wp-json\/wp\/v2\/tags?post=27791"}],"curies":[{"name":"wp","href":"https:\/\/api.w.org\/{rel}","templated":true}]}}