{"id":277910,"date":"2025-07-27T18:19:12","date_gmt":"2025-07-27T18:19:12","guid":{"rendered":"https:\/\/www.europesays.com\/fr\/277910\/"},"modified":"2025-07-27T18:19:12","modified_gmt":"2025-07-27T18:19:12","slug":"lyon-1er-bientot-30-ans-dactivite-le-skateshop-wall-street-a-toujours-tenu-bon","status":"publish","type":"post","link":"https:\/\/www.europesays.com\/fr\/277910\/","title":{"rendered":"Lyon 1er. Bient\u00f4t 30 ans d\u2019activit\u00e9, le Skateshop Wall Street\u00a0: \u00ab\u00a0A toujours tenu bon\u00a0\u00bb"},"content":{"rendered":"<p>Lyon est une ville extr\u00eamement reconnue \u00e0 l\u2019internationale pour sa sc\u00e8ne skate, et ce, pour de multiples raisons\u00a0:<\/p>\n<p>Spots c\u00e9l\u00e8bres et skateurs incontournables<\/p>\n<p>La premi\u00e8re \u00e9tant la quantit\u00e9 de skateparks et de \u00ab\u00a0spots\u00a0\u00bb (les endroits propices au skateboard dans la rue) sur la r\u00e9gion lyonnaise, la fameuse place Louis Pradel en t\u00eate de liste. On compte \u00e9galement dans la capitale des Gaules un certain nombre de marques locales et internationales.<\/p>\n<p>Les personnalit\u00e9s du monde de la planche sont nombreuses \u00e0 Lyon comme J\u00e9r\u00e9mie Daclin ou Aur\u00e9lien Giraud. Ces deux gaillards ont d\u2019ailleurs en&#8230;<\/p>\n","protected":false},"excerpt":{"rendered":"Lyon est une ville extr\u00eamement reconnue \u00e0 l\u2019internationale pour sa sc\u00e8ne skate, et ce, pour de multiples raisons\u00a0:&hellip;\n","protected":false},"author":2,"featured_media":277911,"comment_status":"","ping_status":"","sticky":false,"template":"","format":"standard","meta":{"footnotes":""},"categories":[1889],"tags":[1111,11,2430,4406,33,2757,1777,674,1011,27,2428,7789,2801,12,25],"class_list":{"0":"post-277910","1":"post","2":"type-post","3":"status-publish","4":"format-standard","5":"has-post-thumbnail","7":"category-lyon","8":"tag-actu","9":"tag-actualites","10":"tag-auvergne-rhone-alpes","11":"tag-commerce-et-services","12":"tag-economie","13":"tag-edition-lyon-villeurbanne","14":"tag-eu","15":"tag-europe","16":"tag-fr","17":"tag-france","18":"tag-lyon","19":"tag-lyon-1er","20":"tag-lyon-1er-arrondissement","21":"tag-news","22":"tag-republique-francaise"},"share_on_mastodon":{"url":"https:\/\/pubeurope.com\/@fr\/114926581339527156","error":""},"_links":{"self":[{"href":"https:\/\/www.europesays.com\/fr\/wp-json\/wp\/v2\/posts\/277910","targetHints":{"allow":["GET"]}}],"collection":[{"href":"https:\/\/www.europesays.com\/fr\/wp-json\/wp\/v2\/posts"}],"about":[{"href":"https:\/\/www.europesays.com\/fr\/wp-json\/wp\/v2\/types\/post"}],"author":[{"embeddable":true,"href":"https:\/\/www.europesays.com\/fr\/wp-json\/wp\/v2\/users\/2"}],"replies":[{"embeddable":true,"href":"https:\/\/www.europesays.com\/fr\/wp-json\/wp\/v2\/comments?post=277910"}],"version-history":[{"count":0,"href":"https:\/\/www.europesays.com\/fr\/wp-json\/wp\/v2\/posts\/277910\/revisions"}],"wp:featuredmedia":[{"embeddable":true,"href":"https:\/\/www.europesays.com\/fr\/wp-json\/wp\/v2\/media\/277911"}],"wp:attachment":[{"href":"https:\/\/www.europesays.com\/fr\/wp-json\/wp\/v2\/media?parent=277910"}],"wp:term":[{"taxonomy":"category","embeddable":true,"href":"https:\/\/www.europesays.com\/fr\/wp-json\/wp\/v2\/categories?post=277910"},{"taxonomy":"post_tag","embeddable":true,"href":"https:\/\/www.europesays.com\/fr\/wp-json\/wp\/v2\/tags?post=277910"}],"curies":[{"name":"wp","href":"https:\/\/api.w.org\/{rel}","templated":true}]}}