{"id":277912,"date":"2025-07-27T18:22:12","date_gmt":"2025-07-27T18:22:12","guid":{"rendered":"https:\/\/www.europesays.com\/fr\/277912\/"},"modified":"2025-07-27T18:22:12","modified_gmt":"2025-07-27T18:22:12","slug":"un-jeune-motard-meurt-percute-par-une-voiture-le-chauffeur-en-fuite","status":"publish","type":"post","link":"https:\/\/www.europesays.com\/fr\/277912\/","title":{"rendered":"un jeune motard meurt percut\u00e9 par une voiture, le chauffeur en fuite"},"content":{"rendered":"<p>            Par<br \/>\n        <strong><br \/>\n            <a href=\"https:\/\/actu.fr\/auteur\/redaction-valdemarne\" title=\"Consulter tous les articles de R\u00e9daction Val de Marne\" target=\"_blank\" rel=\"noopener\">R\u00e9daction Val de Marne<\/a><br \/>\n        <\/strong><\/p>\n<p>        Publi\u00e9 le<\/p>\n<p>            27 juil. 2025 \u00e0 19h17        <\/p>\n<p>Que s\u2019est-il pass\u00e9 samedi 26\u00a0juillet 2025 au soir, \u00e0 <a href=\"https:\/\/actu.fr\/ile-de-france\/creteil_94028\" target=\"_blank\" rel=\"noopener\">Cr\u00e9teil<\/a>, pour en arriver \u00e0 une issue aussi dramatique\u2009? Un jeune homme a perdu la vie, \u00e0 proximit\u00e9 du rond-point du Village. Il circulait \u00e0 moto lorsqu\u2019il a \u00e9t\u00e9 percut\u00e9 par une voiture.<\/p>\n<p>Aucune interpellation \u00e0 cette heure<\/p>\n<p class=\" wall-content\">La sc\u00e8ne, d\u00e9crite comme tr\u00e8s violente par des t\u00e9moins qui se sont exprim\u00e9s sur un groupe Facebook d\u2019habitants, a donn\u00e9 lieu \u00e0 l\u2019intervention rapide des <a href=\"https:\/\/actu.fr\/tag\/brigade-de-sapeurs-pompiers-de-paris\" target=\"_blank\" rel=\"noopener\">secours<\/a> qui, sur place, n\u2019ont pas r\u00e9ussi \u00e0 r\u00e9animer la victime.<\/p>\n<p class=\" wall-content\">Selon nos informations, le ou la conductrice du v\u00e9hicule a pris la fuite. Aucun suspect n\u2019a \u00e0 cette heure \u00e9t\u00e9 interpell\u00e9, nous indique le parquet, qui a ouvert une enqu\u00eate pour homicide involontaire avec d\u00e9lit de fuite.<\/p>\n<p class=\" wall-content\">Suivez toute l\u2019actualit\u00e9 de vos villes et m\u00e9dias favoris en vous inscrivant \u00e0 <a href=\"https:\/\/moncompte.actu.fr\" title=\"D\u00e9couvez Mon Actu\" rel=\"nofollow noopener\" data-trk=\"{&quot;cta&quot;:{&quot;action&quot;:&quot;https:\\\/\\\/moncompte.actu.fr&quot;,&quot;category&quot;:&quot;mon compte&quot;,&quot;from&quot;:&quot;article footer&quot;,&quot;name&quot;:&quot;Mon actu&quot;,&quot;type&quot;:&quot;cta&quot;}}\" target=\"_blank\">Mon Actu<\/a>.<\/p>\n","protected":false},"excerpt":{"rendered":"Par R\u00e9daction Val de Marne Publi\u00e9 le 27 juil. 2025 \u00e0 19h17 Que s\u2019est-il pass\u00e9 samedi 26\u00a0juillet 2025&hellip;\n","protected":false},"author":2,"featured_media":277913,"comment_status":"","ping_status":"","sticky":false,"template":"","format":"standard","meta":{"footnotes":""},"categories":[1888],"tags":[119,1111,1928,11,1927,3056,1777,674,118,1011,27,12,1926,626,1925,1072,25],"class_list":{"0":"post-277912","1":"post","2":"type-post","3":"status-publish","4":"format-standard","5":"has-post-thumbnail","7":"category-paris","8":"tag-accident","9":"tag-actu","10":"tag-actu-paris","11":"tag-actualites","12":"tag-actualites-paris","13":"tag-brigade-de-sapeurs-pompiers-de-paris","14":"tag-eu","15":"tag-europe","16":"tag-faits-divers","17":"tag-fr","18":"tag-france","19":"tag-news","20":"tag-news-paris","21":"tag-paris","22":"tag-paris-news","23":"tag-police","24":"tag-republique-francaise"},"share_on_mastodon":{"url":"https:\/\/pubeurope.com\/@fr\/114926593241302510","error":""},"_links":{"self":[{"href":"https:\/\/www.europesays.com\/fr\/wp-json\/wp\/v2\/posts\/277912","targetHints":{"allow":["GET"]}}],"collection":[{"href":"https:\/\/www.europesays.com\/fr\/wp-json\/wp\/v2\/posts"}],"about":[{"href":"https:\/\/www.europesays.com\/fr\/wp-json\/wp\/v2\/types\/post"}],"author":[{"embeddable":true,"href":"https:\/\/www.europesays.com\/fr\/wp-json\/wp\/v2\/users\/2"}],"replies":[{"embeddable":true,"href":"https:\/\/www.europesays.com\/fr\/wp-json\/wp\/v2\/comments?post=277912"}],"version-history":[{"count":0,"href":"https:\/\/www.europesays.com\/fr\/wp-json\/wp\/v2\/posts\/277912\/revisions"}],"wp:featuredmedia":[{"embeddable":true,"href":"https:\/\/www.europesays.com\/fr\/wp-json\/wp\/v2\/media\/277913"}],"wp:attachment":[{"href":"https:\/\/www.europesays.com\/fr\/wp-json\/wp\/v2\/media?parent=277912"}],"wp:term":[{"taxonomy":"category","embeddable":true,"href":"https:\/\/www.europesays.com\/fr\/wp-json\/wp\/v2\/categories?post=277912"},{"taxonomy":"post_tag","embeddable":true,"href":"https:\/\/www.europesays.com\/fr\/wp-json\/wp\/v2\/tags?post=277912"}],"curies":[{"name":"wp","href":"https:\/\/api.w.org\/{rel}","templated":true}]}}