{"id":277916,"date":"2025-07-27T18:24:10","date_gmt":"2025-07-27T18:24:10","guid":{"rendered":"https:\/\/www.europesays.com\/fr\/277916\/"},"modified":"2025-07-27T18:24:10","modified_gmt":"2025-07-27T18:24:10","slug":"le-fou-du-tour-de-france-une-vasque-pour-gaza-le-recap-de-linfo-du-week-end-a-paris-et-en-ile-de-france","status":"publish","type":"post","link":"https:\/\/www.europesays.com\/fr\/277916\/","title":{"rendered":"Le fou du Tour de France, une vasque pour Gaza&#8230; Le r\u00e9cap de l&rsquo;info du week-end \u00e0 Paris et en \u00cele-de-France"},"content":{"rendered":"<p>            Par<br \/>\n        <strong><br \/>\n            <a href=\"https:\/\/actu.fr\/auteur\/redaction-paris\" title=\"Consulter tous les articles de R\u00e9daction Paris\" target=\"_blank\" rel=\"noopener\">R\u00e9daction Paris<\/a><br \/>\n        <\/strong><\/p>\n<p>        Publi\u00e9 le<\/p>\n<p>            27 juil. 2025 \u00e0 19h06        <\/p>\n<p>L\u2019actualit\u00e9 de dernier week-end de juillet\u00a02025 a bien entendu \u00e9t\u00e9 domin\u00e9e par la derni\u00e8re \u00e9tape du <a href=\"https:\/\/actu.fr\/tag\/tour-de-france\" target=\"_blank\" rel=\"noopener\">Tour de France<\/a>, qui a vu les coureurs s\u2019attaquer \u00e0 la Butte Montmartre avant de filer vers les Champs-\u00c9lys\u00e9es. Il n\u2019emp\u00eache, d\u2019autres informations plus ou moins r\u00e9jouissantes ont rythm\u00e9 le week-end \u00e0 <a href=\"https:\/\/actu.fr\/paris\/dernieres-actus\" target=\"_blank\" rel=\"noopener\">Paris<\/a> et en \u00cele-de-France. Coup d\u2019\u0153il dans le r\u00e9tro\u2009:<\/p>\n<p class=\" wall-content\">Il a enflamm\u00e9 la rue Lepic \u00e0 lui seul. Jean-Luc Almansa, un cycliste amateur du 10e arrondissement de Paris, a grimp\u00e9 la Butte Montmartre plus de trains 50 fois ce dimanche matin.\u00a0<\/p>\n<p class=\" wall-content\">Au soir du premier anniversaire des JO de Paris, samedi 26 juillet, la vasque olympique s\u2019est \u00e9lev\u00e9e dans le ciel de \u00ab\u2009fa\u00e7on tr\u00e8s sp\u00e9ciale\u2009\u00bb. L\u2019ONG Amnesty International y a en effet projet\u00e9 un message lumineux \u00ab\u2009Stop g\u00e9nocide \u00e0 Gaza\u2009\u00bb, afin de \u00ab\u2009rappeler le sort tragique des populations civiles\u2009\u00bb dans le territoire palestinien.<\/p>\n<p class=\" wall-content\">Le 25\u00a0juillet 1995, une bombe a explos\u00e9 dans une rame du RER B \u00e0 la station Saint-Michel. Huit personnes ont perdu la vie. Arriv\u00e9e \u00e0 proximit\u00e9 de l\u2019attentat peu apr\u00e8s, Ma\u00ef se souvient d\u2019avoir \u00ab\u2009vu des cordons de policiers et des ambulances. Dans les bars, on pouvait voir qu\u2019il y avait des civi\u00e8res. C\u2019\u00e9tait une sc\u00e8ne un peu apocalyptique.\u2009\u00bb Par la suite, et comme pour de nombreux autres usagers des transports en commun \u00e0 Paris, s\u2019asseoir dans une rame de m\u00e9tro ou de RER est devenu une source d\u2019angoisse \u00ab\u2009Du jour au lendemain, on a vu que ce n\u2019\u00e9tait pas un lieu s\u00fbr.\u2009\u00bb<\/p>\n<p class=\" wall-content\">Amoureux des animaux, le jeune homme install\u00e9 \u00e0 Levallois-Perret vend des recettes \u00e9quilibr\u00e9es, cuisin\u00e9es \u00e0 partir de bons produits, \u00e0 ceux qui cherchent une alternative qualitative aux croquettes. Il est aid\u00e9 en cela par un v\u00e9t\u00e9rinaire, et des producteurs locaux.<\/p>\n<p class=\" wall-content\">Dimanche, en pleine nuit, deux pi\u00e9tonnes ont \u00e9t\u00e9 fauch\u00e9es par un deux-roues et ont \u00e9t\u00e9 hospitalis\u00e9es dans un \u00e9tat grave. L\u2019enqu\u00eate devra d\u00e9terminer pour quelles raisons la conductrice a perdu le contr\u00f4le de son v\u00e9hicule.<\/p>\n<p class=\" wall-content\">Avec seulement 11 pompiers professionnels et 28 volontaires, la caserne de Lizy-sur-Ourcq fonctionne avec une \u00e9quipe r\u00e9duite pour couvrir un large p\u00e9rim\u00e8tre. Elle se constitue de 7 sapeurs-pompiers la journ\u00e9e et de 6 la nuit pour un bon fonctionnement. Pour assurer une meilleure couverture des interventions, elle lance un appel aux habitants \u00e2g\u00e9s de 17\u00a0ans \u00e0 55\u00a0ans, disponibles et motiv\u00e9s, pour rejoindre les rangs et devenir sapeurs-pompiers volontaires.<\/p>\n<p class=\" wall-content\">Le projet d\u2019un cin\u00e9ma \u00e0 La Fert\u00e9-sous-Jouarre, longtemps rest\u00e9 dans les cartons, semble enfin sur de bons rails. \u00c0 l\u2019initiative d\u2019Antoine Cabot, exploitant du cin\u00e9ma Les Capucins \u00e0 Coulommiers, une dynamique a \u00e9t\u00e9 relanc\u00e9e. \u00ab\u2009Nous travaillons ensemble depuis plusieurs ann\u00e9es puisque les murs du cin\u00e9ma sont propri\u00e9t\u00e9 de l\u2019Agglom\u00e9ration. Ce partenariat fonctionne tr\u00e8s bien, et l\u2019exploitant est all\u00e9 au-del\u00e0 de ses pr\u00e9visions. Il nous a donc sollicit\u00e9s pour ouvrir un cin\u00e9ma \u00e0 La Fert\u00e9-sous-Jouarre\u2009\u00bb, explique Ugo Pezzetta, maire de la ville et pr\u00e9sident de l\u2019agglom\u00e9ration.<\/p>\n<p class=\" wall-content\">Le pape L\u00e9on XIV a sign\u00e9 le 20\u00a0juin 2025 un d\u00e9cret reconnaissant le martyr de cinquante Fran\u00e7ais tu\u00e9s par le r\u00e9gime nazi. Une d\u00e9cision ouvrant la voie \u00e0 leur b\u00e9atification.<br \/>Parmi eux, se trouvent cinq Yvelinois. Quatre fr\u00e8res franciscains du couvent de Champfleury, install\u00e9 \u00e0 Carri\u00e8res-sous-Poissy, et Pierre de Porcaro, ancien vicaire de Saint-Germain-en-Laye (Yvelines), mort en 1945 \u00e0 seulement 40\u00a0ans.<\/p>\n<p class=\" wall-content\">Nomm\u00e9 vicaire de Saint-Germain-en-Laye en 1935, Pierre de Porcaro est mobilis\u00e9 en septembre\u00a01939, avant d\u2019\u00eatre fait prisonnier jusqu\u2019en 1941. Deux ans plus tard, il accepte de partir comme pr\u00eatre clandestin avec les Fran\u00e7ais qui effectuaient le STO (Service du travail obligatoire) en Allemagne. L\u00e0-bas, il se fait passer pour un simple ouvrier dans une usine \u00e0 Dresde. D\u00e9nonc\u00e9, arr\u00eat\u00e9 par la Gestapo, il sera d\u00e9port\u00e9, comme de nombreux autres hommes d\u2019\u00c9glise, dans le camp de concentration de Dachau.<\/p>\n<p class=\" wall-content\">Suivez toute l\u2019actualit\u00e9 de vos villes et m\u00e9dias favoris en vous inscrivant \u00e0 <a href=\"https:\/\/moncompte.actu.fr\" title=\"D\u00e9couvez Mon Actu\" rel=\"nofollow noopener\" data-trk=\"{&quot;cta&quot;:{&quot;action&quot;:&quot;https:\\\/\\\/moncompte.actu.fr&quot;,&quot;category&quot;:&quot;mon compte&quot;,&quot;from&quot;:&quot;article footer&quot;,&quot;name&quot;:&quot;Mon actu&quot;,&quot;type&quot;:&quot;cta&quot;}}\" target=\"_blank\">Mon Actu<\/a>.<\/p>\n","protected":false},"excerpt":{"rendered":"Par R\u00e9daction Paris Publi\u00e9 le 27 juil. 2025 \u00e0 19h06 L\u2019actualit\u00e9 de dernier week-end de juillet\u00a02025 a bien&hellip;\n","protected":false},"author":2,"featured_media":277681,"comment_status":"","ping_status":"","sticky":false,"template":"","format":"standard","meta":{"footnotes":""},"categories":[1888],"tags":[11,5581,650,1777,674,1011,27,12,626,25,104,2116],"class_list":{"0":"post-277916","1":"post","2":"type-post","3":"status-publish","4":"format-standard","5":"has-post-thumbnail","7":"category-paris","8":"tag-actualites","9":"tag-attentat","10":"tag-cinema","11":"tag-eu","12":"tag-europe","13":"tag-fr","14":"tag-france","15":"tag-news","16":"tag-paris","17":"tag-republique-francaise","18":"tag-societe","19":"tag-tour-de-france-2025"},"share_on_mastodon":{"url":"https:\/\/pubeurope.com\/@fr\/114926601581396100","error":""},"_links":{"self":[{"href":"https:\/\/www.europesays.com\/fr\/wp-json\/wp\/v2\/posts\/277916","targetHints":{"allow":["GET"]}}],"collection":[{"href":"https:\/\/www.europesays.com\/fr\/wp-json\/wp\/v2\/posts"}],"about":[{"href":"https:\/\/www.europesays.com\/fr\/wp-json\/wp\/v2\/types\/post"}],"author":[{"embeddable":true,"href":"https:\/\/www.europesays.com\/fr\/wp-json\/wp\/v2\/users\/2"}],"replies":[{"embeddable":true,"href":"https:\/\/www.europesays.com\/fr\/wp-json\/wp\/v2\/comments?post=277916"}],"version-history":[{"count":0,"href":"https:\/\/www.europesays.com\/fr\/wp-json\/wp\/v2\/posts\/277916\/revisions"}],"wp:featuredmedia":[{"embeddable":true,"href":"https:\/\/www.europesays.com\/fr\/wp-json\/wp\/v2\/media\/277681"}],"wp:attachment":[{"href":"https:\/\/www.europesays.com\/fr\/wp-json\/wp\/v2\/media?parent=277916"}],"wp:term":[{"taxonomy":"category","embeddable":true,"href":"https:\/\/www.europesays.com\/fr\/wp-json\/wp\/v2\/categories?post=277916"},{"taxonomy":"post_tag","embeddable":true,"href":"https:\/\/www.europesays.com\/fr\/wp-json\/wp\/v2\/tags?post=277916"}],"curies":[{"name":"wp","href":"https:\/\/api.w.org\/{rel}","templated":true}]}}