{"id":277917,"date":"2025-07-27T18:25:13","date_gmt":"2025-07-27T18:25:13","guid":{"rendered":"https:\/\/www.europesays.com\/fr\/277917\/"},"modified":"2025-07-27T18:25:13","modified_gmt":"2025-07-27T18:25:13","slug":"direct-tour-de-france-van-aert-simpose-en-solitaire-au-terme-dune-etape-de-folie-pogacar-remporte-sa-4e-grande-boucle","status":"publish","type":"post","link":"https:\/\/www.europesays.com\/fr\/277917\/","title":{"rendered":"DIRECT. Tour de France : Van Aert s&rsquo;impose en solitaire au terme d&rsquo;une \u00e9tape de folie, Pogacar remporte sa 4e Grande Boucle"},"content":{"rendered":"<p>20:17<\/p>\n<p>Ballerini \u00e0 Eurosport : \u00ab Personne n&rsquo;avait les jambes pour le suivre \u00bb<\/p>\n<p>\u00ab Il n&rsquo;y a qu&rsquo;un vainqueur. J&rsquo;ai tout donn\u00e9. Tadej a montr\u00e9 qu&rsquo;il voulait la victoire d\u00e8s le deuxi\u00e8me passage. Sur le troisi\u00e8me passage ils ont d\u00e9marr\u00e9 avant. Ensuite Van Aert a attaqu\u00e9 et personne n&rsquo;avait les jambes pour le suivre. \u00bb<\/p>\n<p>20:16<\/p>\n<p>Mohoric \u00e0 Eurosport : \u00ab J&rsquo;esp\u00e9rais beaucoup \u00bb<\/p>\n<p>\u00ab Tadej \u00e9tait trop fort. Wout a prouv\u00e9 qu&rsquo;il \u00e9tait encore plus fort dans la derni\u00e8re mont\u00e9e. Il a montr\u00e9 son intelligence. J&rsquo;esp\u00e9rais beaucoup. Je n&rsquo;ai pas jou\u00e9 ma carte parce que je ne voulais pas me retrouver \u00e0 l&rsquo;h\u00f4pital ce soir. \u00bb<\/p>\n<p>20:15<\/p>\n<p>Van Aert pour Eurosport : \u00ab C&rsquo;\u00e9tait une journ\u00e9e difficile \u00bb<\/p>\n<p>\u00ab C&rsquo;\u00e9tait une journ\u00e9e tr\u00e8s sp\u00e9ciale, m&rsquo;imposer encore ici, la premi\u00e8re fois en passant par Montmartre. C&rsquo;\u00e9tait une journ\u00e9e difficile, j&rsquo;ai eu le soutien des mes co\u00e9quipiers. Sans eux je n&rsquo;aurais pas pu contr\u00f4ler la course et partir comme \u00e7a dans la 3e mont\u00e9e. J&rsquo;ai aussi viser les 20 \u00e9tapes pr\u00e9c\u00e9dentes. J&rsquo;ai \u00e9t\u00e9 proche parfois. La chose la plus difficile, c&rsquo;\u00e9tait de continuer d&rsquo;y croire.<\/p>\n<p>On \u00e9tait venus avec l&rsquo;ambition de remporter le Maillot Jaune. Mais le meilleur a gagn\u00e9. On a essay\u00e9 de lui donner du fil \u00e0 retordre. On va rentrer avec pas mal de lots de consolation. \u00bb<\/p>\n<p>20:10<\/p>\n<p>V. Paret-Peintre pour Eurosport : \u00ab Jouer le classement g\u00e9n\u00e9ral dans les ann\u00e9es \u00e0 venir \u00bb<\/p>\n<p>\u00ab Je me suis bien amus\u00e9. Je n&rsquo;\u00e9tais pourtant pas trop pour ce circuit. Le bilan n&rsquo;est pas mauvais pour les Fran\u00e7ais, avec deux gars dans le Top 10. Dans les ann\u00e9es \u00e0 venir je n&rsquo;ai jamais cach\u00e9 mon ambition de jouer le classement g\u00e9n\u00e9ral. \u00bb<\/p>\n<p>20:03<\/p>\n<p>Le pr\u00e9sident salue la victoire finale de Pogacar<\/p>\n<blockquote class=\"twitter-tweet\" align=\"center\">\n<p lang=\"fr\" dir=\"ltr\">La beaut\u00e9, l\u2019effort, la ferveur\u00a0: c\u2019est la France\u00a0!<\/p>\n<p>Bravo \u00e0 <a href=\"https:\/\/twitter.com\/TamauPogi?ref_src=twsrc%5Etfw\" rel=\"nofollow noopener\" target=\"_blank\">@TamauPogi<\/a> pour cette quatri\u00e8me victoire du Tour. Un Tour de France s&rsquo;ach\u00e8ve, un autre a d\u00e9j\u00e0 commenc\u00e9\u00a0: bonne route et bonne chance \u00e0 toutes les coureuses. <a href=\"https:\/\/t.co\/pBjiPMW2wl\" rel=\"nofollow\">pic.twitter.com\/pBjiPMW2wl<\/a><\/p>\n<p>\u2014 Emmanuel Macron (@EmmanuelMacron) <a href=\"https:\/\/twitter.com\/EmmanuelMacron\/status\/1949528664443621632?ref_src=twsrc%5Etfw\" rel=\"nofollow noopener\" target=\"_blank\">July 27, 2025<\/a><\/p><\/blockquote>\n<p>20:00<\/p>\n<p>Emmanuel Hubert (manager Arkea) \u00e0 France TV : \u00ab Un vrai champion fran\u00e7ais \u00bb<\/p>\n<p>\u00ab Quand on voit les jambes p\u00e9tillantes de K\u00e9vin on ne peut que avoir ce plaisir. On est dans les pr\u00e9mices d&rsquo;un vrai champion fran\u00e7ais. Il est fin pr\u00eat pour aller tout l\u00e0-haut. \u00bb<\/p>\n<p>19:53<\/p>\n<p>Vauquelin au micro de France TV : \u00ab Je voulais me battre \u00bb<\/p>\n<p>\u00ab C&rsquo;\u00e9tait incroyable. Malgr\u00e9 la pluie, c&rsquo;\u00e9tait une caisse de r\u00e9sonnance incroyable. J&rsquo;avais juste envie de mettre des grosses attaques.<\/p>\n<p>Je voulais me battre. Aux JO, je n&rsquo;avais pas \u00e9t\u00e9 au top de ma forme. Je voulais profiter de ce Tour. Je me nourri du public.<\/p>\n<p>J&rsquo;ai eu peur d&rsquo;une mauvaise chute. j&rsquo;\u00e9tais peut-\u00eatre un peu plus sur le freins. Je faisais attention. La pluie ne me d\u00e9range pas.<\/p>\n<p>Je pense que le public a aim\u00e9. C&rsquo;\u00e9tait une course d\u00e9brid\u00e9e. C&rsquo;est bien que cela ne soit pas que des sprinteurs qui remportent les Champs. \u00bb<\/p>\n<p>19:46<\/p>\n<p>Clap de fin Pour Geraint Thomas<\/p>\n<p>19:44<\/p>\n<p>19:37<\/p>\n<p>Van Aert s&rsquo;impose en solitaire sur les Champs-Elys\u00e9es !!!<\/p>\n<p>D\u00e9j\u00e0 vainqueur sur les Champs-Elys\u00e9es en 2021 au sprint, le Belge a dompt\u00e9 Montmartre pour s&rsquo;imposer en solitaire au terme d&rsquo;une derni\u00e8re \u00e9tape de folie. Ballerini prend la deuxi\u00e8me place devant Mohoric et Pogacar qui remporte son 4e Tour de France.<\/p>\n<p>19:35<\/p>\n<p>L&rsquo;attaque de Van Aert en vid\u00e9o\u00a0<\/p>\n<p>19:34<\/p>\n<p>1 km. Cela sent bon pour Van Aert !<\/p>\n<p>Il a plus de 20 secondes d&rsquo;avance sur le deuxi\u00e8me \u00e9chelon.<\/p>\n<p>19:31<\/p>\n<p>4 km. Dix secondes d&rsquo;avance pour Van Aert<\/p>\n<p>Le coureur de la Visma &#8211; Lease a Bike a d\u00e9j\u00e0 10 secondes d&rsquo;avance sur Pogacar.<\/p>\n<p>19:30<\/p>\n<p>6 km. Van Aert l\u00e2che Pogacar et passe seul en t\u00eate du dernier passage \u00e0 Montmartre !<\/p>\n<p>Le Belge est fort ! Apr\u00e8s avoir suivi une attaque de Pogacar qui a l\u00e2ch\u00e9 tout le monde sauf lui, il a ensuite contr\u00e9 le Slov\u00e8ne.<\/p>\n<p>19:26<\/p>\n<p>8 km. Van Aert prend de l&rsquo;avance<\/p>\n<p>Le Belge cr\u00e9e une cassure \u00e0 l&rsquo;avant, ses partenaires d&rsquo;\u00e9chapp\u00e9e ont du mal \u00e0 revenir.<\/p>\n<p>19:23<\/p>\n<p>10 km. Jorgenson acc\u00e9l\u00e8re<\/p>\n<p>L&rsquo;Am\u00e9ricain tente de s&rsquo;en aller, mais il est tout de suite repris.<\/p>\n<p>19:20<\/p>\n<p>L&rsquo;attaque de Pogacar en vid\u00e9o\u00a0<\/p>\n<p>19:19<\/p>\n<p>13 km. L&rsquo;\u00e9cart grandi<\/p>\n<p>Les poursuivants comptent d\u00e9sormais 30 secondes de retard sur les hommes de t\u00eate. La victoire leur \u00e9chappe\u2026<\/p>\n<p>19:14<\/p>\n<p>17 km. 15 secondes de retard pour les poursuivants<\/p>\n<p>Le deuxi\u00e8me groupe, dans lequel on retrouve une vingtaine de coureurs, est point\u00e9 \u00e0 15 secondes des hommes de t\u00eate.<\/p>\n<p>19:10<\/p>\n<p>21 km. La deuxi\u00e8me attaque a fait mal<\/p>\n<p>Seuls Van Aert, Jorgenson, Trentin, Ballerini et Mohoric ont r\u00e9ussi \u00e0 suivre le Maillot Jaune.<\/p>\n<p>19:08<\/p>\n<p>23 km. Pogacar attaque encore dans le 2e passage<\/p>\n<p>Le Maillot Jaune est encore \u00e0 l&rsquo;attaque dans le rue Lepic ! Ils ne sont plus que 6.<\/p>\n<p>19:04<\/p>\n<p>L&rsquo;attaque d&rsquo;Alaphilippe en vid\u00e9o<\/p>\n<p>19:00<\/p>\n<p>29 km. Une trentaine de coureurs \u00e0 l&rsquo;avant<\/p>\n<p>On retrouve notamment Pogacar, Van Aert, De Lie, Girmay, Alaphilippe ou encore Vauquelin. Ce groupe a 30 secondes d&rsquo;avance sur un second groupe o\u00f9 l&rsquo;on retrouve le Maillot Vert Jonathan Milan.<\/p>\n<p>18:56<\/p>\n<p>Le meilleur endroit pour voir la course<\/p>\n<p>18:55<\/p>\n<p>32 km. Des cassures de partout<\/p>\n<p>Le passage \u00e0 Montmartre a fait du mal aux coureurs. De nombreux groupes sont \u00e9parpill\u00e9s un peu partout.<\/p>\n<p>18:54<\/p>\n<p>34 km. La pluie fait son retour<\/p>\n<p>Alors que les coureurs de t\u00eate retrouvent les Champs-Elys\u00e9es, la pluie recommence \u00e0 tomber.<\/p>\n<p>18:51<\/p>\n<p>36 km. Les 7 hommes de t\u00eate repris<\/p>\n<p>Cela s&rsquo;est regroup\u00e9. Tadej Pogacar et les six autres hommes de t\u00eate ont \u00e9t\u00e9 repris par leurs poursuivants. Ils sont maintenant une grosse quinzaine.<\/p>\n<p>18:49<\/p>\n<p>39 km. Pogacar passe en t\u00eate au sommet !<\/p>\n<p>Le Maillot Jaune en personne a repris Alaphilippe avant de passer en t\u00eate de la c\u00f4te de la Bute Montmartre. Ils sont moins d&rsquo;une dizaine \u00e0 l&rsquo;avant.<\/p>\n<p>18:47<\/p>\n<p>40 km. Alaphilippe d\u00e9gaine !<\/p>\n<p>Le Fran\u00e7ais est le premier \u00e0 attaquer dans la Butte Montmartre.<\/p>\n<p>18:44<\/p>\n<p>41 km. Plus qu&rsquo;un kilom\u00e8tre avant la rue Lepic<\/p>\n<p>Les coureurs se rapprochent du pied de la c\u00f4te de la Butte Montmartre.<\/p>\n<p>18:43<\/p>\n<p>42 km. La rue Lepic est pr\u00eate<\/p>\n<p>18:42<\/p>\n<p>43 km. Le duo de t\u00eate repris<\/p>\n<p>Lipowitz et Simmons ont \u00e9t\u00e9 rattrap\u00e9s par le peloton.<\/p>\n<p>18:40<\/p>\n<p>45 km. 12 secondes d&rsquo;avance pour le duo de t\u00eate<\/p>\n<p>Florian Lipowitz et Quinn Simmons sont \u00e0 l&rsquo;avant, mais n&rsquo;ont que 12 secondes d&rsquo;avance sur \u00a0le peloton.<\/p>\n<p>18:38<\/p>\n<p>47 km. La rue Lepic approche<\/p>\n<p>Les coureurs vont devoir faire attention au pied de la c\u00f4te de la Butte Montmartre qui est technique.<\/p>\n<p><img decoding=\"async\" src=\"https:\/\/www.europesays.com\/fr\/wp-content\/uploads\/2025\/07\/BGG5I5YZOFBDTELYXOG4T43JMY.jpeg\"\/>LP \/ Flavien Gagnepain<\/p>\n<p>18:34<\/p>\n<p>50 km. Les \u00e9carts sont gel\u00e9s<\/p>\n<p>Apr\u00e8s ce 4e passage sur la ligne d&rsquo;arriv\u00e9e, les \u00e9carts ne bougeront plus au g\u00e9n\u00e9ral.<\/p>\n<p>18:30<\/p>\n<p>53 km. L&rsquo;\u00e9chapp\u00e9e n&rsquo;arrive pas \u00e0 se former<\/p>\n<p>Simmons est \u00e0 l&rsquo;avant, mais aucune \u00e9chapp\u00e9e n&rsquo;arrive \u00e0 se d\u00e9tacher.<\/p>\n<p>18:27<\/p>\n<p>56 km. Milan en t\u00eate du sprint interm\u00e9diaire<\/p>\n<p>C&rsquo;est anecdotique pour son maillot vert qui est d\u00e9j\u00e0 assur\u00e9, mais Jonathan Milan est pass\u00e9 en t\u00eate de l&rsquo;unique sprint interm\u00e9diaire du jour.<\/p>\n<p>18:21<\/p>\n<p>62 km. O&rsquo;Connor cr\u00e8ve sur les Champs<\/p>\n<p>Le onzi\u00e8me du g\u00e9n\u00e9ral est le premier \u00e0 crever sur les Champs-Elys\u00e9es o\u00f9 les coureurs sont souvent victimes de crevaisons.<\/p>\n<p>18:14<\/p>\n<p>68 km. Magnus Cort Nielsen lance les hostilit\u00e9s<\/p>\n<p>Le Danois est le premier \u00e0 passer \u00e0 l&rsquo;attaque sur cette derni\u00e8re \u00e9tape.<\/p>\n<p>18:13<\/p>\n<p>70 km. Premier passage sur la ligne d&rsquo;arriv\u00e9e<\/p>\n<p>L&rsquo;\u00e9quipe UAE Team Emirates prend quelques m\u00e8tres d&rsquo;avance au moment du premier passage sur la ligne d&rsquo;arriv\u00e9e.<\/p>\n<p>18:09<\/p>\n<p>72 km. Les coureurs sont dans le Louvre<\/p>\n<p>Le peloton traverse la Cour carr\u00e9e du Louvre.<\/p>\n<p>17:58<\/p>\n<p>80 km. Le peloton entre dans Paris<\/p>\n<p>Les coureurs ont fait leur entr\u00e9e dans la capitale.<\/p>\n<p>17:55<\/p>\n<p>82 km. Un coup de balai \u00e0 Montmartre<\/p>\n<p>Avec la pluie qui tombe, on balaie la descente de la Butte Montmartre, avant le passage des coureurs. On enl\u00e8ve notamment les feuilles qui sont tomb\u00e9es.\u00a0<\/p>\n<p><img decoding=\"async\" src=\"https:\/\/www.europesays.com\/fr\/wp-content\/uploads\/2025\/07\/NTFOLRFHQZATXDHOOURFM7K46M.jpeg\"\/>LP \/ Cyril Simon<\/p>\n<p>17:51<\/p>\n<p>85 km. La tension monte dans le peloton<\/p>\n<p>A l&rsquo;approche de Paris, le rythme s&rsquo;acc\u00e9l\u00e8re encore et les coureurs se placent dans le peloton.<\/p>\n<p>17:41<\/p>\n<p>90 km. On sort les parapluies \u00e0 Montmartre<\/p>\n<p>17:35<\/p>\n<p>94 km. Le peloton est \u00e0 Versailles<\/p>\n<p>Les coureurs passent \u00e0 quelques m\u00e8tres du Ch\u00e2teau de Versailles.<\/p>\n<p>17:28<\/p>\n<p>100 km. Le rythme s&rsquo;acc\u00e9l\u00e8re<\/p>\n<p>Apr\u00e8s avoir roul\u00e9 \u00e0 moins de 30 km\/h, le peloton a acc\u00e9l\u00e9r\u00e9 pour retrouver un tempo plus habituel, aux alentours de 40 km\/h.<\/p>\n<p>17:23<\/p>\n<p>103 km. Les temps vont \u00eatre gel\u00e9s<\/p>\n<p>En raison de la pluie, les organisateurs ont d\u00e9cid\u00e9 de geler les temps au 4e passage sur la ligne d&rsquo;arriv\u00e9e \u00e0 50 kilom\u00e8tres, soit avant les boucles de Montmartre.<\/p>\n<blockquote class=\"twitter-tweet\" align=\"center\">\n<p lang=\"fr\" dir=\"ltr\">\u26a0\ufe0f Due to the weather conditions, the general classification times will be taken at the 4th crossing of the finish line, 50.3 km from the finish.<\/p>\n<p>\u26a0\ufe0f En raison des conditions m\u00e9t\u00e9orologiques, les temps au classement g\u00e9n\u00e9ral seront gel\u00e9s au 4\u00e8me passage sur la ligne d&rsquo;arriv\u00e9e, \u00e0\u2026<\/p>\n<p>\u2014 Tour de France\u2122 (@LeTour) <a href=\"https:\/\/twitter.com\/LeTour\/status\/1949490874968158281?ref_src=twsrc%5Etfw\" rel=\"nofollow noopener\" target=\"_blank\">July 27, 2025<\/a><\/p><\/blockquote>\n<p>17:14<\/p>\n<p>110 km. Pogacar se met \u00e0 rouler<\/p>\n<p>La s\u00e9ance photo est termin\u00e9e, mais on roule toujours tranquillement dans le peloton. C&rsquo;est le Maillot Jaune lui-m\u00eame qui m\u00e8ne le train.<\/p>\n<p>17:07<\/p>\n<p>115 km. <strong>\u00ab\u00a0Mathieu vend des poules\u00a0\u00bb, \u00ab\u00a0P\u00e9dale si t\u2019aimes la truffade\u00a0\u00bb\u00a0: sur le Tour, c\u2019est la folie des pancartes\u00a0!<\/strong><\/p>\n<p>Contexte<\/p>\n<p>Tout savoir sur la 21e \u00e9tape :<\/p>\n<ul>\n<li>Pour la derni\u00e8re \u00e9tape du <a href=\"https:\/\/www.leparisien.fr\/sports\/cyclisme\/tour-de-france\/\" target=\"_blank\" rel=\"nofollow noopener\">Tour de France 2025<\/a>, le peloton parcourra 132,2 km entre Mantes-la-Ville et les Champs-\u00c9lys\u00e9es.<\/li>\n<\/ul>\n<p><img decoding=\"async\" src=\"https:\/\/www.europesays.com\/fr\/wp-content\/uploads\/2025\/07\/74MJKQR75VBY3C3G7IWI45IT54.jpg\"\/>\u00a0<\/p>\n<ul>\n<li>Apr\u00e8s 60 km de course, le peloton passera pour la premi\u00e8re fois sur la ligne d&rsquo;arriv\u00e9e.<\/li>\n<li>Les trois derni\u00e8res boucles parisiennes de l&rsquo;\u00e9tape comprendront l&rsquo;ascension de la C\u00f4te de la Butte-Montmartre (1,1km \u00e0 5,9%), mais pas de quoi inqui\u00e9ter <a href=\"https:\/\/www.leparisien.fr\/sports\/cyclisme\/tadej-pogacar\/\" target=\"_blank\" rel=\"nofollow noopener\">Tadej Pogacar<\/a> sur le papier.<\/li>\n<\/ul>\n<p><script async src=\"https:\/\/platform.twitter.com\/widgets.js\" charset=\"utf-8\"><\/script><\/p>\n","protected":false},"excerpt":{"rendered":"20:17 Ballerini \u00e0 Eurosport : \u00ab Personne n&rsquo;avait les jambes pour le suivre \u00bb \u00ab Il n&rsquo;y a&hellip;\n","protected":false},"author":2,"featured_media":277918,"comment_status":"","ping_status":"","sticky":false,"template":"","format":"standard","meta":{"footnotes":""},"categories":[1888],"tags":[11,1154,3057,1777,674,1011,27,1227,12,626,25],"class_list":{"0":"post-277917","1":"post","2":"type-post","3":"status-publish","4":"format-standard","5":"has-post-thumbnail","7":"category-paris","8":"tag-actualites","9":"tag-cycling","10":"tag-essential","11":"tag-eu","12":"tag-europe","13":"tag-fr","14":"tag-france","15":"tag-horizontal","16":"tag-news","17":"tag-paris","18":"tag-republique-francaise"},"share_on_mastodon":{"url":"https:\/\/pubeurope.com\/@fr\/114926605316322258","error":""},"_links":{"self":[{"href":"https:\/\/www.europesays.com\/fr\/wp-json\/wp\/v2\/posts\/277917","targetHints":{"allow":["GET"]}}],"collection":[{"href":"https:\/\/www.europesays.com\/fr\/wp-json\/wp\/v2\/posts"}],"about":[{"href":"https:\/\/www.europesays.com\/fr\/wp-json\/wp\/v2\/types\/post"}],"author":[{"embeddable":true,"href":"https:\/\/www.europesays.com\/fr\/wp-json\/wp\/v2\/users\/2"}],"replies":[{"embeddable":true,"href":"https:\/\/www.europesays.com\/fr\/wp-json\/wp\/v2\/comments?post=277917"}],"version-history":[{"count":0,"href":"https:\/\/www.europesays.com\/fr\/wp-json\/wp\/v2\/posts\/277917\/revisions"}],"wp:featuredmedia":[{"embeddable":true,"href":"https:\/\/www.europesays.com\/fr\/wp-json\/wp\/v2\/media\/277918"}],"wp:attachment":[{"href":"https:\/\/www.europesays.com\/fr\/wp-json\/wp\/v2\/media?parent=277917"}],"wp:term":[{"taxonomy":"category","embeddable":true,"href":"https:\/\/www.europesays.com\/fr\/wp-json\/wp\/v2\/categories?post=277917"},{"taxonomy":"post_tag","embeddable":true,"href":"https:\/\/www.europesays.com\/fr\/wp-json\/wp\/v2\/tags?post=277917"}],"curies":[{"name":"wp","href":"https:\/\/api.w.org\/{rel}","templated":true}]}}